{"id":853536,"date":"2025-07-18T16:49:21","date_gmt":"2025-07-18T14:49:21","guid":{"rendered":"https:\/\/www.lourdes-france.com\/antonietta-raco-72e-miraculee-de-lourdes\/"},"modified":"2025-07-18T16:56:53","modified_gmt":"2025-07-18T14:56:53","slug":"antonietta-raco-72a-miracolata-di-lourdes","status":"publish","type":"post","link":"https:\/\/www.lourdes-france.com\/it\/antonietta-raco-72a-miracolata-di-lourdes\/","title":{"rendered":"Antonia Raco, 72\u00aa miracolata di Lourdes"},"content":{"rendered":"\t\t<div data-elementor-type=\"wp-post\" data-elementor-id=\"853536\" class=\"elementor elementor-853536 elementor-853501\" data-elementor-post-type=\"post\">\n\t\t\t\t\t\t<section class=\"elementor-section elementor-top-section elementor-element elementor-element-a200e83 elementor-section-boxed elementor-section-height-default elementor-section-height-default\" data-id=\"a200e83\" data-element_type=\"section\">\n\t\t\t\t\t\t<div class=\"elementor-container elementor-column-gap-no\">\n\t\t\t\t\t<div class=\"elementor-column elementor-col-100 elementor-top-column elementor-element elementor-element-22594aa9\" data-id=\"22594aa9\" data-element_type=\"column\">\n\t\t\t<div class=\"elementor-widget-wrap elementor-element-populated\">\n\t\t\t\t\t\t<div class=\"elementor-element elementor-element-70c2b089 elementor-widget elementor-widget-text-editor\" data-id=\"70c2b089\" data-element_type=\"widget\" data-widget_type=\"text-editor.default\">\n\t\t\t\t<div class=\"elementor-widget-container\">\n\t\t\t\t\t\t\t\t\t<p><strong>Mercoled\u00ec 16 aprile 2025 &#8211; Il Santuario di Nostra Signora di Lourdes accoglie la proclamazione ufficiale del 72\u1d49 miracolo di Lourdes da parte di Mons. Vincenzo Carmine Orofino, Vescovo della Diocesi di Tursi-Lagonegro (Provincia di MATERA), Italia.<\/strong><\/p><p><strong>Antonia Raco, affetta da Sclerosi Laterale Primaria (Primary Lateral Sclerosis), \u00e8 guarita nel 2009 durante il suo pellegrinaggio a Lourdes.<\/strong><\/p>\t\t\t\t\t\t\t\t<\/div>\n\t\t\t\t<\/div>\n\t\t\t\t<section class=\"elementor-section elementor-inner-section elementor-element elementor-element-38403bc elementor-section-boxed elementor-section-height-default elementor-section-height-default\" data-id=\"38403bc\" data-element_type=\"section\">\n\t\t\t\t\t\t<div class=\"elementor-container elementor-column-gap-default\">\n\t\t\t\t\t<div class=\"elementor-column elementor-col-50 elementor-inner-column elementor-element elementor-element-a22b9c7\" data-id=\"a22b9c7\" data-element_type=\"column\">\n\t\t\t<div class=\"elementor-widget-wrap elementor-element-populated\">\n\t\t\t\t\t\t<div class=\"elementor-element elementor-element-eb56c39 elementor-widget__width-initial elementor-widget elementor-widget-image\" data-id=\"eb56c39\" data-element_type=\"widget\" data-widget_type=\"image.default\">\n\t\t\t\t<div class=\"elementor-widget-container\">\n\t\t\t\t\t\t\t\t\t\t\t\t<figure class=\"wp-caption\">\n\t\t\t\t\t\t\t\t\t\t<img fetchpriority=\"high\" decoding=\"async\" width=\"768\" height=\"1084\" src=\"https:\/\/www.lourdes-france.com\/wp-content\/uploads\/2025\/04\/2009-RACO-768x1084.jpg\" class=\"attachment-medium_large size-medium_large wp-image-853518\" alt=\"\" srcset=\"https:\/\/www.lourdes-france.com\/wp-content\/uploads\/2025\/04\/2009-RACO-768x1084.jpg 768w, https:\/\/www.lourdes-france.com\/wp-content\/uploads\/2025\/04\/2009-RACO-213x300.jpg 213w, https:\/\/www.lourdes-france.com\/wp-content\/uploads\/2025\/04\/2009-RACO-725x1024.jpg 725w, https:\/\/www.lourdes-france.com\/wp-content\/uploads\/2025\/04\/2009-RACO-1088x1536.jpg 1088w, https:\/\/www.lourdes-france.com\/wp-content\/uploads\/2025\/04\/2009-RACO-1451x2048.jpg 1451w, https:\/\/www.lourdes-france.com\/wp-content\/uploads\/2025\/04\/2009-RACO.jpg 1526w\" sizes=\"(max-width: 768px) 100vw, 768px\" \/>\t\t\t\t\t\t\t\t\t\t\t<figcaption class=\"widget-image-caption wp-caption-text\">Archivio del Bureau des Constatations M\u00e9dicales de Lourdes<\/figcaption>\n\t\t\t\t\t\t\t\t\t\t<\/figure>\n\t\t\t\t\t\t\t\t\t<\/div>\n\t\t\t\t<\/div>\n\t\t\t\t\t<\/div>\n\t\t<\/div>\n\t\t\t\t<div class=\"elementor-column elementor-col-50 elementor-inner-column elementor-element elementor-element-68701e7\" data-id=\"68701e7\" data-element_type=\"column\">\n\t\t\t<div class=\"elementor-widget-wrap elementor-element-populated\">\n\t\t\t\t\t\t<div class=\"elementor-element elementor-element-b838d04 elementor-widget elementor-widget-spacer\" data-id=\"b838d04\" data-element_type=\"widget\" data-widget_type=\"spacer.default\">\n\t\t\t\t<div class=\"elementor-widget-container\">\n\t\t\t\t\t\t\t<div class=\"elementor-spacer\">\n\t\t\t<div class=\"elementor-spacer-inner\"><\/div>\n\t\t<\/div>\n\t\t\t\t\t\t<\/div>\n\t\t\t\t<\/div>\n\t\t\t\t<div class=\"elementor-element elementor-element-cb4fd1a elementor-widget elementor-widget-text-editor\" data-id=\"cb4fd1a\" data-element_type=\"widget\" data-widget_type=\"text-editor.default\">\n\t\t\t\t<div class=\"elementor-widget-container\">\n\t\t\t\t\t\t\t\t\t<p><span style=\"color: #000000;\"><strong>Antonia Raco (coniugata Lofiego), 67 anni, affetta da Sclerosi Laterale Primaria (PLS), \u00e8 guarita nel 2009 quando \u00e8 venuta a Lourdes con l&#8217;organizzazione italiana di pellegrinaggi UNITALSI. <\/strong><\/span><\/p><p><span style=\"color: #000000;\">Era seguita da diversi anni dal Dipartimento di Neuroscienze dell&#8217;Universit\u00e0 di Torino per cefalee a grappolo. <\/span><\/p>\t\t\t\t\t\t\t\t<\/div>\n\t\t\t\t<\/div>\n\t\t\t\t\t<\/div>\n\t\t<\/div>\n\t\t\t\t\t<\/div>\n\t\t<\/section>\n\t\t\t\t<div class=\"elementor-element elementor-element-795f3f9a elementor-widget elementor-widget-heading\" data-id=\"795f3f9a\" data-element_type=\"widget\" data-widget_type=\"heading.default\">\n\t\t\t\t<div class=\"elementor-widget-container\">\n\t\t\t\t\t<h3 class=\"elementor-heading-title elementor-size-default\">CRONOLOGIA<\/h3>\t\t\t\t<\/div>\n\t\t\t\t<\/div>\n\t\t\t\t<div class=\"elementor-element elementor-element-6405db1a elementor-widget elementor-widget-text-editor\" data-id=\"6405db1a\" data-element_type=\"widget\" data-widget_type=\"text-editor.default\">\n\t\t\t\t<div class=\"elementor-widget-container\">\n\t\t\t\t\t\t\t\t\t<p><strong>Nel 2004:<\/strong> forti attacchi di cefalea, accompagnati da crampi e astenia generalizzata, con difficolt\u00e0 di deambulazione.<br \/><strong>Nel 2005<\/strong>: peggioramento della deambulazione con comparsa di disfagia e disartria. <br \/><strong>Nel 2006:<\/strong> \u00e8 stata diagnosticata. Era affetta da Sclerosi Laterale Primaria (PLS). <br \/><strong>Nel 2008:<\/strong> le sue condizioni peggiorano, con una riduzione della capacit\u00e0 vitale espiratoria forzata (FVC), oltre a ipostenia e tetraparesi, prevalentemente a sinistra. <br \/><strong>Nel 2009<\/strong>: Antonia Raco si reca in pellegrinaggio a Lourdes dal 30 luglio al 5 agosto, accompagnata dall&#8217;UNITALSI (Sezione Regionale di Basilicata).<\/p><p><strong>Quando si \u00e8 recata alle <a href=\"https:\/\/www.lourdes-france.com\/it\/pellegrini-per-un-giorno\/l-acqua\/\" target=\"_blank\" rel=\"noopener\">Piscine<\/a>, ha riferito di aver provato un insolito senso di benessere e di essere in grado di camminare di nuovo. Non ne fece parola fino al ritorno a casa. <\/strong><\/p><p><strong>Nei mesi di agosto e settembre dello stesso anno<\/strong> si \u00e8 sottoposta a una serie di controlli che hanno evidenziato la scomparsa dei sintomi che aveva manifestato dal 2004, e <strong>confermato la diagnosi di Sclerosi Laterale Primaria.<\/strong> <br \/><strong>Nel luglio 2010<\/strong>: Antonia Raco dichiara la sua presunta guarigione al <a href=\"https:\/\/www.lourdes-france.com\/it\/lufficio-delle-constatazioni-mediche\/\" target=\"_blank\" rel=\"noopener\"><em><strong>Bureau des Constatations M\u00e9dicales de Lourdes<\/strong> <\/em><\/a><\/p><p><strong>Immediatamente viene convocata una 1\u02b3\u1d49 riunione del Bureau,<\/strong> durante la quale i medici presenti decidono all&#8217;unanimit\u00e0 di<a href=\"https:\/\/www.lourdes-france.com\/it\/il-riconoscimento-di-un-miracolo\/\" target=\"_blank\" rel=\"noopener\"><strong> aprire un fascicolo e di indagare sulla sua storia clinica<\/strong><\/a>. Altre riunioni del Bureau si sono tenute nel 2012, 2013 e 2016. <br \/><strong>Nel 2013:<\/strong> Antonia Raco \u00e8 stata valutata dal Dipartimento di Neurologia dell&#8217;Universit\u00e0 di Milano, che ha confermato la diagnosi e si \u00e8 fatto carico del follow-up. <br \/><strong>Nel 2017<\/strong> \u00e8 stata convocata la 5\u1d49 e ultima riunione del Bureau des Constatations M\u00e9dicales.<strong> I membri del Bureau constatano collegialmente la guarigione di Antonia Raco, qualificata come inspiegata secondo le conoscenze mediche.<\/strong><\/p>\t\t\t\t\t\t\t\t<\/div>\n\t\t\t\t<\/div>\n\t\t\t\t\t<\/div>\n\t\t<\/div>\n\t\t\t\t\t<\/div>\n\t\t<\/section>\n\t\t\t\t<section class=\"elementor-section elementor-top-section elementor-element elementor-element-326b505 elementor-section-boxed elementor-section-height-default elementor-section-height-default\" data-id=\"326b505\" data-element_type=\"section\">\n\t\t\t\t\t\t<div class=\"elementor-container elementor-column-gap-default\">\n\t\t\t\t\t<div class=\"elementor-column elementor-col-100 elementor-top-column elementor-element elementor-element-2f327d3\" data-id=\"2f327d3\" data-element_type=\"column\">\n\t\t\t<div class=\"elementor-widget-wrap elementor-element-populated\">\n\t\t\t\t\t\t<section class=\"elementor-section elementor-inner-section elementor-element elementor-element-4511f4a elementor-section-boxed elementor-section-height-default elementor-section-height-default\" data-id=\"4511f4a\" data-element_type=\"section\">\n\t\t\t\t\t\t<div class=\"elementor-container elementor-column-gap-default\">\n\t\t\t\t\t<div class=\"elementor-column elementor-col-50 elementor-inner-column elementor-element elementor-element-49ba131\" data-id=\"49ba131\" data-element_type=\"column\">\n\t\t\t<div class=\"elementor-widget-wrap elementor-element-populated\">\n\t\t\t\t\t\t<div class=\"elementor-element elementor-element-800e3ab elementor-widget elementor-widget-text-editor\" data-id=\"800e3ab\" data-element_type=\"widget\" data-widget_type=\"text-editor.default\">\n\t\t\t\t<div class=\"elementor-widget-container\">\n\t\t\t\t\t\t\t\t\t<p><span style=\"color: #000000;\"><strong>Nel novembre 2024:<\/strong> dopo un periodo di osservazione e la validazione del Consensus internazionale sulla diagnosi di PLS, il Comitato Medico Internazionale di Lourdes (CMIL), in occasione della sua riunione annuale, ha chiamato i membri presenti a votare:<br \/><\/span><\/p><p><span style=\"color: #000000;\"><em><strong>\u201cLa signora Antonia RACO \u00e8 guarita dalla Sclerosi Laterale Primaria (PLS), secondo il consenso del 2020, validato nel 2024, in modo inatteso, completo, duraturo e inspiegato secondo le conoscenze mediche?\u201d.<\/strong><\/em><br \/><\/span><\/p><p><strong><span style=\"color: #000000;\">La maggioranza ha votato S\u00cc. <\/span><\/strong><\/p><p><span style=\"color: #000000;\"><strong>Il 15 novembre 2024,<\/strong> il vescovo della diocesi di Tarbes e Lourdes ha informato il vescovo della diocesi di Tursi-Lagonegro, diocesi di residenza di Antonia Raco, il quale<a href=\"https:\/\/www.lourdes-france.com\/it\/guarigioni-miracolose\/\" target=\"_blank\" rel=\"noopener\"><strong> ha proclamato il miracolo mercoled\u00ec 16 aprile 2025.<\/strong><\/a><\/span><\/p>\t\t\t\t\t\t\t\t<\/div>\n\t\t\t\t<\/div>\n\t\t\t\t\t<\/div>\n\t\t<\/div>\n\t\t\t\t<div class=\"elementor-column elementor-col-50 elementor-inner-column elementor-element elementor-element-57e29cd\" data-id=\"57e29cd\" data-element_type=\"column\">\n\t\t\t<div class=\"elementor-widget-wrap elementor-element-populated\">\n\t\t\t\t\t\t<div class=\"elementor-element elementor-element-a57b599 elementor-widget__width-initial elementor-widget elementor-widget-image\" data-id=\"a57b599\" data-element_type=\"widget\" data-widget_type=\"image.default\">\n\t\t\t\t<div class=\"elementor-widget-container\">\n\t\t\t\t\t\t\t\t\t\t\t\t<figure class=\"wp-caption\">\n\t\t\t\t\t\t\t\t\t\t<img decoding=\"async\" width=\"724\" height=\"1024\" src=\"https:\/\/www.lourdes-france.com\/wp-content\/uploads\/2025\/04\/2019-RACO_-724x1024.jpg\" class=\"attachment-large size-large wp-image-853526\" alt=\"\" srcset=\"https:\/\/www.lourdes-france.com\/wp-content\/uploads\/2025\/04\/2019-RACO_-724x1024.jpg 724w, https:\/\/www.lourdes-france.com\/wp-content\/uploads\/2025\/04\/2019-RACO_-212x300.jpg 212w, https:\/\/www.lourdes-france.com\/wp-content\/uploads\/2025\/04\/2019-RACO_-768x1086.jpg 768w, https:\/\/www.lourdes-france.com\/wp-content\/uploads\/2025\/04\/2019-RACO_-1086x1536.jpg 1086w, https:\/\/www.lourdes-france.com\/wp-content\/uploads\/2025\/04\/2019-RACO_-1448x2048.jpg 1448w, https:\/\/www.lourdes-france.com\/wp-content\/uploads\/2025\/04\/2019-RACO_.jpg 1524w\" sizes=\"(max-width: 724px) 100vw, 724px\" \/>\t\t\t\t\t\t\t\t\t\t\t<figcaption class=\"widget-image-caption wp-caption-text\">Archivio del Bureau des Constatations M\u00e9dicales de Lourdes<\/figcaption>\n\t\t\t\t\t\t\t\t\t\t<\/figure>\n\t\t\t\t\t\t\t\t\t<\/div>\n\t\t\t\t<\/div>\n\t\t\t\t\t<\/div>\n\t\t<\/div>\n\t\t\t\t\t<\/div>\n\t\t<\/section>\n\t\t\t\t\t<\/div>\n\t\t<\/div>\n\t\t\t\t\t<\/div>\n\t\t<\/section>\n\t\t\t\t<section class=\"elementor-section elementor-top-section elementor-element elementor-element-8731a34 elementor-section-boxed elementor-section-height-default elementor-section-height-default\" data-id=\"8731a34\" data-element_type=\"section\">\n\t\t\t\t\t\t<div class=\"elementor-container elementor-column-gap-default\">\n\t\t\t\t\t<div class=\"elementor-column elementor-col-100 elementor-top-column elementor-element elementor-element-e61b67a\" data-id=\"e61b67a\" data-element_type=\"column\">\n\t\t\t<div class=\"elementor-widget-wrap elementor-element-populated\">\n\t\t\t\t\t\t<div class=\"elementor-element elementor-element-fc8c664 elementor-widget elementor-widget-heading\" data-id=\"fc8c664\" data-element_type=\"widget\" data-widget_type=\"heading.default\">\n\t\t\t\t<div class=\"elementor-widget-container\">\n\t\t\t\t\t<h4 class=\"elementor-heading-title elementor-size-default\">La proclamazione del decreto nella diocesi di Tursi-Lagonegro il 16 aprile 2025.<\/h4>\t\t\t\t<\/div>\n\t\t\t\t<\/div>\n\t\t\t\t\t<\/div>\n\t\t<\/div>\n\t\t\t\t\t<\/div>\n\t\t<\/section>\n\t\t\t\t<section class=\"elementor-section elementor-top-section elementor-element elementor-element-0158b6a elementor-section-boxed elementor-section-height-default elementor-section-height-default\" data-id=\"0158b6a\" data-element_type=\"section\">\n\t\t\t\t\t\t<div class=\"elementor-container elementor-column-gap-default\">\n\t\t\t\t\t<div class=\"elementor-column elementor-col-100 elementor-top-column elementor-element elementor-element-b522baa\" data-id=\"b522baa\" data-element_type=\"column\">\n\t\t\t<div class=\"elementor-widget-wrap elementor-element-populated\">\n\t\t\t\t\t\t<div class=\"elementor-element elementor-element-20087db elementor-widget elementor-widget-gallery\" data-id=\"20087db\" data-element_type=\"widget\" data-settings=\"{&quot;aspect_ratio&quot;:&quot;1:1&quot;,&quot;overlay_description&quot;:&quot;caption&quot;,&quot;lazyload&quot;:&quot;yes&quot;,&quot;gallery_layout&quot;:&quot;grid&quot;,&quot;columns&quot;:4,&quot;columns_tablet&quot;:2,&quot;columns_mobile&quot;:1,&quot;gap&quot;:{&quot;unit&quot;:&quot;px&quot;,&quot;size&quot;:10,&quot;sizes&quot;:[]},&quot;gap_tablet&quot;:{&quot;unit&quot;:&quot;px&quot;,&quot;size&quot;:10,&quot;sizes&quot;:[]},&quot;gap_mobile&quot;:{&quot;unit&quot;:&quot;px&quot;,&quot;size&quot;:10,&quot;sizes&quot;:[]},&quot;link_to&quot;:&quot;file&quot;,&quot;overlay_background&quot;:&quot;yes&quot;,&quot;content_hover_animation&quot;:&quot;fade-in&quot;}\" data-widget_type=\"gallery.default\">\n\t\t\t\t<div class=\"elementor-widget-container\">\n\t\t\t\t\t\t\t<div class=\"elementor-gallery__container\">\n\t\t\t\t\t\t\t<a class=\"e-gallery-item elementor-gallery-item elementor-animated-content\" href=\"https:\/\/www.lourdes-france.com\/wp-content\/uploads\/2025\/04\/Firma.png\" data-elementor-open-lightbox=\"yes\" data-elementor-lightbox-slideshow=\"20087db\" data-elementor-lightbox-title=\"Firma\" data-e-action-hash=\"#elementor-action%3Aaction%3Dlightbox%26settings%3DeyJpZCI6ODUzNzYzLCJ1cmwiOiJodHRwczpcL1wvd3d3LmxvdXJkZXMtZnJhbmNlLmNvbVwvd3AtY29udGVudFwvdXBsb2Fkc1wvMjAyNVwvMDRcL0Zpcm1hLnBuZyIsInNsaWRlc2hvdyI6IjIwMDg3ZGIifQ%3D%3D\">\n\t\t\t\t\t<div class=\"e-gallery-image elementor-gallery-item__image\" data-thumbnail=\"https:\/\/www.lourdes-france.com\/wp-content\/uploads\/2025\/04\/Firma-300x225.png\" data-width=\"300\" data-height=\"225\" aria-label=\"L&#039;\u00e9v\u00eaque\" role=\"img\" ><\/div>\n\t\t\t\t\t\t\t\t\t\t\t<div class=\"elementor-gallery-item__overlay\"><\/div>\n\t\t\t\t\t\t\t\t\t\t\t\t\t\t\t<div class=\"elementor-gallery-item__content\">\n\t\t\t\t\t\t\t\t\t\t\t\t\t\t<div class=\"elementor-gallery-item__description\">\n\t\t\t\t\t\t\t\t\t\t\t\t\t\t\t\t\t\tL'\u00e9v\u00eaque du dioc\u00e8se de Tursi-Lagonegro, Mgr Vincenzo Carmine Orofino, signe le d\u00e9cret de la proclamation du 72e miracle de Lourdes\t\t\t\t\t\t\t\t<\/div>\n\t\t\t\t\t\t\t\t\t\t\t\t<\/div>\n\t\t\t\t\t\t\t\t\t<\/a>\n\t\t\t\t\t\t\t<a class=\"e-gallery-item elementor-gallery-item elementor-animated-content\" href=\"https:\/\/www.lourdes-france.com\/wp-content\/uploads\/2025\/04\/raco.png\" data-elementor-open-lightbox=\"yes\" data-elementor-lightbox-slideshow=\"20087db\" data-elementor-lightbox-title=\"raco\" data-e-action-hash=\"#elementor-action%3Aaction%3Dlightbox%26settings%3DeyJpZCI6ODUzNzcxLCJ1cmwiOiJodHRwczpcL1wvd3d3LmxvdXJkZXMtZnJhbmNlLmNvbVwvd3AtY29udGVudFwvdXBsb2Fkc1wvMjAyNVwvMDRcL3JhY28ucG5nIiwic2xpZGVzaG93IjoiMjAwODdkYiJ9\">\n\t\t\t\t\t<div class=\"e-gallery-image elementor-gallery-item__image\" data-thumbnail=\"https:\/\/www.lourdes-france.com\/wp-content\/uploads\/2025\/04\/raco-300x225.png\" data-width=\"300\" data-height=\"225\" aria-label=\"Antonia Raco, 72e miracul\u00e9e de Lourdes, pr\u00e9sente avec son mari sur le banc de la messe.\" role=\"img\" ><\/div>\n\t\t\t\t\t\t\t\t\t\t\t<div class=\"elementor-gallery-item__overlay\"><\/div>\n\t\t\t\t\t\t\t\t\t\t\t\t\t\t\t<div class=\"elementor-gallery-item__content\">\n\t\t\t\t\t\t\t\t\t\t\t\t\t\t<div class=\"elementor-gallery-item__description\">\n\t\t\t\t\t\t\t\t\t\t\t\t\t\t\t\t\t\tAntonia Raco, 72e miracul\u00e9e de Lourdes, pr\u00e9sente avec son mari sur le banc de la messe.\t\t\t\t\t\t\t\t<\/div>\n\t\t\t\t\t\t\t\t\t\t\t\t<\/div>\n\t\t\t\t\t\t\t\t\t<\/a>\n\t\t\t\t\t\t\t<a class=\"e-gallery-item elementor-gallery-item elementor-animated-content\" href=\"https:\/\/www.lourdes-france.com\/wp-content\/uploads\/2025\/04\/Decreto-1.png\" data-elementor-open-lightbox=\"yes\" data-elementor-lightbox-slideshow=\"20087db\" data-elementor-lightbox-title=\"Decreto\" data-e-action-hash=\"#elementor-action%3Aaction%3Dlightbox%26settings%3DeyJpZCI6ODUzNzgwLCJ1cmwiOiJodHRwczpcL1wvd3d3LmxvdXJkZXMtZnJhbmNlLmNvbVwvd3AtY29udGVudFwvdXBsb2Fkc1wvMjAyNVwvMDRcL0RlY3JldG8tMS5wbmciLCJzbGlkZXNob3ciOiIyMDA4N2RiIn0%3D\">\n\t\t\t\t\t<div class=\"e-gallery-image elementor-gallery-item__image\" data-thumbnail=\"https:\/\/www.lourdes-france.com\/wp-content\/uploads\/2025\/04\/Decreto-1-300x225.png\" data-width=\"300\" data-height=\"225\" aria-label=\"Le pr\u00eatre l\u00e8ve le d\u00e9cret de la proclamation du 72\u00e8me miracul\u00e9 de Lourdes pour le pr\u00e9senter aux fid\u00e8les\" role=\"img\" ><\/div>\n\t\t\t\t\t\t\t\t\t\t\t<div class=\"elementor-gallery-item__overlay\"><\/div>\n\t\t\t\t\t\t\t\t\t\t\t\t\t\t\t<div class=\"elementor-gallery-item__content\">\n\t\t\t\t\t\t\t\t\t\t\t\t\t\t<div class=\"elementor-gallery-item__description\">\n\t\t\t\t\t\t\t\t\t\t\t\t\t\t\t\t\t\tPr\u00e9sentation du d\u00e9cret de la proclamation du 72\u00e8me miracle de Lourdes\t\t\t\t\t\t\t\t<\/div>\n\t\t\t\t\t\t\t\t\t\t\t\t<\/div>\n\t\t\t\t\t\t\t\t\t<\/a>\n\t\t\t\t\t\t\t<a class=\"e-gallery-item elementor-gallery-item elementor-animated-content\" href=\"https:\/\/www.lourdes-france.com\/wp-content\/uploads\/2025\/04\/Dr-1.png\" data-elementor-open-lightbox=\"yes\" data-elementor-lightbox-slideshow=\"20087db\" data-elementor-lightbox-title=\"Dr\" data-e-action-hash=\"#elementor-action%3Aaction%3Dlightbox%26settings%3DeyJpZCI6ODUzNzg4LCJ1cmwiOiJodHRwczpcL1wvd3d3LmxvdXJkZXMtZnJhbmNlLmNvbVwvd3AtY29udGVudFwvdXBsb2Fkc1wvMjAyNVwvMDRcL0RyLTEucG5nIiwic2xpZGVzaG93IjoiMjAwODdkYiJ9\">\n\t\t\t\t\t<div class=\"e-gallery-image elementor-gallery-item__image\" data-thumbnail=\"https:\/\/www.lourdes-france.com\/wp-content\/uploads\/2025\/04\/Dr-1-300x225.png\" data-width=\"300\" data-height=\"225\" aria-label=\"Le pr\u00e9sident de l&#039;Association m\u00e9dicale internationale de Lourdes prenant la parole lors de la c\u00e9l\u00e9bration de la proclamation du 72e miracle de Lourdes\" role=\"img\" ><\/div>\n\t\t\t\t\t\t\t\t\t\t\t<div class=\"elementor-gallery-item__overlay\"><\/div>\n\t\t\t\t\t\t\t\t\t\t\t\t\t\t\t<div class=\"elementor-gallery-item__content\">\n\t\t\t\t\t\t\t\t\t\t\t\t\t\t<div class=\"elementor-gallery-item__description\">\n\t\t\t\t\t\t\t\t\t\t\t\t\t\t\t\t\t\tLe pr\u00e9sident de l'Association m\u00e9dicale internationale de Lourdes prenant la parole lors de la c\u00e9l\u00e9bration de la proclamation du 72e miracle de Lourdes\t\t\t\t\t\t\t\t<\/div>\n\t\t\t\t\t\t\t\t\t\t\t\t<\/div>\n\t\t\t\t\t\t\t\t\t<\/a>\n\t\t\t\t\t<\/div>\n\t\t\t\t\t<\/div>\n\t\t\t\t<\/div>\n\t\t\t\t\t<\/div>\n\t\t<\/div>\n\t\t\t\t\t<\/div>\n\t\t<\/section>\n\t\t\t\t<section class=\"elementor-section elementor-top-section elementor-element elementor-element-d4bd786 elementor-section-boxed elementor-section-height-default elementor-section-height-default\" data-id=\"d4bd786\" data-element_type=\"section\">\n\t\t\t\t\t\t<div class=\"elementor-container elementor-column-gap-default\">\n\t\t\t\t\t<div class=\"elementor-column elementor-col-100 elementor-top-column elementor-element elementor-element-842a6aa\" data-id=\"842a6aa\" data-element_type=\"column\">\n\t\t\t<div class=\"elementor-widget-wrap elementor-element-populated\">\n\t\t\t\t\t\t<div class=\"elementor-element elementor-element-83d773a elementor-align-center elementor-widget elementor-widget-button\" data-id=\"83d773a\" data-element_type=\"widget\" data-widget_type=\"button.default\">\n\t\t\t\t<div class=\"elementor-widget-container\">\n\t\t\t\t\t\t\t\t\t<div class=\"elementor-button-wrapper\">\n\t\t\t\t\t<a class=\"elementor-button elementor-button-link elementor-size-sm\" href=\"https:\/\/www.lourdes-france.com\/wp-content\/uploads\/2025\/04\/COMUNICATO-Dichiarazione-del-carattere-miracoloso-della-guarigione-di-Antonia-Raco.pdf\">\n\t\t\t\t\t\t<span class=\"elementor-button-content-wrapper\">\n\t\t\t\t\t\t\t\t\t<span class=\"elementor-button-text\">Leggere il decreto di proclamazione<\/span>\n\t\t\t\t\t<\/span>\n\t\t\t\t\t<\/a>\n\t\t\t\t<\/div>\n\t\t\t\t\t\t\t\t<\/div>\n\t\t\t\t<\/div>\n\t\t\t\t\t<\/div>\n\t\t<\/div>\n\t\t\t\t\t<\/div>\n\t\t<\/section>\n\t\t\t\t<section class=\"elementor-section elementor-top-section elementor-element elementor-element-6b77080 elementor-section-boxed elementor-section-height-default elementor-section-height-default\" data-id=\"6b77080\" data-element_type=\"section\">\n\t\t\t\t\t\t<div class=\"elementor-container elementor-column-gap-default\">\n\t\t\t\t\t<div class=\"elementor-column elementor-col-100 elementor-top-column elementor-element elementor-element-97b994e\" data-id=\"97b994e\" data-element_type=\"column\">\n\t\t\t<div class=\"elementor-widget-wrap elementor-element-populated\">\n\t\t\t\t\t\t<div class=\"elementor-element elementor-element-4aa13c4 elementor-widget elementor-widget-text-editor\" data-id=\"4aa13c4\" data-element_type=\"widget\" data-widget_type=\"text-editor.default\">\n\t\t\t\t<div class=\"elementor-widget-container\">\n\t\t\t\t\t\t\t\t\t<p style=\"text-align: center;\"><strong><span style=\"color: #000000;\">Contatto con la stampa<\/span><\/strong><\/p><p style=\"text-align: center;\"><span style=\"color: #000000;\">Ufficio comunicazioni del Santuario di Lourdes<\/span><br \/><strong><span style=\"color: #000000;\">Tel + 33 (0)6 21 50 42 71 &#8211; communication@lourdes-france.com<\/span><\/strong> <\/p>\t\t\t\t\t\t\t\t<\/div>\n\t\t\t\t<\/div>\n\t\t\t\t\t<\/div>\n\t\t<\/div>\n\t\t\t\t\t<\/div>\n\t\t<\/section>\n\t\t\t\t<\/div>\n\t\t","protected":false},"excerpt":{"rendered":"<p>Mercoled\u00ec 16 aprile 2025 &#8211; Il Santuario di Nostra Signora di Lourdes accoglie la proclamazione ufficiale del 72\u1d49 miracolo di Lourdes da parte di Mons. Vincenzo Carmine Orofino, Vescovo della Diocesi di Tursi-Lagonegro (Provincia di MATERA), Italia. Antonia Raco, affetta &hellip; <a href=\"https:\/\/www.lourdes-france.com\/it\/antonietta-raco-72a-miracolata-di-lourdes\/\">Continua<\/a><\/p>\n","protected":false},"author":9,"featured_media":853722,"comment_status":"closed","ping_status":"closed","sticky":false,"template":"","format":"standard","meta":{"_acf_changed":false,"footnotes":""},"categories":[30],"tags":[],"class_list":["post-853536","post","type-post","status-publish","format-standard","has-post-thumbnail","hentry","category-proprio-ora"],"acf":[],"yoast_head":"<!-- This site is optimized with the Yoast SEO Premium plugin v24.0 (Yoast SEO v26.3) - https:\/\/yoast.com\/wordpress\/plugins\/seo\/ -->\n<title>Antonia Raco- 72\u00aa miracolata di Lourdes<\/title>\n<meta name=\"description\" content=\"Mercoled\u00ec 16 aprile, il Santuario di Nostra Signora di Lourdes accoglie la proclamazione ufficiale del 72\u1d49 miracolo di Lourdes di Antonia Raco.\" \/>\n<meta name=\"robots\" content=\"index, follow, max-snippet:-1, max-image-preview:large, max-video-preview:-1\" \/>\n<link rel=\"canonical\" href=\"https:\/\/www.lourdes-france.com\/it\/antonietta-raco-72a-miracolata-di-lourdes\/\" \/>\n<meta property=\"og:locale\" content=\"it_IT\" \/>\n<meta property=\"og:type\" content=\"article\" \/>\n<meta property=\"og:title\" content=\"Antonia Raco, 72\u00aa miracolata di Lourdes\" \/>\n<meta property=\"og:description\" content=\"Mercoled\u00ec 16 aprile, il Santuario di Nostra Signora di Lourdes accoglie la proclamazione ufficiale del 72\u1d49 miracolo di Lourdes di Antonia Raco.\" \/>\n<meta property=\"og:url\" content=\"https:\/\/www.lourdes-france.com\/it\/antonietta-raco-72a-miracolata-di-lourdes\/\" \/>\n<meta property=\"og:site_name\" content=\"Vivre le p\u00e8lerinage de Lourdes\" \/>\n<meta property=\"article:published_time\" content=\"2025-07-18T14:49:21+00:00\" \/>\n<meta property=\"article:modified_time\" content=\"2025-07-18T14:56:53+00:00\" \/>\n<meta property=\"og:image\" content=\"https:\/\/www.lourdes-france.com\/wp-content\/uploads\/2025\/04\/Bandeau-2.jpg\" \/>\n\t<meta property=\"og:image:width\" content=\"1920\" \/>\n\t<meta property=\"og:image:height\" content=\"1280\" \/>\n\t<meta property=\"og:image:type\" content=\"image\/jpeg\" \/>\n<meta name=\"author\" content=\"communication\" \/>\n<meta name=\"twitter:card\" content=\"summary_large_image\" \/>\n<meta name=\"twitter:label1\" content=\"Scritto da\" \/>\n\t<meta name=\"twitter:data1\" content=\"communication\" \/>\n\t<meta name=\"twitter:label2\" content=\"Tempo di lettura stimato\" \/>\n\t<meta name=\"twitter:data2\" content=\"4 minuti\" \/>\n<script type=\"application\/ld+json\" class=\"yoast-schema-graph\">{\"@context\":\"https:\/\/schema.org\",\"@graph\":[{\"@type\":\"Article\",\"@id\":\"https:\/\/www.lourdes-france.com\/it\/antonietta-raco-72a-miracolata-di-lourdes\/#article\",\"isPartOf\":{\"@id\":\"https:\/\/www.lourdes-france.com\/it\/antonietta-raco-72a-miracolata-di-lourdes\/\"},\"author\":{\"name\":\"communication\",\"@id\":\"https:\/\/www.lourdes-france.com\/it\/#\/schema\/person\/cec1bc287296b4aed571d4364999fa69\"},\"headline\":\"Antonia Raco, 72\u00aa miracolata di Lourdes\",\"datePublished\":\"2025-07-18T14:49:21+00:00\",\"dateModified\":\"2025-07-18T14:56:53+00:00\",\"mainEntityOfPage\":{\"@id\":\"https:\/\/www.lourdes-france.com\/it\/antonietta-raco-72a-miracolata-di-lourdes\/\"},\"wordCount\":584,\"publisher\":{\"@id\":\"https:\/\/www.lourdes-france.com\/it\/#organization\"},\"image\":{\"@id\":\"https:\/\/www.lourdes-france.com\/it\/antonietta-raco-72a-miracolata-di-lourdes\/#primaryimage\"},\"thumbnailUrl\":\"https:\/\/www.lourdes-france.com\/wp-content\/uploads\/2025\/04\/Bandeau-2.jpg\",\"articleSection\":[\"Proprio ora\"],\"inLanguage\":\"it-IT\"},{\"@type\":\"WebPage\",\"@id\":\"https:\/\/www.lourdes-france.com\/it\/antonietta-raco-72a-miracolata-di-lourdes\/\",\"url\":\"https:\/\/www.lourdes-france.com\/it\/antonietta-raco-72a-miracolata-di-lourdes\/\",\"name\":\"Antonia Raco- 72\u00aa miracolata di Lourdes\",\"isPartOf\":{\"@id\":\"https:\/\/www.lourdes-france.com\/it\/#website\"},\"primaryImageOfPage\":{\"@id\":\"https:\/\/www.lourdes-france.com\/it\/antonietta-raco-72a-miracolata-di-lourdes\/#primaryimage\"},\"image\":{\"@id\":\"https:\/\/www.lourdes-france.com\/it\/antonietta-raco-72a-miracolata-di-lourdes\/#primaryimage\"},\"thumbnailUrl\":\"https:\/\/www.lourdes-france.com\/wp-content\/uploads\/2025\/04\/Bandeau-2.jpg\",\"datePublished\":\"2025-07-18T14:49:21+00:00\",\"dateModified\":\"2025-07-18T14:56:53+00:00\",\"description\":\"Mercoled\u00ec 16 aprile, il Santuario di Nostra Signora di Lourdes accoglie la proclamazione ufficiale del 72\u1d49 miracolo di Lourdes di Antonia Raco.\",\"breadcrumb\":{\"@id\":\"https:\/\/www.lourdes-france.com\/it\/antonietta-raco-72a-miracolata-di-lourdes\/#breadcrumb\"},\"inLanguage\":\"it-IT\",\"potentialAction\":[{\"@type\":\"ReadAction\",\"target\":[\"https:\/\/www.lourdes-france.com\/it\/antonietta-raco-72a-miracolata-di-lourdes\/\"]}]},{\"@type\":\"ImageObject\",\"inLanguage\":\"it-IT\",\"@id\":\"https:\/\/www.lourdes-france.com\/it\/antonietta-raco-72a-miracolata-di-lourdes\/#primaryimage\",\"url\":\"https:\/\/www.lourdes-france.com\/wp-content\/uploads\/2025\/04\/Bandeau-2.jpg\",\"contentUrl\":\"https:\/\/www.lourdes-france.com\/wp-content\/uploads\/2025\/04\/Bandeau-2.jpg\",\"width\":1920,\"height\":1280,\"caption\":\"Antonietta Raco, 72e miracul\u00e9e de Lourdes\"},{\"@type\":\"BreadcrumbList\",\"@id\":\"https:\/\/www.lourdes-france.com\/it\/antonietta-raco-72a-miracolata-di-lourdes\/#breadcrumb\",\"itemListElement\":[{\"@type\":\"ListItem\",\"position\":1,\"name\":\"Accueil\",\"item\":\"https:\/\/www.lourdes-france.com\/it\/\"},{\"@type\":\"ListItem\",\"position\":2,\"name\":\"Antonia Raco, 72\u00aa miracolata di Lourdes\"}]},{\"@type\":\"WebSite\",\"@id\":\"https:\/\/www.lourdes-france.com\/it\/#website\",\"url\":\"https:\/\/www.lourdes-france.com\/it\/\",\"name\":\"Sanctuaire Notre-Dame de Lourdes\",\"description\":\"\",\"publisher\":{\"@id\":\"https:\/\/www.lourdes-france.com\/it\/#organization\"},\"potentialAction\":[{\"@type\":\"SearchAction\",\"target\":{\"@type\":\"EntryPoint\",\"urlTemplate\":\"https:\/\/www.lourdes-france.com\/it\/?s={search_term_string}\"},\"query-input\":{\"@type\":\"PropertyValueSpecification\",\"valueRequired\":true,\"valueName\":\"search_term_string\"}}],\"inLanguage\":\"it-IT\"},{\"@type\":\"Organization\",\"@id\":\"https:\/\/www.lourdes-france.com\/it\/#organization\",\"name\":\"Sanctuaire Notre-Dame de Lourdes\",\"url\":\"https:\/\/www.lourdes-france.com\/it\/\",\"logo\":{\"@type\":\"ImageObject\",\"inLanguage\":\"it-IT\",\"@id\":\"https:\/\/www.lourdes-france.com\/it\/#\/schema\/logo\/image\/\",\"url\":\"https:\/\/www.lourdes-france.com\/wp-content\/uploads\/2021\/11\/logo-small.png\",\"contentUrl\":\"https:\/\/www.lourdes-france.com\/wp-content\/uploads\/2021\/11\/logo-small.png\",\"width\":834,\"height\":521,\"caption\":\"Sanctuaire Notre-Dame de Lourdes\"},\"image\":{\"@id\":\"https:\/\/www.lourdes-france.com\/it\/#\/schema\/logo\/image\/\"}},{\"@type\":\"Person\",\"@id\":\"https:\/\/www.lourdes-france.com\/it\/#\/schema\/person\/cec1bc287296b4aed571d4364999fa69\",\"name\":\"communication\",\"image\":{\"@type\":\"ImageObject\",\"inLanguage\":\"it-IT\",\"@id\":\"https:\/\/www.lourdes-france.com\/it\/#\/schema\/person\/image\/\",\"url\":\"https:\/\/secure.gravatar.com\/avatar\/c941c552c76e46c27f2de2045e73ee4cc48fa8d96f958f26a2362c0c73aaf425?s=96&d=mm&r=g\",\"contentUrl\":\"https:\/\/secure.gravatar.com\/avatar\/c941c552c76e46c27f2de2045e73ee4cc48fa8d96f958f26a2362c0c73aaf425?s=96&d=mm&r=g\",\"caption\":\"communication\"},\"url\":\"https:\/\/www.lourdes-france.com\/it\/author\/communication\/\"}]}<\/script>\n<!-- \/ Yoast SEO Premium plugin. -->","yoast_head_json":{"title":"Antonia Raco- 72\u00aa miracolata di Lourdes","description":"Mercoled\u00ec 16 aprile, il Santuario di Nostra Signora di Lourdes accoglie la proclamazione ufficiale del 72\u1d49 miracolo di Lourdes di Antonia Raco.","robots":{"index":"index","follow":"follow","max-snippet":"max-snippet:-1","max-image-preview":"max-image-preview:large","max-video-preview":"max-video-preview:-1"},"canonical":"https:\/\/www.lourdes-france.com\/it\/antonietta-raco-72a-miracolata-di-lourdes\/","og_locale":"it_IT","og_type":"article","og_title":"Antonia Raco, 72\u00aa miracolata di Lourdes","og_description":"Mercoled\u00ec 16 aprile, il Santuario di Nostra Signora di Lourdes accoglie la proclamazione ufficiale del 72\u1d49 miracolo di Lourdes di Antonia Raco.","og_url":"https:\/\/www.lourdes-france.com\/it\/antonietta-raco-72a-miracolata-di-lourdes\/","og_site_name":"Vivre le p\u00e8lerinage de Lourdes","article_published_time":"2025-07-18T14:49:21+00:00","article_modified_time":"2025-07-18T14:56:53+00:00","og_image":[{"width":1920,"height":1280,"url":"https:\/\/www.lourdes-france.com\/wp-content\/uploads\/2025\/04\/Bandeau-2.jpg","type":"image\/jpeg"}],"author":"communication","twitter_card":"summary_large_image","twitter_misc":{"Scritto da":"communication","Tempo di lettura stimato":"4 minuti"},"schema":{"@context":"https:\/\/schema.org","@graph":[{"@type":"Article","@id":"https:\/\/www.lourdes-france.com\/it\/antonietta-raco-72a-miracolata-di-lourdes\/#article","isPartOf":{"@id":"https:\/\/www.lourdes-france.com\/it\/antonietta-raco-72a-miracolata-di-lourdes\/"},"author":{"name":"communication","@id":"https:\/\/www.lourdes-france.com\/it\/#\/schema\/person\/cec1bc287296b4aed571d4364999fa69"},"headline":"Antonia Raco, 72\u00aa miracolata di Lourdes","datePublished":"2025-07-18T14:49:21+00:00","dateModified":"2025-07-18T14:56:53+00:00","mainEntityOfPage":{"@id":"https:\/\/www.lourdes-france.com\/it\/antonietta-raco-72a-miracolata-di-lourdes\/"},"wordCount":584,"publisher":{"@id":"https:\/\/www.lourdes-france.com\/it\/#organization"},"image":{"@id":"https:\/\/www.lourdes-france.com\/it\/antonietta-raco-72a-miracolata-di-lourdes\/#primaryimage"},"thumbnailUrl":"https:\/\/www.lourdes-france.com\/wp-content\/uploads\/2025\/04\/Bandeau-2.jpg","articleSection":["Proprio ora"],"inLanguage":"it-IT"},{"@type":"WebPage","@id":"https:\/\/www.lourdes-france.com\/it\/antonietta-raco-72a-miracolata-di-lourdes\/","url":"https:\/\/www.lourdes-france.com\/it\/antonietta-raco-72a-miracolata-di-lourdes\/","name":"Antonia Raco- 72\u00aa miracolata di Lourdes","isPartOf":{"@id":"https:\/\/www.lourdes-france.com\/it\/#website"},"primaryImageOfPage":{"@id":"https:\/\/www.lourdes-france.com\/it\/antonietta-raco-72a-miracolata-di-lourdes\/#primaryimage"},"image":{"@id":"https:\/\/www.lourdes-france.com\/it\/antonietta-raco-72a-miracolata-di-lourdes\/#primaryimage"},"thumbnailUrl":"https:\/\/www.lourdes-france.com\/wp-content\/uploads\/2025\/04\/Bandeau-2.jpg","datePublished":"2025-07-18T14:49:21+00:00","dateModified":"2025-07-18T14:56:53+00:00","description":"Mercoled\u00ec 16 aprile, il Santuario di Nostra Signora di Lourdes accoglie la proclamazione ufficiale del 72\u1d49 miracolo di Lourdes di Antonia Raco.","breadcrumb":{"@id":"https:\/\/www.lourdes-france.com\/it\/antonietta-raco-72a-miracolata-di-lourdes\/#breadcrumb"},"inLanguage":"it-IT","potentialAction":[{"@type":"ReadAction","target":["https:\/\/www.lourdes-france.com\/it\/antonietta-raco-72a-miracolata-di-lourdes\/"]}]},{"@type":"ImageObject","inLanguage":"it-IT","@id":"https:\/\/www.lourdes-france.com\/it\/antonietta-raco-72a-miracolata-di-lourdes\/#primaryimage","url":"https:\/\/www.lourdes-france.com\/wp-content\/uploads\/2025\/04\/Bandeau-2.jpg","contentUrl":"https:\/\/www.lourdes-france.com\/wp-content\/uploads\/2025\/04\/Bandeau-2.jpg","width":1920,"height":1280,"caption":"Antonietta Raco, 72e miracul\u00e9e de Lourdes"},{"@type":"BreadcrumbList","@id":"https:\/\/www.lourdes-france.com\/it\/antonietta-raco-72a-miracolata-di-lourdes\/#breadcrumb","itemListElement":[{"@type":"ListItem","position":1,"name":"Accueil","item":"https:\/\/www.lourdes-france.com\/it\/"},{"@type":"ListItem","position":2,"name":"Antonia Raco, 72\u00aa miracolata di Lourdes"}]},{"@type":"WebSite","@id":"https:\/\/www.lourdes-france.com\/it\/#website","url":"https:\/\/www.lourdes-france.com\/it\/","name":"Sanctuaire Notre-Dame de Lourdes","description":"","publisher":{"@id":"https:\/\/www.lourdes-france.com\/it\/#organization"},"potentialAction":[{"@type":"SearchAction","target":{"@type":"EntryPoint","urlTemplate":"https:\/\/www.lourdes-france.com\/it\/?s={search_term_string}"},"query-input":{"@type":"PropertyValueSpecification","valueRequired":true,"valueName":"search_term_string"}}],"inLanguage":"it-IT"},{"@type":"Organization","@id":"https:\/\/www.lourdes-france.com\/it\/#organization","name":"Sanctuaire Notre-Dame de Lourdes","url":"https:\/\/www.lourdes-france.com\/it\/","logo":{"@type":"ImageObject","inLanguage":"it-IT","@id":"https:\/\/www.lourdes-france.com\/it\/#\/schema\/logo\/image\/","url":"https:\/\/www.lourdes-france.com\/wp-content\/uploads\/2021\/11\/logo-small.png","contentUrl":"https:\/\/www.lourdes-france.com\/wp-content\/uploads\/2021\/11\/logo-small.png","width":834,"height":521,"caption":"Sanctuaire Notre-Dame de Lourdes"},"image":{"@id":"https:\/\/www.lourdes-france.com\/it\/#\/schema\/logo\/image\/"}},{"@type":"Person","@id":"https:\/\/www.lourdes-france.com\/it\/#\/schema\/person\/cec1bc287296b4aed571d4364999fa69","name":"communication","image":{"@type":"ImageObject","inLanguage":"it-IT","@id":"https:\/\/www.lourdes-france.com\/it\/#\/schema\/person\/image\/","url":"https:\/\/secure.gravatar.com\/avatar\/c941c552c76e46c27f2de2045e73ee4cc48fa8d96f958f26a2362c0c73aaf425?s=96&d=mm&r=g","contentUrl":"https:\/\/secure.gravatar.com\/avatar\/c941c552c76e46c27f2de2045e73ee4cc48fa8d96f958f26a2362c0c73aaf425?s=96&d=mm&r=g","caption":"communication"},"url":"https:\/\/www.lourdes-france.com\/it\/author\/communication\/"}]}},"_links":{"self":[{"href":"https:\/\/www.lourdes-france.com\/it\/wp-json\/wp\/v2\/posts\/853536","targetHints":{"allow":["GET"]}}],"collection":[{"href":"https:\/\/www.lourdes-france.com\/it\/wp-json\/wp\/v2\/posts"}],"about":[{"href":"https:\/\/www.lourdes-france.com\/it\/wp-json\/wp\/v2\/types\/post"}],"author":[{"embeddable":true,"href":"https:\/\/www.lourdes-france.com\/it\/wp-json\/wp\/v2\/users\/9"}],"replies":[{"embeddable":true,"href":"https:\/\/www.lourdes-france.com\/it\/wp-json\/wp\/v2\/comments?post=853536"}],"version-history":[{"count":4,"href":"https:\/\/www.lourdes-france.com\/it\/wp-json\/wp\/v2\/posts\/853536\/revisions"}],"predecessor-version":[{"id":860945,"href":"https:\/\/www.lourdes-france.com\/it\/wp-json\/wp\/v2\/posts\/853536\/revisions\/860945"}],"wp:featuredmedia":[{"embeddable":true,"href":"https:\/\/www.lourdes-france.com\/it\/wp-json\/wp\/v2\/media\/853722"}],"wp:attachment":[{"href":"https:\/\/www.lourdes-france.com\/it\/wp-json\/wp\/v2\/media?parent=853536"}],"wp:term":[{"taxonomy":"category","embeddable":true,"href":"https:\/\/www.lourdes-france.com\/it\/wp-json\/wp\/v2\/categories?post=853536"},{"taxonomy":"post_tag","embeddable":true,"href":"https:\/\/www.lourdes-france.com\/it\/wp-json\/wp\/v2\/tags?post=853536"}],"curies":[{"name":"wp","href":"https:\/\/api.w.org\/{rel}","templated":true}]}}