{"id":818208,"date":"2024-02-05T16:33:42","date_gmt":"2024-02-05T15:33:42","guid":{"rendered":"https:\/\/www.lourdes-france.com\/le-careme-avec-bernadette\/"},"modified":"2024-02-16T15:50:51","modified_gmt":"2024-02-16T14:50:51","slug":"la-quaresima-con-bernadette","status":"publish","type":"post","link":"https:\/\/www.lourdes-france.com\/it\/la-quaresima-con-bernadette\/","title":{"rendered":"La quaresima con Bernadette"},"content":{"rendered":"\t\t<div data-elementor-type=\"wp-post\" data-elementor-id=\"818208\" class=\"elementor elementor-818208 elementor-817941\" data-elementor-post-type=\"post\">\n\t\t\t\t\t\t<section class=\"elementor-section elementor-top-section elementor-element elementor-element-1af2a418 elementor-section-boxed elementor-section-height-default elementor-section-height-default\" data-id=\"1af2a418\" data-element_type=\"section\">\n\t\t\t\t\t\t<div class=\"elementor-container elementor-column-gap-no\">\n\t\t\t\t\t<div class=\"elementor-column elementor-col-100 elementor-top-column elementor-element elementor-element-504ae95\" data-id=\"504ae95\" data-element_type=\"column\">\n\t\t\t<div class=\"elementor-widget-wrap elementor-element-populated\">\n\t\t\t\t\t\t<div class=\"elementor-element elementor-element-7844a5ed elementor-widget elementor-widget-text-editor\" data-id=\"7844a5ed\" data-element_type=\"widget\" data-widget_type=\"text-editor.default\">\n\t\t\t\t<div class=\"elementor-widget-container\">\n\t\t\t\t\t\t\t\t\t<p><strong>Delle diciotto apparizioni della Vergine Maria a santa Bernadette, quattordici avvennero durante la Quaresima.<\/strong><\/p>\t\t\t\t\t\t\t\t<\/div>\n\t\t\t\t<\/div>\n\t\t\t\t<section class=\"elementor-section elementor-inner-section elementor-element elementor-element-7345543 elementor-section-boxed elementor-section-height-default elementor-section-height-default\" data-id=\"7345543\" data-element_type=\"section\">\n\t\t\t\t\t\t<div class=\"elementor-container elementor-column-gap-default\">\n\t\t\t\t\t<div class=\"elementor-column elementor-col-50 elementor-inner-column elementor-element elementor-element-32c4ed4\" data-id=\"32c4ed4\" data-element_type=\"column\">\n\t\t\t<div class=\"elementor-widget-wrap elementor-element-populated\">\n\t\t\t\t\t\t<div class=\"elementor-element elementor-element-d17e91a elementor-widget elementor-widget-text-editor\" data-id=\"d17e91a\" data-element_type=\"widget\" data-widget_type=\"text-editor.default\">\n\t\t\t\t<div class=\"elementor-widget-container\">\n\t\t\t\t\t\t\t\t\t<p><span style=\"color: #000000;\">Il 14 febbraio 1858, Bernadette si sent\u00ec fortemente attratta a tornare alla grotta di Massabielle. Quel giorno Bernadette pass\u00f2 dalla chiesa e prese dell&#8217;acqua santa.<\/span><br \/><span style=\"color: #000000;\">Il 14 febbraio, quest&#8217;anno, sar\u00e0 il Mercoled\u00ec delle Ceneri, giorno d\u2019ingresso nella Quaresima. Tutti i cristiani nel mondo sono chiamati a recarsi in chiesa per ricevere un invito alla conversione. Come Bernadette, possiamo lasciarci accompagnare da Maria per introdurci nel mistero della fede.<\/span><br \/><span style=\"color: #000000;\">Il Mercoled\u00ec delle Ceneri, primo giorno di Quaresima, \u00e8 segnato dall&#8217;imposizione delle ceneri:<strong> il sacerdote depone un po&#8217; di cenere sulla fronte di ciascun fedele, come segno della fragilit\u00e0 dell&#8217;uomo, ma anche della speranza nella misericordia di Dio.<\/strong><\/span><\/p>\t\t\t\t\t\t\t\t<\/div>\n\t\t\t\t<\/div>\n\t\t\t\t<div class=\"elementor-element elementor-element-5fe0a88 elementor-widget elementor-widget-text-editor\" data-id=\"5fe0a88\" data-element_type=\"widget\" data-widget_type=\"text-editor.default\">\n\t\t\t\t<div class=\"elementor-widget-container\">\n\t\t\t\t\t\t\t\t\t<p><span style=\"color: #000000;\"><strong>Imposizione delle ceneri ad ogni Messa del Santuario.<\/strong> <\/span><\/p>\t\t\t\t\t\t\t\t<\/div>\n\t\t\t\t<\/div>\n\t\t\t\t\t<\/div>\n\t\t<\/div>\n\t\t\t\t<div class=\"elementor-column elementor-col-50 elementor-inner-column elementor-element elementor-element-4742278\" data-id=\"4742278\" data-element_type=\"column\">\n\t\t\t<div class=\"elementor-widget-wrap elementor-element-populated\">\n\t\t\t\t\t\t<div class=\"elementor-element elementor-element-bac9657 elementor-widget elementor-widget-image\" data-id=\"bac9657\" data-element_type=\"widget\" data-widget_type=\"image.default\">\n\t\t\t\t<div class=\"elementor-widget-container\">\n\t\t\t\t\t\t\t\t\t\t\t\t\t\t\t<img fetchpriority=\"high\" decoding=\"async\" width=\"1024\" height=\"683\" src=\"https:\/\/www.lourdes-france.com\/wp-content\/uploads\/2024\/02\/05-02-0170-VIN-messedescendres-1024x683.jpg\" class=\"attachment-large size-large wp-image-817958\" alt=\"\" srcset=\"https:\/\/www.lourdes-france.com\/wp-content\/uploads\/2024\/02\/05-02-0170-VIN-messedescendres-1024x683.jpg 1024w, https:\/\/www.lourdes-france.com\/wp-content\/uploads\/2024\/02\/05-02-0170-VIN-messedescendres-300x200.jpg 300w, https:\/\/www.lourdes-france.com\/wp-content\/uploads\/2024\/02\/05-02-0170-VIN-messedescendres-768x512.jpg 768w, https:\/\/www.lourdes-france.com\/wp-content\/uploads\/2024\/02\/05-02-0170-VIN-messedescendres-1536x1024.jpg 1536w, https:\/\/www.lourdes-france.com\/wp-content\/uploads\/2024\/02\/05-02-0170-VIN-messedescendres-2048x1365.jpg 2048w\" sizes=\"(max-width: 1024px) 100vw, 1024px\" \/>\t\t\t\t\t\t\t\t\t\t\t\t\t\t\t<\/div>\n\t\t\t\t<\/div>\n\t\t\t\t\t<\/div>\n\t\t<\/div>\n\t\t\t\t\t<\/div>\n\t\t<\/section>\n\t\t\t\t<div class=\"elementor-element elementor-element-ebd1de8 elementor-align-center elementor-widget elementor-widget-button\" data-id=\"ebd1de8\" data-element_type=\"widget\" data-widget_type=\"button.default\">\n\t\t\t\t<div class=\"elementor-widget-container\">\n\t\t\t\t\t\t\t\t\t<div class=\"elementor-button-wrapper\">\n\t\t\t\t\t<a class=\"elementor-button elementor-button-link elementor-size-sm\" href=\"https:\/\/www.lourdes-france.com\/it\/lapplicazione-prier-avec-lourdes\/\" target=\"_blank\">\n\t\t\t\t\t\t<span class=\"elementor-button-content-wrapper\">\n\t\t\t\t\t\t\t\t\t<span class=\"elementor-button-text\">Una preghiera al giorno con l'applicazione mobile<\/span>\n\t\t\t\t\t<\/span>\n\t\t\t\t\t<\/a>\n\t\t\t\t<\/div>\n\t\t\t\t\t\t\t\t<\/div>\n\t\t\t\t<\/div>\n\t\t\t\t<div class=\"elementor-element elementor-element-10d60f51 elementor-widget elementor-widget-heading\" data-id=\"10d60f51\" data-element_type=\"widget\" data-widget_type=\"heading.default\">\n\t\t\t\t<div class=\"elementor-widget-container\">\n\t\t\t\t\t<h3 class=\"elementor-heading-title elementor-size-default\">Il Santuario festegger\u00e0 santa Bernadette il 17 febbraio!<\/h3>\t\t\t\t<\/div>\n\t\t\t\t<\/div>\n\t\t\t\t<div class=\"elementor-element elementor-element-7e2fa98f elementor-widget elementor-widget-text-editor\" data-id=\"7e2fa98f\" data-element_type=\"widget\" data-widget_type=\"text-editor.default\">\n\t\t\t\t<div class=\"elementor-widget-container\">\n\t\t\t\t\t\t\t\t\t<p>Nel 1858, il 18 febbraio era un gioved\u00ec, un giorno allora senza lezioni: Bernadette aveva dunque del tempo libero per recarsi alla Grotta. Ma quel gioved\u00ec era soprattutto il giorno dopo il Mercoled\u00ec delle Ceneri. La promessa <strong>della Vergine avvenne quindi proprio all&#8217;inizio della Quaresima<\/strong>.<br \/>Il 18 febbraio fu il giorno della terza apparizione durante la quale, per la prima volta, la \u201cSignora\u201d parl\u00f2 a Bernadette. Non le disse il suo nome e si rifiut\u00f2 di scriverlo nonostante il lapis e il foglio che Bernadette le porse. Ma la Signora le fece una promessa:<strong> di essere felice, ma non in questo mondo, nell&#8217;altro.<\/strong> Basta questo per spiegare la scelta di celebrare Bernadette come cittadina del cielo il 18 febbraio (in Francia e nei paesi francofoni).<br \/><strong>A Lourdes, eccezionalmente, il Santuario festegger\u00e0 santa Bernadette il 17 febbraio, perch\u00e9 il 18 sar\u00e0 la prima domenica di Quaresima.<\/strong><\/p>\t\t\t\t\t\t\t\t<\/div>\n\t\t\t\t<\/div>\n\t\t\t\t\t<\/div>\n\t\t<\/div>\n\t\t\t\t\t<\/div>\n\t\t<\/section>\n\t\t\t\t<section class=\"elementor-section elementor-top-section elementor-element elementor-element-b1cf7c2 elementor-section-boxed elementor-section-height-default elementor-section-height-default\" data-id=\"b1cf7c2\" data-element_type=\"section\">\n\t\t\t\t\t\t<div class=\"elementor-container elementor-column-gap-no\">\n\t\t\t\t\t<div class=\"elementor-column elementor-col-100 elementor-top-column elementor-element elementor-element-4d87a139\" data-id=\"4d87a139\" data-element_type=\"column\">\n\t\t\t<div class=\"elementor-widget-wrap elementor-element-populated\">\n\t\t\t\t\t\t<div class=\"elementor-element elementor-element-54b0da60 elementor-widget elementor-widget-heading\" data-id=\"54b0da60\" data-element_type=\"widget\" data-widget_type=\"heading.default\">\n\t\t\t\t<div class=\"elementor-widget-container\">\n\t\t\t\t\t<h3 class=\"elementor-heading-title elementor-size-default\">Programma per festeggiare santa Bernadette a Lourdes <\/h3>\t\t\t\t<\/div>\n\t\t\t\t<\/div>\n\t\t\t\t\t<\/div>\n\t\t<\/div>\n\t\t\t\t\t<\/div>\n\t\t<\/section>\n\t\t\t\t<section class=\"elementor-section elementor-top-section elementor-element elementor-element-64ab179 elementor-section-boxed elementor-section-height-default elementor-section-height-default\" data-id=\"64ab179\" data-element_type=\"section\">\n\t\t\t\t\t\t<div class=\"elementor-container elementor-column-gap-default\">\n\t\t\t\t\t<div class=\"elementor-column elementor-col-100 elementor-top-column elementor-element elementor-element-3a557cd\" data-id=\"3a557cd\" data-element_type=\"column\">\n\t\t\t<div class=\"elementor-widget-wrap elementor-element-populated\">\n\t\t\t\t\t\t<section class=\"elementor-section elementor-inner-section elementor-element elementor-element-9f321be elementor-section-boxed elementor-section-height-default elementor-section-height-default\" data-id=\"9f321be\" data-element_type=\"section\">\n\t\t\t\t\t\t<div class=\"elementor-container elementor-column-gap-default\">\n\t\t\t\t\t<div class=\"elementor-column elementor-col-50 elementor-inner-column elementor-element elementor-element-a8d60ed\" data-id=\"a8d60ed\" data-element_type=\"column\">\n\t\t\t<div class=\"elementor-widget-wrap elementor-element-populated\">\n\t\t\t\t\t\t<div class=\"elementor-element elementor-element-b3b2e7b elementor-widget elementor-widget-text-editor\" data-id=\"b3b2e7b\" data-element_type=\"widget\" data-widget_type=\"text-editor.default\">\n\t\t\t\t<div class=\"elementor-widget-container\">\n\t\t\t\t\t\t\t\t\t<p><span style=\"text-decoration: underline;\"><span style=\"color: #000000; text-decoration: underline;\"><em><strong>Venerd\u00ec 16 febbraio<\/strong><\/em><\/span><\/span><br \/><span style=\"color: #000000;\"><strong>h.20:30:<\/strong> Processione mariana con fiaccole dalla chiesa parrocchiale, con le reliquie di Santa Bernadette.<\/span><br \/><span style=\"text-decoration: underline;\"><em><strong><span style=\"color: #000000; text-decoration: underline;\">Sabato 17 febbraio<\/span><\/strong><\/em><\/span><br \/><span style=\"color: #000000;\"><strong>h.8:00<\/strong> Messa nella Basilica dell&#8217;Immacolata Concezione<\/span><br \/><span style=\"color: #000000;\"><strong>h.10:00<\/strong> Messa alla Grotta<\/span><br \/><span style=\"color: #000000;\"><strong>h.11:15<\/strong> Messa presieduta da Mons. Micas nella Basilica del Rosario<\/span><br \/><span style=\"color: #000000;\"><strong>h.12:00<\/strong> Angelus alla Grotta ed evocazione dell&#8217;Apparizione<\/span><br \/><span style=\"color: #000000;\"><strong>h.14:00<\/strong> Possibilit\u00e0 di fare il gesto dell&#8217;acqua<\/span><br \/><span style=\"color: #000000;\"><strong>h.16:00<\/strong> Evocazione dell&#8217;Apparizione e catechesi da parte di un cappellano<\/span><br \/><span style=\"color: #000000;\"><strong>h.16:30<\/strong> Messa nella Basilica Nostra Signora del Rosario<\/span><br \/><span style=\"color: #000000;\"><strong>h.17:15<\/strong> Adorazione e benedizione dei pellegrini nella Basilica Nostra Signora del Rosario<br \/><strong>h.18:00<\/strong> Rosario alla Grotta ed evocazione dell&#8217;Apparizione<br \/><strong>h.20:30<\/strong> Rosario o processione con le fiaccole<\/span><\/p><p>\u00a0<\/p>\t\t\t\t\t\t\t\t<\/div>\n\t\t\t\t<\/div>\n\t\t\t\t\t<\/div>\n\t\t<\/div>\n\t\t\t\t<div class=\"elementor-column elementor-col-50 elementor-inner-column elementor-element elementor-element-80e83e8\" data-id=\"80e83e8\" data-element_type=\"column\">\n\t\t\t<div class=\"elementor-widget-wrap elementor-element-populated\">\n\t\t\t\t\t\t<div class=\"elementor-element elementor-element-a66a624 elementor-widget elementor-widget-text-editor\" data-id=\"a66a624\" data-element_type=\"widget\" data-widget_type=\"text-editor.default\">\n\t\t\t\t<div class=\"elementor-widget-container\">\n\t\t\t\t\t\t\t\t\t<p><span style=\"text-decoration: underline; color: #000000;\"><em><strong><span>Domenica 18 febbraio<\/span><\/strong><\/em><\/span><br \/><span style=\"color: #000000;\"><strong>h.8:00<\/strong> Messa nella Basilica dell&#8217;Immacolata Concezione<\/span><br \/><span style=\"color: #000000;\"><strong>h.10:00<\/strong> Messa alla Grotta<\/span><br \/><span style=\"color: #000000;\"><strong>h.11:15<\/strong> Messa nella Basilica Nostra Signora del Rosario<\/span><br \/><span style=\"color: #000000;\"><strong>h.15:30<\/strong> Rosario alla Grotta<\/span><br \/><span style=\"color: #000000;\"><strong>h.16:15<\/strong> Conferenza sul Messaggio di Lourdes<\/span><br \/><span style=\"color: #000000;\"><strong>h.16:30<\/strong> Messa nella Basilica <strong>Nostra Signora del Rosario<\/strong><\/span><br \/><span style=\"color: #000000;\"><strong>h.17:15 <\/strong>Adorazione e benedizione dei pellegrini nella Basilica Nostra Signora del Rosario <\/span><br \/><span style=\"color: #000000;\"><strong>h.18:00<\/strong> Rosario alla Grotta<\/span><br \/><span style=\"color: #000000;\"><strong>h. 20:30<\/strong> Rosario con le fiaccole o processione<\/span><\/p>\t\t\t\t\t\t\t\t<\/div>\n\t\t\t\t<\/div>\n\t\t\t\t\t<\/div>\n\t\t<\/div>\n\t\t\t\t\t<\/div>\n\t\t<\/section>\n\t\t\t\t\t<\/div>\n\t\t<\/div>\n\t\t\t\t\t<\/div>\n\t\t<\/section>\n\t\t\t\t<section class=\"elementor-section elementor-top-section elementor-element elementor-element-1387f85 elementor-section-boxed elementor-section-height-default elementor-section-height-default\" data-id=\"1387f85\" data-element_type=\"section\">\n\t\t\t\t\t\t<div class=\"elementor-container elementor-column-gap-default\">\n\t\t\t\t\t<div class=\"elementor-column elementor-col-100 elementor-top-column elementor-element elementor-element-2a3798a\" data-id=\"2a3798a\" data-element_type=\"column\">\n\t\t\t<div class=\"elementor-widget-wrap elementor-element-populated\">\n\t\t\t\t\t\t<section class=\"elementor-section elementor-inner-section elementor-element elementor-element-1636e85 elementor-section-boxed elementor-section-height-default elementor-section-height-default\" data-id=\"1636e85\" data-element_type=\"section\">\n\t\t\t\t\t\t<div class=\"elementor-container elementor-column-gap-default\">\n\t\t\t\t\t<div class=\"elementor-column elementor-col-50 elementor-inner-column elementor-element elementor-element-c0c2c9e\" data-id=\"c0c2c9e\" data-element_type=\"column\">\n\t\t\t<div class=\"elementor-widget-wrap elementor-element-populated\">\n\t\t\t\t\t\t<div class=\"elementor-element elementor-element-40c12f6 elementor-widget elementor-widget-text-editor\" data-id=\"40c12f6\" data-element_type=\"widget\" data-widget_type=\"text-editor.default\">\n\t\t\t\t<div class=\"elementor-widget-container\">\n\t\t\t\t\t\t\t\t\t<h4 style=\"text-align: center;\">Preghiera a santa Bernadette<\/h4>\t\t\t\t\t\t\t\t<\/div>\n\t\t\t\t<\/div>\n\t\t\t\t<div class=\"elementor-element elementor-element-123d3c8 elementor-widget elementor-widget-text-editor\" data-id=\"123d3c8\" data-element_type=\"widget\" data-widget_type=\"text-editor.default\">\n\t\t\t\t<div class=\"elementor-widget-container\">\n\t\t\t\t\t\t\t\t\t<h5 style=\"text-align: center;\"><span style=\"color: #000000;\">O santa Bernadette,<\/span><br \/><span style=\"color: #000000;\">bambina semplice e pura che a Lourdes<\/span><br \/><span style=\"color: #000000;\">hai contemplato diciotto volte la bellezza<\/span><br \/><span style=\"color: #000000;\">e ricevuto le confidenze dell&#8217;Immacolata e<\/span><br \/><span style=\"color: #000000;\">che poi ti sei voluta nascondere<\/span><br \/><span style=\"color: #000000;\">nel Chiostro di Nevers <\/span><br \/><span style=\"color: #000000;\">fino a consumarti, come ostia, per i peccatori.<\/span><br \/><span style=\"color: #000000;\">Ottieni per noi questo spirito di purezza,<\/span><br \/><span style=\"color: #000000;\">di semplicit\u00e0 e mortificazione<\/span><br \/><span style=\"color: #000000;\">che ci condurr\u00e0 alla visione di Dio<\/span><br \/><span style=\"color: #000000;\">e di Maria in Cielo.<\/span><br \/><span style=\"color: #000000;\">Cos\u00ec sia.<\/span><br \/><em><span style=\"color: #000000;\">Nostra Signora di Lourdes, prega per noi!<\/span><\/em><\/h5>\t\t\t\t\t\t\t\t<\/div>\n\t\t\t\t<\/div>\n\t\t\t\t\t<\/div>\n\t\t<\/div>\n\t\t\t\t<div class=\"elementor-column elementor-col-50 elementor-inner-column elementor-element elementor-element-1f3f359\" data-id=\"1f3f359\" data-element_type=\"column\">\n\t\t\t<div class=\"elementor-widget-wrap elementor-element-populated\">\n\t\t\t\t\t\t<div class=\"elementor-element elementor-element-3ecdcae elementor-widget__width-initial elementor-widget elementor-widget-image\" data-id=\"3ecdcae\" data-element_type=\"widget\" data-widget_type=\"image.default\">\n\t\t\t\t<div class=\"elementor-widget-container\">\n\t\t\t\t\t\t\t\t\t\t\t\t\t\t\t<img decoding=\"async\" width=\"624\" height=\"1024\" src=\"https:\/\/www.lourdes-france.com\/wp-content\/uploads\/2024\/02\/Bernadette.jpg\" class=\"attachment-medium_large size-medium_large wp-image-817984\" alt=\"\" srcset=\"https:\/\/www.lourdes-france.com\/wp-content\/uploads\/2024\/02\/Bernadette.jpg 624w, https:\/\/www.lourdes-france.com\/wp-content\/uploads\/2024\/02\/Bernadette-183x300.jpg 183w\" sizes=\"(max-width: 624px) 100vw, 624px\" \/>\t\t\t\t\t\t\t\t\t\t\t\t\t\t\t<\/div>\n\t\t\t\t<\/div>\n\t\t\t\t\t<\/div>\n\t\t<\/div>\n\t\t\t\t\t<\/div>\n\t\t<\/section>\n\t\t\t\t\t<\/div>\n\t\t<\/div>\n\t\t\t\t\t<\/div>\n\t\t<\/section>\n\t\t\t\t<section class=\"elementor-section elementor-top-section elementor-element elementor-element-78aa0cf elementor-section-boxed elementor-section-height-default elementor-section-height-default\" data-id=\"78aa0cf\" data-element_type=\"section\">\n\t\t\t\t\t\t<div class=\"elementor-container elementor-column-gap-default\">\n\t\t\t\t\t<div class=\"elementor-column elementor-col-100 elementor-top-column elementor-element elementor-element-d878cdc\" data-id=\"d878cdc\" data-element_type=\"column\">\n\t\t\t<div class=\"elementor-widget-wrap elementor-element-populated\">\n\t\t\t\t\t\t<div class=\"elementor-element elementor-element-9befcf2 elementor-widget elementor-widget-image\" data-id=\"9befcf2\" data-element_type=\"widget\" data-widget_type=\"image.default\">\n\t\t\t\t<div class=\"elementor-widget-container\">\n\t\t\t\t\t\t\t\t\t\t\t\t\t\t\t<img decoding=\"async\" width=\"768\" height=\"512\" src=\"https:\/\/www.lourdes-france.com\/wp-content\/uploads\/2024\/02\/RetourdesreliquesdesainteBernadette-768x512.jpg\" class=\"attachment-medium_large size-medium_large wp-image-817965\" alt=\"\" srcset=\"https:\/\/www.lourdes-france.com\/wp-content\/uploads\/2024\/02\/RetourdesreliquesdesainteBernadette-768x512.jpg 768w, https:\/\/www.lourdes-france.com\/wp-content\/uploads\/2024\/02\/RetourdesreliquesdesainteBernadette-300x200.jpg 300w, https:\/\/www.lourdes-france.com\/wp-content\/uploads\/2024\/02\/RetourdesreliquesdesainteBernadette-1024x683.jpg 1024w, https:\/\/www.lourdes-france.com\/wp-content\/uploads\/2024\/02\/RetourdesreliquesdesainteBernadette-1536x1024.jpg 1536w, https:\/\/www.lourdes-france.com\/wp-content\/uploads\/2024\/02\/RetourdesreliquesdesainteBernadette-2048x1365.jpg 2048w\" sizes=\"(max-width: 768px) 100vw, 768px\" \/>\t\t\t\t\t\t\t\t\t\t\t\t\t\t\t<\/div>\n\t\t\t\t<\/div>\n\t\t\t\t\t<\/div>\n\t\t<\/div>\n\t\t\t\t\t<\/div>\n\t\t<\/section>\n\t\t\t\t<\/div>\n\t\t","protected":false},"excerpt":{"rendered":"<p>Delle diciotto apparizioni della Vergine Maria a santa Bernadette, quattordici avvennero durante la Quaresima. Il 14 febbraio 1858, Bernadette si sent\u00ec fortemente attratta a tornare alla grotta di Massabielle. Quel giorno Bernadette pass\u00f2 dalla chiesa e prese dell&#8217;acqua santa. Il &hellip; <a href=\"https:\/\/www.lourdes-france.com\/it\/la-quaresima-con-bernadette\/\">Continua<\/a><\/p>\n","protected":false},"author":9,"featured_media":817946,"comment_status":"closed","ping_status":"closed","sticky":false,"template":"","format":"standard","meta":{"_acf_changed":false,"footnotes":""},"categories":[30],"tags":[],"class_list":["post-818208","post","type-post","status-publish","format-standard","has-post-thumbnail","hentry","category-proprio-ora"],"acf":[],"yoast_head":"<!-- This site is optimized with the Yoast SEO Premium plugin v24.0 (Yoast SEO v26.3) - https:\/\/yoast.com\/wordpress\/plugins\/seo\/ -->\n<title>La quaresima con Bernadette - Vivre le p\u00e8lerinage de Lourdes<\/title>\n<meta name=\"description\" content=\"Delle diciotto apparizioni della Vergine Maria a santa Bernadette, quattordici avvennero durante la Quaresima.\" \/>\n<meta name=\"robots\" content=\"index, follow, max-snippet:-1, max-image-preview:large, max-video-preview:-1\" \/>\n<link rel=\"canonical\" href=\"https:\/\/www.lourdes-france.com\/it\/la-quaresima-con-bernadette\/\" \/>\n<meta property=\"og:locale\" content=\"it_IT\" \/>\n<meta property=\"og:type\" content=\"article\" \/>\n<meta property=\"og:title\" content=\"La quaresima con Bernadette\" \/>\n<meta property=\"og:description\" content=\"Delle diciotto apparizioni della Vergine Maria a santa Bernadette, quattordici avvennero durante la Quaresima.\" \/>\n<meta property=\"og:url\" content=\"https:\/\/www.lourdes-france.com\/it\/la-quaresima-con-bernadette\/\" \/>\n<meta property=\"og:site_name\" content=\"Vivre le p\u00e8lerinage de Lourdes\" \/>\n<meta property=\"article:published_time\" content=\"2024-02-05T15:33:42+00:00\" \/>\n<meta property=\"article:modified_time\" content=\"2024-02-16T14:50:51+00:00\" \/>\n<meta property=\"og:image\" content=\"https:\/\/www.lourdes-france.com\/wp-content\/uploads\/2024\/02\/LachapelleSaint-Michel1-1024x683.jpg\" \/>\n\t<meta property=\"og:image:width\" content=\"1024\" \/>\n\t<meta property=\"og:image:height\" content=\"683\" \/>\n\t<meta property=\"og:image:type\" content=\"image\/jpeg\" \/>\n<meta name=\"author\" content=\"communication\" \/>\n<meta name=\"twitter:card\" content=\"summary_large_image\" \/>\n<meta name=\"twitter:label1\" content=\"Scritto da\" \/>\n\t<meta name=\"twitter:data1\" content=\"communication\" \/>\n<script type=\"application\/ld+json\" class=\"yoast-schema-graph\">{\"@context\":\"https:\/\/schema.org\",\"@graph\":[{\"@type\":\"Article\",\"@id\":\"https:\/\/www.lourdes-france.com\/it\/la-quaresima-con-bernadette\/#article\",\"isPartOf\":{\"@id\":\"https:\/\/www.lourdes-france.com\/it\/la-quaresima-con-bernadette\/\"},\"author\":{\"name\":\"communication\",\"@id\":\"https:\/\/www.lourdes-france.com\/it\/#\/schema\/person\/cec1bc287296b4aed571d4364999fa69\"},\"headline\":\"La quaresima con Bernadette\",\"datePublished\":\"2024-02-05T15:33:42+00:00\",\"dateModified\":\"2024-02-16T14:50:51+00:00\",\"mainEntityOfPage\":{\"@id\":\"https:\/\/www.lourdes-france.com\/it\/la-quaresima-con-bernadette\/\"},\"wordCount\":536,\"publisher\":{\"@id\":\"https:\/\/www.lourdes-france.com\/it\/#organization\"},\"image\":{\"@id\":\"https:\/\/www.lourdes-france.com\/it\/la-quaresima-con-bernadette\/#primaryimage\"},\"thumbnailUrl\":\"https:\/\/www.lourdes-france.com\/wp-content\/uploads\/2024\/02\/LachapelleSaint-Michel1.jpg\",\"articleSection\":[\"Proprio ora\"],\"inLanguage\":\"it-IT\"},{\"@type\":\"WebPage\",\"@id\":\"https:\/\/www.lourdes-france.com\/it\/la-quaresima-con-bernadette\/\",\"url\":\"https:\/\/www.lourdes-france.com\/it\/la-quaresima-con-bernadette\/\",\"name\":\"La quaresima con Bernadette - Vivre le p\u00e8lerinage de Lourdes\",\"isPartOf\":{\"@id\":\"https:\/\/www.lourdes-france.com\/it\/#website\"},\"primaryImageOfPage\":{\"@id\":\"https:\/\/www.lourdes-france.com\/it\/la-quaresima-con-bernadette\/#primaryimage\"},\"image\":{\"@id\":\"https:\/\/www.lourdes-france.com\/it\/la-quaresima-con-bernadette\/#primaryimage\"},\"thumbnailUrl\":\"https:\/\/www.lourdes-france.com\/wp-content\/uploads\/2024\/02\/LachapelleSaint-Michel1.jpg\",\"datePublished\":\"2024-02-05T15:33:42+00:00\",\"dateModified\":\"2024-02-16T14:50:51+00:00\",\"description\":\"Delle diciotto apparizioni della Vergine Maria a santa Bernadette, quattordici avvennero durante la Quaresima.\",\"breadcrumb\":{\"@id\":\"https:\/\/www.lourdes-france.com\/it\/la-quaresima-con-bernadette\/#breadcrumb\"},\"inLanguage\":\"it-IT\",\"potentialAction\":[{\"@type\":\"ReadAction\",\"target\":[\"https:\/\/www.lourdes-france.com\/it\/la-quaresima-con-bernadette\/\"]}]},{\"@type\":\"ImageObject\",\"inLanguage\":\"it-IT\",\"@id\":\"https:\/\/www.lourdes-france.com\/it\/la-quaresima-con-bernadette\/#primaryimage\",\"url\":\"https:\/\/www.lourdes-france.com\/wp-content\/uploads\/2024\/02\/LachapelleSaint-Michel1.jpg\",\"contentUrl\":\"https:\/\/www.lourdes-france.com\/wp-content\/uploads\/2024\/02\/LachapelleSaint-Michel1.jpg\",\"width\":1920,\"height\":1280},{\"@type\":\"BreadcrumbList\",\"@id\":\"https:\/\/www.lourdes-france.com\/it\/la-quaresima-con-bernadette\/#breadcrumb\",\"itemListElement\":[{\"@type\":\"ListItem\",\"position\":1,\"name\":\"Accueil\",\"item\":\"https:\/\/www.lourdes-france.com\/it\/\"},{\"@type\":\"ListItem\",\"position\":2,\"name\":\"La quaresima con Bernadette\"}]},{\"@type\":\"WebSite\",\"@id\":\"https:\/\/www.lourdes-france.com\/it\/#website\",\"url\":\"https:\/\/www.lourdes-france.com\/it\/\",\"name\":\"Sanctuaire Notre-Dame de Lourdes\",\"description\":\"\",\"publisher\":{\"@id\":\"https:\/\/www.lourdes-france.com\/it\/#organization\"},\"potentialAction\":[{\"@type\":\"SearchAction\",\"target\":{\"@type\":\"EntryPoint\",\"urlTemplate\":\"https:\/\/www.lourdes-france.com\/it\/?s={search_term_string}\"},\"query-input\":{\"@type\":\"PropertyValueSpecification\",\"valueRequired\":true,\"valueName\":\"search_term_string\"}}],\"inLanguage\":\"it-IT\"},{\"@type\":\"Organization\",\"@id\":\"https:\/\/www.lourdes-france.com\/it\/#organization\",\"name\":\"Sanctuaire Notre-Dame de Lourdes\",\"url\":\"https:\/\/www.lourdes-france.com\/it\/\",\"logo\":{\"@type\":\"ImageObject\",\"inLanguage\":\"it-IT\",\"@id\":\"https:\/\/www.lourdes-france.com\/it\/#\/schema\/logo\/image\/\",\"url\":\"https:\/\/www.lourdes-france.com\/wp-content\/uploads\/2021\/11\/logo-small.png\",\"contentUrl\":\"https:\/\/www.lourdes-france.com\/wp-content\/uploads\/2021\/11\/logo-small.png\",\"width\":834,\"height\":521,\"caption\":\"Sanctuaire Notre-Dame de Lourdes\"},\"image\":{\"@id\":\"https:\/\/www.lourdes-france.com\/it\/#\/schema\/logo\/image\/\"}},{\"@type\":\"Person\",\"@id\":\"https:\/\/www.lourdes-france.com\/it\/#\/schema\/person\/cec1bc287296b4aed571d4364999fa69\",\"name\":\"communication\",\"image\":{\"@type\":\"ImageObject\",\"inLanguage\":\"it-IT\",\"@id\":\"https:\/\/www.lourdes-france.com\/it\/#\/schema\/person\/image\/\",\"url\":\"https:\/\/secure.gravatar.com\/avatar\/c941c552c76e46c27f2de2045e73ee4cc48fa8d96f958f26a2362c0c73aaf425?s=96&d=mm&r=g\",\"contentUrl\":\"https:\/\/secure.gravatar.com\/avatar\/c941c552c76e46c27f2de2045e73ee4cc48fa8d96f958f26a2362c0c73aaf425?s=96&d=mm&r=g\",\"caption\":\"communication\"},\"url\":\"https:\/\/www.lourdes-france.com\/it\/author\/communication\/\"}]}<\/script>\n<!-- \/ Yoast SEO Premium plugin. -->","yoast_head_json":{"title":"La quaresima con Bernadette - Vivre le p\u00e8lerinage de Lourdes","description":"Delle diciotto apparizioni della Vergine Maria a santa Bernadette, quattordici avvennero durante la Quaresima.","robots":{"index":"index","follow":"follow","max-snippet":"max-snippet:-1","max-image-preview":"max-image-preview:large","max-video-preview":"max-video-preview:-1"},"canonical":"https:\/\/www.lourdes-france.com\/it\/la-quaresima-con-bernadette\/","og_locale":"it_IT","og_type":"article","og_title":"La quaresima con Bernadette","og_description":"Delle diciotto apparizioni della Vergine Maria a santa Bernadette, quattordici avvennero durante la Quaresima.","og_url":"https:\/\/www.lourdes-france.com\/it\/la-quaresima-con-bernadette\/","og_site_name":"Vivre le p\u00e8lerinage de Lourdes","article_published_time":"2024-02-05T15:33:42+00:00","article_modified_time":"2024-02-16T14:50:51+00:00","og_image":[{"width":1024,"height":683,"url":"https:\/\/www.lourdes-france.com\/wp-content\/uploads\/2024\/02\/LachapelleSaint-Michel1-1024x683.jpg","type":"image\/jpeg"}],"author":"communication","twitter_card":"summary_large_image","twitter_misc":{"Scritto da":"communication"},"schema":{"@context":"https:\/\/schema.org","@graph":[{"@type":"Article","@id":"https:\/\/www.lourdes-france.com\/it\/la-quaresima-con-bernadette\/#article","isPartOf":{"@id":"https:\/\/www.lourdes-france.com\/it\/la-quaresima-con-bernadette\/"},"author":{"name":"communication","@id":"https:\/\/www.lourdes-france.com\/it\/#\/schema\/person\/cec1bc287296b4aed571d4364999fa69"},"headline":"La quaresima con Bernadette","datePublished":"2024-02-05T15:33:42+00:00","dateModified":"2024-02-16T14:50:51+00:00","mainEntityOfPage":{"@id":"https:\/\/www.lourdes-france.com\/it\/la-quaresima-con-bernadette\/"},"wordCount":536,"publisher":{"@id":"https:\/\/www.lourdes-france.com\/it\/#organization"},"image":{"@id":"https:\/\/www.lourdes-france.com\/it\/la-quaresima-con-bernadette\/#primaryimage"},"thumbnailUrl":"https:\/\/www.lourdes-france.com\/wp-content\/uploads\/2024\/02\/LachapelleSaint-Michel1.jpg","articleSection":["Proprio ora"],"inLanguage":"it-IT"},{"@type":"WebPage","@id":"https:\/\/www.lourdes-france.com\/it\/la-quaresima-con-bernadette\/","url":"https:\/\/www.lourdes-france.com\/it\/la-quaresima-con-bernadette\/","name":"La quaresima con Bernadette - Vivre le p\u00e8lerinage de Lourdes","isPartOf":{"@id":"https:\/\/www.lourdes-france.com\/it\/#website"},"primaryImageOfPage":{"@id":"https:\/\/www.lourdes-france.com\/it\/la-quaresima-con-bernadette\/#primaryimage"},"image":{"@id":"https:\/\/www.lourdes-france.com\/it\/la-quaresima-con-bernadette\/#primaryimage"},"thumbnailUrl":"https:\/\/www.lourdes-france.com\/wp-content\/uploads\/2024\/02\/LachapelleSaint-Michel1.jpg","datePublished":"2024-02-05T15:33:42+00:00","dateModified":"2024-02-16T14:50:51+00:00","description":"Delle diciotto apparizioni della Vergine Maria a santa Bernadette, quattordici avvennero durante la Quaresima.","breadcrumb":{"@id":"https:\/\/www.lourdes-france.com\/it\/la-quaresima-con-bernadette\/#breadcrumb"},"inLanguage":"it-IT","potentialAction":[{"@type":"ReadAction","target":["https:\/\/www.lourdes-france.com\/it\/la-quaresima-con-bernadette\/"]}]},{"@type":"ImageObject","inLanguage":"it-IT","@id":"https:\/\/www.lourdes-france.com\/it\/la-quaresima-con-bernadette\/#primaryimage","url":"https:\/\/www.lourdes-france.com\/wp-content\/uploads\/2024\/02\/LachapelleSaint-Michel1.jpg","contentUrl":"https:\/\/www.lourdes-france.com\/wp-content\/uploads\/2024\/02\/LachapelleSaint-Michel1.jpg","width":1920,"height":1280},{"@type":"BreadcrumbList","@id":"https:\/\/www.lourdes-france.com\/it\/la-quaresima-con-bernadette\/#breadcrumb","itemListElement":[{"@type":"ListItem","position":1,"name":"Accueil","item":"https:\/\/www.lourdes-france.com\/it\/"},{"@type":"ListItem","position":2,"name":"La quaresima con Bernadette"}]},{"@type":"WebSite","@id":"https:\/\/www.lourdes-france.com\/it\/#website","url":"https:\/\/www.lourdes-france.com\/it\/","name":"Sanctuaire Notre-Dame de Lourdes","description":"","publisher":{"@id":"https:\/\/www.lourdes-france.com\/it\/#organization"},"potentialAction":[{"@type":"SearchAction","target":{"@type":"EntryPoint","urlTemplate":"https:\/\/www.lourdes-france.com\/it\/?s={search_term_string}"},"query-input":{"@type":"PropertyValueSpecification","valueRequired":true,"valueName":"search_term_string"}}],"inLanguage":"it-IT"},{"@type":"Organization","@id":"https:\/\/www.lourdes-france.com\/it\/#organization","name":"Sanctuaire Notre-Dame de Lourdes","url":"https:\/\/www.lourdes-france.com\/it\/","logo":{"@type":"ImageObject","inLanguage":"it-IT","@id":"https:\/\/www.lourdes-france.com\/it\/#\/schema\/logo\/image\/","url":"https:\/\/www.lourdes-france.com\/wp-content\/uploads\/2021\/11\/logo-small.png","contentUrl":"https:\/\/www.lourdes-france.com\/wp-content\/uploads\/2021\/11\/logo-small.png","width":834,"height":521,"caption":"Sanctuaire Notre-Dame de Lourdes"},"image":{"@id":"https:\/\/www.lourdes-france.com\/it\/#\/schema\/logo\/image\/"}},{"@type":"Person","@id":"https:\/\/www.lourdes-france.com\/it\/#\/schema\/person\/cec1bc287296b4aed571d4364999fa69","name":"communication","image":{"@type":"ImageObject","inLanguage":"it-IT","@id":"https:\/\/www.lourdes-france.com\/it\/#\/schema\/person\/image\/","url":"https:\/\/secure.gravatar.com\/avatar\/c941c552c76e46c27f2de2045e73ee4cc48fa8d96f958f26a2362c0c73aaf425?s=96&d=mm&r=g","contentUrl":"https:\/\/secure.gravatar.com\/avatar\/c941c552c76e46c27f2de2045e73ee4cc48fa8d96f958f26a2362c0c73aaf425?s=96&d=mm&r=g","caption":"communication"},"url":"https:\/\/www.lourdes-france.com\/it\/author\/communication\/"}]}},"_links":{"self":[{"href":"https:\/\/www.lourdes-france.com\/it\/wp-json\/wp\/v2\/posts\/818208","targetHints":{"allow":["GET"]}}],"collection":[{"href":"https:\/\/www.lourdes-france.com\/it\/wp-json\/wp\/v2\/posts"}],"about":[{"href":"https:\/\/www.lourdes-france.com\/it\/wp-json\/wp\/v2\/types\/post"}],"author":[{"embeddable":true,"href":"https:\/\/www.lourdes-france.com\/it\/wp-json\/wp\/v2\/users\/9"}],"replies":[{"embeddable":true,"href":"https:\/\/www.lourdes-france.com\/it\/wp-json\/wp\/v2\/comments?post=818208"}],"version-history":[{"count":0,"href":"https:\/\/www.lourdes-france.com\/it\/wp-json\/wp\/v2\/posts\/818208\/revisions"}],"wp:featuredmedia":[{"embeddable":true,"href":"https:\/\/www.lourdes-france.com\/it\/wp-json\/wp\/v2\/media\/817946"}],"wp:attachment":[{"href":"https:\/\/www.lourdes-france.com\/it\/wp-json\/wp\/v2\/media?parent=818208"}],"wp:term":[{"taxonomy":"category","embeddable":true,"href":"https:\/\/www.lourdes-france.com\/it\/wp-json\/wp\/v2\/categories?post=818208"},{"taxonomy":"post_tag","embeddable":true,"href":"https:\/\/www.lourdes-france.com\/it\/wp-json\/wp\/v2\/tags?post=818208"}],"curies":[{"name":"wp","href":"https:\/\/api.w.org\/{rel}","templated":true}]}}