{"id":796221,"date":"2023-01-23T11:30:52","date_gmt":"2023-01-23T10:30:52","guid":{"rendered":"https:\/\/www.lourdes-france.com\/11-fevrier-notre-dame-de-lourdes-et-journee-mondiale-du-malade\/"},"modified":"2023-02-06T08:50:40","modified_gmt":"2023-02-06T07:50:40","slug":"11-febbraio-nostra-signora-di-lourdes-e-giornata-mondiale-del-malato","status":"publish","type":"post","link":"https:\/\/www.lourdes-france.com\/it\/11-febbraio-nostra-signora-di-lourdes-e-giornata-mondiale-del-malato\/","title":{"rendered":"<strong>11 febbraio: Nostra Signora di Lourdes e Giornata Mondiale del Malato<\/strong>"},"content":{"rendered":"\t\t<div data-elementor-type=\"wp-post\" data-elementor-id=\"796221\" class=\"elementor elementor-796221 elementor-796133\" data-elementor-post-type=\"post\">\n\t\t\t\t\t\t<section class=\"elementor-section elementor-top-section elementor-element elementor-element-3113fadd elementor-section-boxed elementor-section-height-default elementor-section-height-default\" data-id=\"3113fadd\" data-element_type=\"section\">\n\t\t\t\t\t\t<div class=\"elementor-container elementor-column-gap-no\">\n\t\t\t\t\t<div class=\"elementor-column elementor-col-100 elementor-top-column elementor-element elementor-element-154dda57\" data-id=\"154dda57\" data-element_type=\"column\">\n\t\t\t<div class=\"elementor-widget-wrap elementor-element-populated\">\n\t\t\t\t\t\t<div class=\"elementor-element elementor-element-b71f0d9 elementor-widget elementor-widget-text-editor\" data-id=\"b71f0d9\" data-element_type=\"widget\" data-widget_type=\"text-editor.default\">\n\t\t\t\t<div class=\"elementor-widget-container\">\n\t\t\t\t\t\t\t\t\t<p><strong>\u201cAnche in questo 11 febbraio 2023 volgiamo lo sguardo al Santuario di Lourdes come a una profezia, a una lezione affidata alla Chiesa nel cuore della modernit\u00e0. (Papa Francesco)<\/strong><\/p>\t\t\t\t\t\t\t\t<\/div>\n\t\t\t\t<\/div>\n\t\t\t\t<div class=\"elementor-element elementor-element-4bb7eea2 elementor-widget elementor-widget-text-editor\" data-id=\"4bb7eea2\" data-element_type=\"widget\" data-widget_type=\"text-editor.default\">\n\t\t\t\t<div class=\"elementor-widget-container\">\n\t\t\t\t\t\t\t\t\t<p><strong>Il Santuario vi invita a celebrare la festa della Madonna di Lourdes presso la Grotta di Massabielle. Sono attesi migliaia di pellegrini per celebrare insieme e pregare la Madonna di Lourdes. Venite a vivere questa bella festa in questo luogo dove i malati sono sempre al primo posto.<\/strong><\/p><p>L&#8217;11 febbraio 1858 una giovane ragazza di 14 anni usc\u00ec da una stanza umida, buia e sporca per andare a raccogliere legna secca, e portare cos\u00ec un po&#8217; di luce e di calore alla triste vita della sua povera casa. Decise allora di andare alla grotta di Massabielle, un luogo comune dove nessuno avrebbe potuto accusarla di essere una ladra. Un posto cos\u00ec degradato&#8230; Un posto dove nemmeno il sole riusciva ad entrare perch\u00e9 orientato altrove.<\/p><p>\u00c8 l\u00ec che la luce del cielo \u00e8 venuta ad illuminare la vita della povera Bernadette. \u00c8 l\u00ec che oggi viene a radunarsi una folla immensa per trovare la luce del cielo. Una folla che viene a cercare l&#8217;acqua viva, l&#8217;acqua del battesimo&#8230; <em><strong>Venite e vedrete!<\/strong><\/em><\/p>\t\t\t\t\t\t\t\t<\/div>\n\t\t\t\t<\/div>\n\t\t\t\t<div class=\"elementor-element elementor-element-8173512 elementor-widget elementor-widget-image\" data-id=\"8173512\" data-element_type=\"widget\" data-widget_type=\"image.default\">\n\t\t\t\t<div class=\"elementor-widget-container\">\n\t\t\t\t\t\t\t\t\t\t\t\t\t\t\t<img fetchpriority=\"high\" decoding=\"async\" width=\"1024\" height=\"450\" src=\"https:\/\/www.lourdes-france.com\/wp-content\/uploads\/2023\/01\/52291690651_aaf08c48a7_o-1024x450.jpg\" class=\"attachment-large size-large wp-image-796146\" alt=\"\" srcset=\"https:\/\/www.lourdes-france.com\/wp-content\/uploads\/2023\/01\/52291690651_aaf08c48a7_o-1024x450.jpg 1024w, https:\/\/www.lourdes-france.com\/wp-content\/uploads\/2023\/01\/52291690651_aaf08c48a7_o-300x132.jpg 300w, https:\/\/www.lourdes-france.com\/wp-content\/uploads\/2023\/01\/52291690651_aaf08c48a7_o-768x338.jpg 768w, https:\/\/www.lourdes-france.com\/wp-content\/uploads\/2023\/01\/52291690651_aaf08c48a7_o-1536x676.jpg 1536w, https:\/\/www.lourdes-france.com\/wp-content\/uploads\/2023\/01\/52291690651_aaf08c48a7_o-2048x901.jpg 2048w\" sizes=\"(max-width: 1024px) 100vw, 1024px\" \/>\t\t\t\t\t\t\t\t\t\t\t\t\t\t\t<\/div>\n\t\t\t\t<\/div>\n\t\t\t\t<div class=\"elementor-element elementor-element-9bb7574 elementor-widget elementor-widget-heading\" data-id=\"9bb7574\" data-element_type=\"widget\" data-widget_type=\"heading.default\">\n\t\t\t\t<div class=\"elementor-widget-container\">\n\t\t\t\t\t<h3 class=\"elementor-heading-title elementor-size-default\">Ricordo della prima apparizione:<\/h3>\t\t\t\t<\/div>\n\t\t\t\t<\/div>\n\t\t\t\t<div class=\"elementor-element elementor-element-35dce972 elementor-widget elementor-widget-text-editor\" data-id=\"35dce972\" data-element_type=\"widget\" id=\"programme_it\" data-widget_type=\"text-editor.default\">\n\t\t\t\t<div class=\"elementor-widget-container\">\n\t\t\t\t\t\t\t\t\t<p><em><strong>\u201cAccompagnata dalla sorella e da un&#8217;amica, Bernadette va a Massabielle, lungo il Gave, a raccogliere ossa e legna secca. Mentre si toglie le calze per attraversare il torrente ed entrare nella Grotta, sente un rumore che sembra un soffio di vento, alza lo sguardo verso la Grotta: \u201cho visto una signora vestita di bianco: indossava una veste bianca e un velo bianco, una fascia azzurra e una rosa gialla su ciascun piede\u201d. Bernadette si fa il segno della croce e recita il rosario con la Signora. Terminata la preghiera, la Signora improvvisamente scompare.\u201d<\/strong><\/em><\/p>\t\t\t\t\t\t\t\t<\/div>\n\t\t\t\t<\/div>\n\t\t\t\t\t<\/div>\n\t\t<\/div>\n\t\t\t\t\t<\/div>\n\t\t<\/section>\n\t\t\t\t<section class=\"elementor-section elementor-top-section elementor-element elementor-element-325d7e66 elementor-section-boxed elementor-section-height-default elementor-section-height-default\" data-id=\"325d7e66\" data-element_type=\"section\">\n\t\t\t\t\t\t<div class=\"elementor-container elementor-column-gap-no\">\n\t\t\t\t\t<div class=\"elementor-column elementor-col-100 elementor-top-column elementor-element elementor-element-439b8ec1\" data-id=\"439b8ec1\" data-element_type=\"column\">\n\t\t\t<div class=\"elementor-widget-wrap elementor-element-populated\">\n\t\t\t\t\t\t<div class=\"elementor-element elementor-element-704b04bf elementor-widget elementor-widget-heading\" data-id=\"704b04bf\" data-element_type=\"widget\" data-widget_type=\"heading.default\">\n\t\t\t\t<div class=\"elementor-widget-container\">\n\t\t\t\t\t<h3 class=\"elementor-heading-title elementor-size-default\">Programma dell'11 febbraio a Lourdes<\/h3>\t\t\t\t<\/div>\n\t\t\t\t<\/div>\n\t\t\t\t\t<\/div>\n\t\t<\/div>\n\t\t\t\t\t<\/div>\n\t\t<\/section>\n\t\t\t\t<section class=\"elementor-section elementor-top-section elementor-element elementor-element-c6225fe elementor-section-boxed elementor-section-height-default elementor-section-height-default\" data-id=\"c6225fe\" data-element_type=\"section\">\n\t\t\t\t\t\t<div class=\"elementor-container elementor-column-gap-default\">\n\t\t\t\t\t<div class=\"elementor-column elementor-col-100 elementor-top-column elementor-element elementor-element-03aa410\" data-id=\"03aa410\" data-element_type=\"column\">\n\t\t\t<div class=\"elementor-widget-wrap elementor-element-populated\">\n\t\t\t\t\t\t<section class=\"elementor-section elementor-inner-section elementor-element elementor-element-9cf798f elementor-section-boxed elementor-section-height-default elementor-section-height-default\" data-id=\"9cf798f\" data-element_type=\"section\">\n\t\t\t\t\t\t<div class=\"elementor-container elementor-column-gap-default\">\n\t\t\t\t\t<div class=\"elementor-column elementor-col-50 elementor-inner-column elementor-element elementor-element-dbdc381\" data-id=\"dbdc381\" data-element_type=\"column\">\n\t\t\t<div class=\"elementor-widget-wrap elementor-element-populated\">\n\t\t\t\t\t\t<div class=\"elementor-element elementor-element-8a6ee66 elementor-widget elementor-widget-image\" data-id=\"8a6ee66\" data-element_type=\"widget\" data-widget_type=\"image.default\">\n\t\t\t\t<div class=\"elementor-widget-container\">\n\t\t\t\t\t\t\t\t\t\t\t\t\t\t\t<img decoding=\"async\" width=\"1024\" height=\"683\" src=\"https:\/\/www.lourdes-france.com\/wp-content\/uploads\/2023\/01\/prirere-paix-slideshow-1024x683-1.jpg\" class=\"attachment-large size-large wp-image-796155\" alt=\"Priere \u00e0 la grotte\" srcset=\"https:\/\/www.lourdes-france.com\/wp-content\/uploads\/2023\/01\/prirere-paix-slideshow-1024x683-1.jpg 1024w, https:\/\/www.lourdes-france.com\/wp-content\/uploads\/2023\/01\/prirere-paix-slideshow-1024x683-1-300x200.jpg 300w, https:\/\/www.lourdes-france.com\/wp-content\/uploads\/2023\/01\/prirere-paix-slideshow-1024x683-1-768x512.jpg 768w\" sizes=\"(max-width: 1024px) 100vw, 1024px\" \/>\t\t\t\t\t\t\t\t\t\t\t\t\t\t\t<\/div>\n\t\t\t\t<\/div>\n\t\t\t\t\t<\/div>\n\t\t<\/div>\n\t\t\t\t<div class=\"elementor-column elementor-col-50 elementor-inner-column elementor-element elementor-element-ce25131\" data-id=\"ce25131\" data-element_type=\"column\">\n\t\t\t<div class=\"elementor-widget-wrap elementor-element-populated\">\n\t\t\t\t\t\t<div class=\"elementor-element elementor-element-b024b75 elementor-widget elementor-widget-text-editor\" data-id=\"b024b75\" data-element_type=\"widget\" data-widget_type=\"text-editor.default\">\n\t\t\t\t<div class=\"elementor-widget-container\">\n\t\t\t\t\t\t\t\t\t<p><em><strong>Il giorno prima<\/strong><\/em><br \/><strong>h.21:00<\/strong> Processione mariana, presieduta da Mons. Micas<\/p><p><em><strong>Il giorno stesso<\/strong> <\/em><br \/><strong>h.10:00<\/strong> Messa Internazionale, presieduta da Mons. Jean-Marc Micas, seguita dall&#8217;Angelus alla Grotta e dalla rievocazione dell&#8217;apparizione del giorno.<br \/><strong>h.14:00<\/strong> Possibilit\u00e0 di fare il gesto dell&#8217;acqua<br \/><strong>h.14:45<\/strong> Passi di Bernadette.<br \/><strong>h.16:30<\/strong> Lodi eucaristiche e benedizione dei malati, presieduta da Mons. Micas.<br \/><strong>h.18:00<\/strong> Rosario alla Grotta<br \/><strong>h.21:00<\/strong> Processione internazionale con le fiaccole<\/p>\t\t\t\t\t\t\t\t<\/div>\n\t\t\t\t<\/div>\n\t\t\t\t\t<\/div>\n\t\t<\/div>\n\t\t\t\t\t<\/div>\n\t\t<\/section>\n\t\t\t\t\t<\/div>\n\t\t<\/div>\n\t\t\t\t\t<\/div>\n\t\t<\/section>\n\t\t\t\t<section class=\"elementor-section elementor-top-section elementor-element elementor-element-72acccee elementor-section-boxed elementor-section-height-default elementor-section-height-default\" data-id=\"72acccee\" data-element_type=\"section\">\n\t\t\t\t\t\t<div class=\"elementor-container elementor-column-gap-no\">\n\t\t\t\t\t<div class=\"elementor-column elementor-col-100 elementor-top-column elementor-element elementor-element-10705c48\" data-id=\"10705c48\" data-element_type=\"column\">\n\t\t\t<div class=\"elementor-widget-wrap elementor-element-populated\">\n\t\t\t\t\t\t<div class=\"elementor-element elementor-element-3b131eda elementor-widget elementor-widget-heading\" data-id=\"3b131eda\" data-element_type=\"widget\" id=\"neuvaine_it\" data-widget_type=\"heading.default\">\n\t\t\t\t<div class=\"elementor-widget-container\">\n\t\t\t\t\t<h3 class=\"elementor-heading-title elementor-size-default\">Affidiamo le nostre intenzioni alla Madonna di Lourdes<\/h3>\t\t\t\t<\/div>\n\t\t\t\t<\/div>\n\t\t\t\t\t<\/div>\n\t\t<\/div>\n\t\t\t\t\t<\/div>\n\t\t<\/section>\n\t\t\t\t<section class=\"elementor-section elementor-top-section elementor-element elementor-element-1edc4c1 elementor-section-boxed elementor-section-height-default elementor-section-height-default\" data-id=\"1edc4c1\" data-element_type=\"section\">\n\t\t\t\t\t\t<div class=\"elementor-container elementor-column-gap-default\">\n\t\t\t\t\t<div class=\"elementor-column elementor-col-100 elementor-top-column elementor-element elementor-element-dfd1539\" data-id=\"dfd1539\" data-element_type=\"column\">\n\t\t\t<div class=\"elementor-widget-wrap elementor-element-populated\">\n\t\t\t\t\t\t<div class=\"elementor-element elementor-element-afbd08d elementor-widget elementor-widget-text-editor\" data-id=\"afbd08d\" data-element_type=\"widget\" data-widget_type=\"text-editor.default\">\n\t\t\t\t<div class=\"elementor-widget-container\">\n\t\t\t\t\t\t\t\t\t<h5 style=\"text-align: center;\">La novena preparatoria per la festa della Madonna di Lourdes, dal 2 al 10 febbraio 2023.<\/h5>\t\t\t\t\t\t\t\t<\/div>\n\t\t\t\t<\/div>\n\t\t\t\t<section class=\"elementor-section elementor-inner-section elementor-element elementor-element-769d1a9 elementor-section-boxed elementor-section-height-default elementor-section-height-default\" data-id=\"769d1a9\" data-element_type=\"section\">\n\t\t\t\t\t\t<div class=\"elementor-container elementor-column-gap-default\">\n\t\t\t\t\t<div class=\"elementor-column elementor-col-33 elementor-inner-column elementor-element elementor-element-d5c477d\" data-id=\"d5c477d\" data-element_type=\"column\">\n\t\t\t<div class=\"elementor-widget-wrap elementor-element-populated\">\n\t\t\t\t\t\t<div class=\"elementor-element elementor-element-6023137 elementor-align-center elementor-widget elementor-widget-button\" data-id=\"6023137\" data-element_type=\"widget\" data-widget_type=\"button.default\">\n\t\t\t\t<div class=\"elementor-widget-container\">\n\t\t\t\t\t\t\t\t\t<div class=\"elementor-button-wrapper\">\n\t\t\t\t\t<a class=\"elementor-button elementor-button-link elementor-size-sm\" href=\"https:\/\/www.lourdes-france.com\/wp-content\/uploads\/2023\/01\/Primo-giorno.pdf\" target=\"_blank\">\n\t\t\t\t\t\t<span class=\"elementor-button-content-wrapper\">\n\t\t\t\t\t\t\t\t\t<span class=\"elementor-button-text\">Primo Giorno<\/span>\n\t\t\t\t\t<\/span>\n\t\t\t\t\t<\/a>\n\t\t\t\t<\/div>\n\t\t\t\t\t\t\t\t<\/div>\n\t\t\t\t<\/div>\n\t\t\t\t<div class=\"elementor-element elementor-element-7112de2 elementor-align-center elementor-widget elementor-widget-button\" data-id=\"7112de2\" data-element_type=\"widget\" data-widget_type=\"button.default\">\n\t\t\t\t<div class=\"elementor-widget-container\">\n\t\t\t\t\t\t\t\t\t<div class=\"elementor-button-wrapper\">\n\t\t\t\t\t<a class=\"elementor-button elementor-button-link elementor-size-sm\" href=\"https:\/\/www.lourdes-france.com\/wp-content\/uploads\/2023\/01\/Secondo-giorno.pdf\" target=\"_blank\">\n\t\t\t\t\t\t<span class=\"elementor-button-content-wrapper\">\n\t\t\t\t\t\t\t\t\t<span class=\"elementor-button-text\">Secondo giorno<\/span>\n\t\t\t\t\t<\/span>\n\t\t\t\t\t<\/a>\n\t\t\t\t<\/div>\n\t\t\t\t\t\t\t\t<\/div>\n\t\t\t\t<\/div>\n\t\t\t\t<div class=\"elementor-element elementor-element-c9951e4 elementor-align-center elementor-widget elementor-widget-button\" data-id=\"c9951e4\" data-element_type=\"widget\" data-widget_type=\"button.default\">\n\t\t\t\t<div class=\"elementor-widget-container\">\n\t\t\t\t\t\t\t\t\t<div class=\"elementor-button-wrapper\">\n\t\t\t\t\t<a class=\"elementor-button elementor-button-link elementor-size-sm\" href=\"https:\/\/www.lourdes-france.com\/wp-content\/uploads\/2023\/01\/Terzo-giorno.pdf\" target=\"_blank\">\n\t\t\t\t\t\t<span class=\"elementor-button-content-wrapper\">\n\t\t\t\t\t\t\t\t\t<span class=\"elementor-button-text\">Terzo giorno<\/span>\n\t\t\t\t\t<\/span>\n\t\t\t\t\t<\/a>\n\t\t\t\t<\/div>\n\t\t\t\t\t\t\t\t<\/div>\n\t\t\t\t<\/div>\n\t\t\t\t\t<\/div>\n\t\t<\/div>\n\t\t\t\t<div class=\"elementor-column elementor-col-33 elementor-inner-column elementor-element elementor-element-829746d\" data-id=\"829746d\" data-element_type=\"column\">\n\t\t\t<div class=\"elementor-widget-wrap elementor-element-populated\">\n\t\t\t\t\t\t<div class=\"elementor-element elementor-element-ad6a09c elementor-align-center elementor-widget elementor-widget-button\" data-id=\"ad6a09c\" data-element_type=\"widget\" data-widget_type=\"button.default\">\n\t\t\t\t<div class=\"elementor-widget-container\">\n\t\t\t\t\t\t\t\t\t<div class=\"elementor-button-wrapper\">\n\t\t\t\t\t<a class=\"elementor-button elementor-button-link elementor-size-sm\" href=\"https:\/\/www.lourdes-france.com\/wp-content\/uploads\/2023\/01\/Quarto-giorno.pdf\" target=\"_blank\">\n\t\t\t\t\t\t<span class=\"elementor-button-content-wrapper\">\n\t\t\t\t\t\t\t\t\t<span class=\"elementor-button-text\">Quarto giorno<\/span>\n\t\t\t\t\t<\/span>\n\t\t\t\t\t<\/a>\n\t\t\t\t<\/div>\n\t\t\t\t\t\t\t\t<\/div>\n\t\t\t\t<\/div>\n\t\t\t\t<div class=\"elementor-element elementor-element-74956d7 elementor-align-center elementor-widget elementor-widget-button\" data-id=\"74956d7\" data-element_type=\"widget\" data-widget_type=\"button.default\">\n\t\t\t\t<div class=\"elementor-widget-container\">\n\t\t\t\t\t\t\t\t\t<div class=\"elementor-button-wrapper\">\n\t\t\t\t\t<a class=\"elementor-button elementor-button-link elementor-size-sm\" href=\"https:\/\/www.lourdes-france.com\/wp-content\/uploads\/2023\/01\/Quinto-giorno.pdf\" target=\"_blank\">\n\t\t\t\t\t\t<span class=\"elementor-button-content-wrapper\">\n\t\t\t\t\t\t\t\t\t<span class=\"elementor-button-text\">Quinto giorno<\/span>\n\t\t\t\t\t<\/span>\n\t\t\t\t\t<\/a>\n\t\t\t\t<\/div>\n\t\t\t\t\t\t\t\t<\/div>\n\t\t\t\t<\/div>\n\t\t\t\t<div class=\"elementor-element elementor-element-57253da elementor-align-center elementor-widget elementor-widget-button\" data-id=\"57253da\" data-element_type=\"widget\" data-widget_type=\"button.default\">\n\t\t\t\t<div class=\"elementor-widget-container\">\n\t\t\t\t\t\t\t\t\t<div class=\"elementor-button-wrapper\">\n\t\t\t\t\t<a class=\"elementor-button elementor-button-link elementor-size-sm\" href=\"https:\/\/www.lourdes-france.com\/wp-content\/uploads\/2023\/01\/sesto-giorno.pdf\" target=\"_blank\">\n\t\t\t\t\t\t<span class=\"elementor-button-content-wrapper\">\n\t\t\t\t\t\t\t\t\t<span class=\"elementor-button-text\">Sesto giorno<\/span>\n\t\t\t\t\t<\/span>\n\t\t\t\t\t<\/a>\n\t\t\t\t<\/div>\n\t\t\t\t\t\t\t\t<\/div>\n\t\t\t\t<\/div>\n\t\t\t\t\t<\/div>\n\t\t<\/div>\n\t\t\t\t<div class=\"elementor-column elementor-col-33 elementor-inner-column elementor-element elementor-element-42ebe89\" data-id=\"42ebe89\" data-element_type=\"column\">\n\t\t\t<div class=\"elementor-widget-wrap elementor-element-populated\">\n\t\t\t\t\t\t<div class=\"elementor-element elementor-element-9bef550 elementor-align-center elementor-widget elementor-widget-button\" data-id=\"9bef550\" data-element_type=\"widget\" data-widget_type=\"button.default\">\n\t\t\t\t<div class=\"elementor-widget-container\">\n\t\t\t\t\t\t\t\t\t<div class=\"elementor-button-wrapper\">\n\t\t\t\t\t<a class=\"elementor-button elementor-button-link elementor-size-sm\" href=\"https:\/\/www.lourdes-france.com\/wp-content\/uploads\/2023\/01\/Settimo-giorno.pdf\" target=\"_blank\">\n\t\t\t\t\t\t<span class=\"elementor-button-content-wrapper\">\n\t\t\t\t\t\t\t\t\t<span class=\"elementor-button-text\">Settimo giorno<\/span>\n\t\t\t\t\t<\/span>\n\t\t\t\t\t<\/a>\n\t\t\t\t<\/div>\n\t\t\t\t\t\t\t\t<\/div>\n\t\t\t\t<\/div>\n\t\t\t\t<div class=\"elementor-element elementor-element-5db6e3b elementor-align-center elementor-widget elementor-widget-button\" data-id=\"5db6e3b\" data-element_type=\"widget\" data-widget_type=\"button.default\">\n\t\t\t\t<div class=\"elementor-widget-container\">\n\t\t\t\t\t\t\t\t\t<div class=\"elementor-button-wrapper\">\n\t\t\t\t\t<a class=\"elementor-button elementor-button-link elementor-size-sm\" href=\"https:\/\/www.lourdes-france.com\/wp-content\/uploads\/2023\/01\/Ottavo-giorno.pdf\" target=\"_blank\">\n\t\t\t\t\t\t<span class=\"elementor-button-content-wrapper\">\n\t\t\t\t\t\t\t\t\t<span class=\"elementor-button-text\">Ottavo giorno<\/span>\n\t\t\t\t\t<\/span>\n\t\t\t\t\t<\/a>\n\t\t\t\t<\/div>\n\t\t\t\t\t\t\t\t<\/div>\n\t\t\t\t<\/div>\n\t\t\t\t<div class=\"elementor-element elementor-element-ca2ff07 elementor-align-center elementor-widget elementor-widget-button\" data-id=\"ca2ff07\" data-element_type=\"widget\" data-widget_type=\"button.default\">\n\t\t\t\t<div class=\"elementor-widget-container\">\n\t\t\t\t\t\t\t\t\t<div class=\"elementor-button-wrapper\">\n\t\t\t\t\t<a class=\"elementor-button elementor-button-link elementor-size-sm\" href=\"https:\/\/www.lourdes-france.com\/wp-content\/uploads\/2023\/01\/Nono-giorno.pdf\" target=\"_blank\">\n\t\t\t\t\t\t<span class=\"elementor-button-content-wrapper\">\n\t\t\t\t\t\t\t\t\t<span class=\"elementor-button-text\">Nono giorno<\/span>\n\t\t\t\t\t<\/span>\n\t\t\t\t\t<\/a>\n\t\t\t\t<\/div>\n\t\t\t\t\t\t\t\t<\/div>\n\t\t\t\t<\/div>\n\t\t\t\t\t<\/div>\n\t\t<\/div>\n\t\t\t\t\t<\/div>\n\t\t<\/section>\n\t\t\t\t<section class=\"elementor-section elementor-inner-section elementor-element elementor-element-77fc2e2 elementor-section-boxed elementor-section-height-default elementor-section-height-default\" data-id=\"77fc2e2\" data-element_type=\"section\">\n\t\t\t\t\t\t<div class=\"elementor-container elementor-column-gap-default\">\n\t\t\t\t\t<div class=\"elementor-column elementor-col-100 elementor-inner-column elementor-element elementor-element-7c4d5f1\" data-id=\"7c4d5f1\" data-element_type=\"column\">\n\t\t\t<div class=\"elementor-widget-wrap elementor-element-populated\">\n\t\t\t\t\t\t<div class=\"elementor-element elementor-element-1289cf8 elementor-align-center elementor-widget elementor-widget-button\" data-id=\"1289cf8\" data-element_type=\"widget\" data-widget_type=\"button.default\">\n\t\t\t\t<div class=\"elementor-widget-container\">\n\t\t\t\t\t\t\t\t\t<div class=\"elementor-button-wrapper\">\n\t\t\t\t\t<a class=\"elementor-button elementor-button-link elementor-size-sm\" href=\"https:\/\/www.lourdes-france.com\/wp-content\/uploads\/2023\/01\/Novena-per-la-festa-della-Madonna-di-Lourdes.pdf\" target=\"_blank\">\n\t\t\t\t\t\t<span class=\"elementor-button-content-wrapper\">\n\t\t\t\t\t\t\t\t\t<span class=\"elementor-button-text\">Tutti i giorni della novena<\/span>\n\t\t\t\t\t<\/span>\n\t\t\t\t\t<\/a>\n\t\t\t\t<\/div>\n\t\t\t\t\t\t\t\t<\/div>\n\t\t\t\t<\/div>\n\t\t\t\t\t<\/div>\n\t\t<\/div>\n\t\t\t\t\t<\/div>\n\t\t<\/section>\n\t\t\t\t<div class=\"elementor-element elementor-element-6e857a0 elementor-widget elementor-widget-text-editor\" data-id=\"6e857a0\" data-element_type=\"widget\" data-widget_type=\"text-editor.default\">\n\t\t\t\t<div class=\"elementor-widget-container\">\n\t\t\t\t\t\t\t\t\t<h5>Potrete recitare la novena in diretta TV dalla Grotta di Lourdes, con Padre Nicola Ventriglia, tutti i giorni alle 18 in concomitanza del rosario.<\/h5>\t\t\t\t\t\t\t\t<\/div>\n\t\t\t\t<\/div>\n\t\t\t\t\t<\/div>\n\t\t<\/div>\n\t\t\t\t\t<\/div>\n\t\t<\/section>\n\t\t\t\t<section class=\"elementor-section elementor-top-section elementor-element elementor-element-7168923 elementor-section-boxed elementor-section-height-default elementor-section-height-default\" data-id=\"7168923\" data-element_type=\"section\">\n\t\t\t\t\t\t<div class=\"elementor-container elementor-column-gap-default\">\n\t\t\t\t\t<div class=\"elementor-column elementor-col-100 elementor-top-column elementor-element elementor-element-c95ab29\" data-id=\"c95ab29\" data-element_type=\"column\">\n\t\t\t<div class=\"elementor-widget-wrap elementor-element-populated\">\n\t\t\t\t\t\t<div class=\"elementor-element elementor-element-cece62a elementor-widget elementor-widget-image\" data-id=\"cece62a\" data-element_type=\"widget\" data-widget_type=\"image.default\">\n\t\t\t\t<div class=\"elementor-widget-container\">\n\t\t\t\t\t\t\t\t\t\t\t\t\t\t\t<img decoding=\"async\" width=\"1024\" height=\"683\" src=\"https:\/\/www.lourdes-france.com\/wp-content\/uploads\/2023\/01\/Angelus_Italie-1-1024x683.jpg\" class=\"attachment-large size-large wp-image-796711\" alt=\"\" srcset=\"https:\/\/www.lourdes-france.com\/wp-content\/uploads\/2023\/01\/Angelus_Italie-1-1024x683.jpg 1024w, https:\/\/www.lourdes-france.com\/wp-content\/uploads\/2023\/01\/Angelus_Italie-1-300x200.jpg 300w, https:\/\/www.lourdes-france.com\/wp-content\/uploads\/2023\/01\/Angelus_Italie-1-768x512.jpg 768w, https:\/\/www.lourdes-france.com\/wp-content\/uploads\/2023\/01\/Angelus_Italie-1-1536x1024.jpg 1536w, https:\/\/www.lourdes-france.com\/wp-content\/uploads\/2023\/01\/Angelus_Italie-1-2048x1365.jpg 2048w\" sizes=\"(max-width: 1024px) 100vw, 1024px\" \/>\t\t\t\t\t\t\t\t\t\t\t\t\t\t\t<\/div>\n\t\t\t\t<\/div>\n\t\t\t\t<div class=\"elementor-element elementor-element-b3db7ad elementor-align-center elementor-widget elementor-widget-button\" data-id=\"b3db7ad\" data-element_type=\"widget\" data-widget_type=\"button.default\">\n\t\t\t\t<div class=\"elementor-widget-container\">\n\t\t\t\t\t\t\t\t\t<div class=\"elementor-button-wrapper\">\n\t\t\t\t\t<a class=\"elementor-button elementor-button-link elementor-size-sm\" href=\"https:\/\/www.lourdes-france.org\/it\/cierge-en-ligne\/\" target=\"_blank\">\n\t\t\t\t\t\t<span class=\"elementor-button-content-wrapper\">\n\t\t\t\t\t\t\t\t\t<span class=\"elementor-button-text\">Fare accendere una candela<\/span>\n\t\t\t\t\t<\/span>\n\t\t\t\t\t<\/a>\n\t\t\t\t<\/div>\n\t\t\t\t\t\t\t\t<\/div>\n\t\t\t\t<\/div>\n\t\t\t\t\t<\/div>\n\t\t<\/div>\n\t\t\t\t\t<\/div>\n\t\t<\/section>\n\t\t\t\t<section class=\"elementor-section elementor-top-section elementor-element elementor-element-444f16b7 elementor-section-boxed elementor-section-height-default elementor-section-height-default\" data-id=\"444f16b7\" data-element_type=\"section\">\n\t\t\t\t\t\t<div class=\"elementor-container elementor-column-gap-no\">\n\t\t\t\t\t<div class=\"elementor-column elementor-col-100 elementor-top-column elementor-element elementor-element-7e42be63\" data-id=\"7e42be63\" data-element_type=\"column\">\n\t\t\t<div class=\"elementor-widget-wrap elementor-element-populated\">\n\t\t\t\t\t\t<div class=\"elementor-element elementor-element-692ec9f6 elementor-widget elementor-widget-heading\" data-id=\"692ec9f6\" data-element_type=\"widget\" data-widget_type=\"heading.default\">\n\t\t\t\t<div class=\"elementor-widget-container\">\n\t\t\t\t\t<h3 class=\"elementor-heading-title elementor-size-default\">  XXXIa GIORNATA MONDIALE DEL MALATO<\/h3>\t\t\t\t<\/div>\n\t\t\t\t<\/div>\n\t\t\t\t<div class=\"elementor-element elementor-element-1c3adcdd elementor-widget elementor-widget-text-editor\" data-id=\"1c3adcdd\" data-element_type=\"widget\" data-widget_type=\"text-editor.default\">\n\t\t\t\t<div class=\"elementor-widget-container\">\n\t\t\t\t\t\t\t\t\t<p><strong>&#8221; Prenditi cura di lui &#8220;.<\/strong><\/p><p>\u201cLa malattia fa parte della nostra esperienza umana. Ma pu\u00f2 diventare disumana se vissuta nell&#8217;isolamento e nell&#8217;abbandono, se non \u00e8 accompagnata dalla cura e dalla compassione\u00bb, dice Papa Francesco all&#8217;inizio del suo messaggio per la Giornata Mondiale del Malato in questo 11 febbraio 2023.Papa Francesco ci sfida a prenderci cura dei malati, dei pi\u00f9 piccoli in particolare. Lourdes \u00e8 conosciuta in tutto il mondo perch\u00e9 in questo luogo si fa di tutto per mettere al primo posto i malati e coloro che li assistono.<\/p><p>Ognuno pu\u00f2 mettersi al servizio degli altri, ciascuno secondo i propri talenti e capacit\u00e0:<\/p>\t\t\t\t\t\t\t\t<\/div>\n\t\t\t\t<\/div>\n\t\t\t\t\t<\/div>\n\t\t<\/div>\n\t\t\t\t\t<\/div>\n\t\t<\/section>\n\t\t\t\t<section class=\"elementor-section elementor-top-section elementor-element elementor-element-a78ba7d elementor-section-boxed elementor-section-height-default elementor-section-height-default\" data-id=\"a78ba7d\" data-element_type=\"section\">\n\t\t\t\t\t\t<div class=\"elementor-container elementor-column-gap-default\">\n\t\t\t\t\t<div class=\"elementor-column elementor-col-100 elementor-top-column elementor-element elementor-element-3b9024b\" data-id=\"3b9024b\" data-element_type=\"column\">\n\t\t\t<div class=\"elementor-widget-wrap elementor-element-populated\">\n\t\t\t\t\t\t<section class=\"elementor-section elementor-inner-section elementor-element elementor-element-ce64942 elementor-section-boxed elementor-section-height-default elementor-section-height-default\" data-id=\"ce64942\" data-element_type=\"section\">\n\t\t\t\t\t\t<div class=\"elementor-container elementor-column-gap-default\">\n\t\t\t\t\t<div class=\"elementor-column elementor-col-50 elementor-inner-column elementor-element elementor-element-5b4712c\" data-id=\"5b4712c\" data-element_type=\"column\">\n\t\t\t<div class=\"elementor-widget-wrap elementor-element-populated\">\n\t\t\t\t\t\t<div class=\"elementor-element elementor-element-23cde78 elementor-align-center elementor-widget elementor-widget-button\" data-id=\"23cde78\" data-element_type=\"widget\" data-widget_type=\"button.default\">\n\t\t\t\t<div class=\"elementor-widget-container\">\n\t\t\t\t\t\t\t\t\t<div class=\"elementor-button-wrapper\">\n\t\t\t\t\t<a class=\"elementor-button elementor-button-link elementor-size-sm\" href=\"https:\/\/www.lourdes-france.com\/it\/benevole\/\" target=\"_blank\">\n\t\t\t\t\t\t<span class=\"elementor-button-content-wrapper\">\n\t\t\t\t\t\t\t\t\t<span class=\"elementor-button-text\">Volontariato<\/span>\n\t\t\t\t\t<\/span>\n\t\t\t\t\t<\/a>\n\t\t\t\t<\/div>\n\t\t\t\t\t\t\t\t<\/div>\n\t\t\t\t<\/div>\n\t\t\t\t\t<\/div>\n\t\t<\/div>\n\t\t\t\t<div class=\"elementor-column elementor-col-50 elementor-inner-column elementor-element elementor-element-fed376a\" data-id=\"fed376a\" data-element_type=\"column\">\n\t\t\t<div class=\"elementor-widget-wrap elementor-element-populated\">\n\t\t\t\t\t\t<div class=\"elementor-element elementor-element-abeb8e1 elementor-widget elementor-widget-button\" data-id=\"abeb8e1\" data-element_type=\"widget\" data-widget_type=\"button.default\">\n\t\t\t\t<div class=\"elementor-widget-container\">\n\t\t\t\t\t\t\t\t\t<div class=\"elementor-button-wrapper\">\n\t\t\t\t\t<a class=\"elementor-button elementor-button-link elementor-size-sm\" href=\"https:\/\/hospitalite-nd-lourdes.com\/it\/\" target=\"_blank\">\n\t\t\t\t\t\t<span class=\"elementor-button-content-wrapper\">\n\t\t\t\t\t\t\t\t\t<span class=\"elementor-button-text\">Hospitalit\u00e9 Nostra Signora di Lourdes <\/span>\n\t\t\t\t\t<\/span>\n\t\t\t\t\t<\/a>\n\t\t\t\t<\/div>\n\t\t\t\t\t\t\t\t<\/div>\n\t\t\t\t<\/div>\n\t\t\t\t\t<\/div>\n\t\t<\/div>\n\t\t\t\t\t<\/div>\n\t\t<\/section>\n\t\t\t\t\t<\/div>\n\t\t<\/div>\n\t\t\t\t\t<\/div>\n\t\t<\/section>\n\t\t\t\t<section class=\"elementor-section elementor-top-section elementor-element elementor-element-582db92d elementor-section-boxed elementor-section-height-default elementor-section-height-default\" data-id=\"582db92d\" data-element_type=\"section\">\n\t\t\t\t\t\t<div class=\"elementor-container elementor-column-gap-no\">\n\t\t\t\t\t<div class=\"elementor-column elementor-col-100 elementor-top-column elementor-element elementor-element-bc1b13f\" data-id=\"bc1b13f\" data-element_type=\"column\">\n\t\t\t<div class=\"elementor-widget-wrap elementor-element-populated\">\n\t\t\t\t\t\t<div class=\"elementor-element elementor-element-2338c7ba elementor-widget elementor-widget-heading\" data-id=\"2338c7ba\" data-element_type=\"widget\" data-widget_type=\"heading.default\">\n\t\t\t\t<div class=\"elementor-widget-container\">\n\t\t\t\t\t<h3 class=\"elementor-heading-title elementor-size-default\">Lourdes una comunit\u00e0 accogliente<\/h3>\t\t\t\t<\/div>\n\t\t\t\t<\/div>\n\t\t\t\t<div class=\"elementor-element elementor-element-17f664f4 elementor-widget elementor-widget-text-editor\" data-id=\"17f664f4\" data-element_type=\"widget\" data-widget_type=\"text-editor.default\">\n\t\t\t\t<div class=\"elementor-widget-container\">\n\t\t\t\t\t\t\t\t\t<p><strong>\u201cAbbi cura di lui\u2026<\/strong>\u201d (Lc 10,35): questa \u00e8 la raccomandazione del samaritano all&#8217;oste. Ges\u00f9 lo ripete anche a ciascuno di noi e, alla fine, ci esorta cos\u00ec: \u201cVa&#8217; e anche tu fa&#8217; lo stesso\u201d.<br \/>Con queste parole Papa Francesco ci mette in cammino, soprattutto qui a Lourdes, perch\u00e9 siamo noi questa locanda e l&#8217;oste che accoglie i malati.<\/p>\t\t\t\t\t\t\t\t<\/div>\n\t\t\t\t<\/div>\n\t\t\t\t\t<\/div>\n\t\t<\/div>\n\t\t\t\t\t<\/div>\n\t\t<\/section>\n\t\t\t\t<section class=\"elementor-section elementor-top-section elementor-element elementor-element-3c3dffe elementor-section-boxed elementor-section-height-default elementor-section-height-default\" data-id=\"3c3dffe\" data-element_type=\"section\">\n\t\t\t\t\t\t<div class=\"elementor-container elementor-column-gap-default\">\n\t\t\t\t\t<div class=\"elementor-column elementor-col-100 elementor-top-column elementor-element elementor-element-d25847d\" data-id=\"d25847d\" data-element_type=\"column\">\n\t\t\t<div class=\"elementor-widget-wrap elementor-element-populated\">\n\t\t\t\t\t\t<div class=\"elementor-element elementor-element-1c4d075 elementor-align-center elementor-widget elementor-widget-button\" data-id=\"1c4d075\" data-element_type=\"widget\" data-widget_type=\"button.default\">\n\t\t\t\t<div class=\"elementor-widget-container\">\n\t\t\t\t\t\t\t\t\t<div class=\"elementor-button-wrapper\">\n\t\t\t\t\t<a class=\"elementor-button elementor-button-link elementor-size-sm\" href=\"https:\/\/www.lourdes-france.org\/it\/\" target=\"_blank\">\n\t\t\t\t\t\t<span class=\"elementor-button-content-wrapper\">\n\t\t\t\t\t\t\t\t\t<span class=\"elementor-button-text\">Lourdes e il suo messaggio<\/span>\n\t\t\t\t\t<\/span>\n\t\t\t\t\t<\/a>\n\t\t\t\t<\/div>\n\t\t\t\t\t\t\t\t<\/div>\n\t\t\t\t<\/div>\n\t\t\t\t\t<\/div>\n\t\t<\/div>\n\t\t\t\t\t<\/div>\n\t\t<\/section>\n\t\t\t\t<section class=\"elementor-section elementor-top-section elementor-element elementor-element-a2de1c1 elementor-section-boxed elementor-section-height-default elementor-section-height-default\" data-id=\"a2de1c1\" data-element_type=\"section\">\n\t\t\t\t\t\t<div class=\"elementor-container elementor-column-gap-default\">\n\t\t\t\t\t<div class=\"elementor-column elementor-col-100 elementor-top-column elementor-element elementor-element-62c1a7f\" data-id=\"62c1a7f\" data-element_type=\"column\">\n\t\t\t<div class=\"elementor-widget-wrap elementor-element-populated\">\n\t\t\t\t\t\t<div class=\"elementor-element elementor-element-55e4a72 elementor-widget elementor-widget-image\" data-id=\"55e4a72\" data-element_type=\"widget\" data-widget_type=\"image.default\">\n\t\t\t\t<div class=\"elementor-widget-container\">\n\t\t\t\t\t\t\t\t\t\t\t\t\t\t\t<img loading=\"lazy\" decoding=\"async\" width=\"1024\" height=\"683\" src=\"https:\/\/www.lourdes-france.com\/wp-content\/uploads\/2023\/01\/52420438435_3fc51ab4d1_o1-1024x683.jpg\" class=\"attachment-large size-large wp-image-796184\" alt=\"\" srcset=\"https:\/\/www.lourdes-france.com\/wp-content\/uploads\/2023\/01\/52420438435_3fc51ab4d1_o1-1024x683.jpg 1024w, https:\/\/www.lourdes-france.com\/wp-content\/uploads\/2023\/01\/52420438435_3fc51ab4d1_o1-300x200.jpg 300w, https:\/\/www.lourdes-france.com\/wp-content\/uploads\/2023\/01\/52420438435_3fc51ab4d1_o1-768x512.jpg 768w, https:\/\/www.lourdes-france.com\/wp-content\/uploads\/2023\/01\/52420438435_3fc51ab4d1_o1-1536x1024.jpg 1536w, https:\/\/www.lourdes-france.com\/wp-content\/uploads\/2023\/01\/52420438435_3fc51ab4d1_o1-2048x1365.jpg 2048w\" sizes=\"(max-width: 1024px) 100vw, 1024px\" \/>\t\t\t\t\t\t\t\t\t\t\t\t\t\t\t<\/div>\n\t\t\t\t<\/div>\n\t\t\t\t\t<\/div>\n\t\t<\/div>\n\t\t\t\t\t<\/div>\n\t\t<\/section>\n\t\t\t\t<section class=\"elementor-section elementor-top-section elementor-element elementor-element-51e529a5 elementor-section-boxed elementor-section-height-default elementor-section-height-default\" data-id=\"51e529a5\" data-element_type=\"section\">\n\t\t\t\t\t\t<div class=\"elementor-container elementor-column-gap-no\">\n\t\t\t\t\t<div class=\"elementor-column elementor-col-100 elementor-top-column elementor-element elementor-element-324c9f10\" data-id=\"324c9f10\" data-element_type=\"column\">\n\t\t\t<div class=\"elementor-widget-wrap elementor-element-populated\">\n\t\t\t\t\t\t<div class=\"elementor-element elementor-element-1da111f9 elementor-widget elementor-widget-heading\" data-id=\"1da111f9\" data-element_type=\"widget\" data-widget_type=\"heading.default\">\n\t\t\t\t<div class=\"elementor-widget-container\">\n\t\t\t\t\t<h3 class=\"elementor-heading-title elementor-size-default\">\u201cVivere nell'indifferenza di fronte al dolore non \u00e8 un'opzione\u201d (Fratelli tutti)<\/h3>\t\t\t\t<\/div>\n\t\t\t\t<\/div>\n\t\t\t\t<div class=\"elementor-element elementor-element-1582306d elementor-widget elementor-widget-text-editor\" data-id=\"1582306d\" data-element_type=\"widget\" data-widget_type=\"text-editor.default\">\n\t\t\t\t<div class=\"elementor-widget-container\">\n\t\t\t\t\t\t\t\t\t<h4><span style=\"color: #007a9e;\"><strong>Tutti dovrebbero poter sperimentare di essere amati e accolti.<\/strong><\/span><\/h4>\t\t\t\t\t\t\t\t<\/div>\n\t\t\t\t<\/div>\n\t\t\t\t\t<\/div>\n\t\t<\/div>\n\t\t\t\t\t<\/div>\n\t\t<\/section>\n\t\t\t\t<section class=\"elementor-section elementor-top-section elementor-element elementor-element-7b82f3f elementor-section-boxed elementor-section-height-default elementor-section-height-default\" data-id=\"7b82f3f\" data-element_type=\"section\">\n\t\t\t\t\t\t<div class=\"elementor-container elementor-column-gap-default\">\n\t\t\t\t\t<div class=\"elementor-column elementor-col-100 elementor-top-column elementor-element elementor-element-9366759\" data-id=\"9366759\" data-element_type=\"column\">\n\t\t\t<div class=\"elementor-widget-wrap elementor-element-populated\">\n\t\t\t\t\t\t<div class=\"elementor-element elementor-element-251bd97 elementor-align-center elementor-widget elementor-widget-button\" data-id=\"251bd97\" data-element_type=\"widget\" data-widget_type=\"button.default\">\n\t\t\t\t<div class=\"elementor-widget-container\">\n\t\t\t\t\t\t\t\t\t<div class=\"elementor-button-wrapper\">\n\t\t\t\t\t<a class=\"elementor-button elementor-button-link elementor-size-sm\" href=\"https:\/\/www.lourdes-france.com\/it\/partecipare-a-un-pellegrinaggio\/\" target=\"_blank\">\n\t\t\t\t\t\t<span class=\"elementor-button-content-wrapper\">\n\t\t\t\t\t\t\t\t\t<span class=\"elementor-button-text\">Partecipare a un pellegrinaggio<\/span>\n\t\t\t\t\t<\/span>\n\t\t\t\t\t<\/a>\n\t\t\t\t<\/div>\n\t\t\t\t\t\t\t\t<\/div>\n\t\t\t\t<\/div>\n\t\t\t\t\t<\/div>\n\t\t<\/div>\n\t\t\t\t\t<\/div>\n\t\t<\/section>\n\t\t\t\t<section class=\"elementor-section elementor-top-section elementor-element elementor-element-57a29ac elementor-section-boxed elementor-section-height-default elementor-section-height-default\" data-id=\"57a29ac\" data-element_type=\"section\">\n\t\t\t\t\t\t<div class=\"elementor-container elementor-column-gap-default\">\n\t\t\t\t\t<div class=\"elementor-column elementor-col-100 elementor-top-column elementor-element elementor-element-799d393\" data-id=\"799d393\" data-element_type=\"column\">\n\t\t\t<div class=\"elementor-widget-wrap elementor-element-populated\">\n\t\t\t\t\t\t<div class=\"elementor-element elementor-element-b1ff1f4 elementor-widget elementor-widget-text-editor\" data-id=\"b1ff1f4\" data-element_type=\"widget\" data-widget_type=\"text-editor.default\">\n\t\t\t\t<div class=\"elementor-widget-container\">\n\t\t\t\t\t\t\t\t\t<h5>\u201cAffido ciascuno di voi ammalati all&#8217;intercessione di Maria, Salute degli infermi; anche voi, che vi prendete cura di loro come famiglia, attraverso il lavoro, la ricerca e il volontariato; e voi che vi impegnate a tessere legami personali, ecclesiali e civili di fraternit\u00e0. Invio a tutti la mia Benedizione Apostolica.\u201d<\/h5>\t\t\t\t\t\t\t\t<\/div>\n\t\t\t\t<\/div>\n\t\t\t\t\t<\/div>\n\t\t<\/div>\n\t\t\t\t\t<\/div>\n\t\t<\/section>\n\t\t\t\t<section class=\"elementor-section elementor-top-section elementor-element elementor-element-206f501 elementor-section-boxed elementor-section-height-default elementor-section-height-default\" data-id=\"206f501\" data-element_type=\"section\">\n\t\t\t\t\t\t<div class=\"elementor-container elementor-column-gap-default\">\n\t\t\t\t\t<div class=\"elementor-column elementor-col-100 elementor-top-column elementor-element elementor-element-213392a\" data-id=\"213392a\" data-element_type=\"column\">\n\t\t\t<div class=\"elementor-widget-wrap elementor-element-populated\">\n\t\t\t\t\t\t<div class=\"elementor-element elementor-element-94d942d elementor-align-center elementor-widget elementor-widget-button\" data-id=\"94d942d\" data-element_type=\"widget\" data-widget_type=\"button.default\">\n\t\t\t\t<div class=\"elementor-widget-container\">\n\t\t\t\t\t\t\t\t\t<div class=\"elementor-button-wrapper\">\n\t\t\t\t\t<a class=\"elementor-button elementor-button-link elementor-size-sm\" href=\"https:\/\/www.vatican.va\/content\/francesco\/it\/messages\/sick\/documents\/20230110-giornata-malato.html\" target=\"_blank\">\n\t\t\t\t\t\t<span class=\"elementor-button-content-wrapper\">\n\t\t\t\t\t\t\t\t\t<span class=\"elementor-button-text\">Messaggio integrale per la 31a Giornata Mondiale del Malato<\/span>\n\t\t\t\t\t<\/span>\n\t\t\t\t\t<\/a>\n\t\t\t\t<\/div>\n\t\t\t\t\t\t\t\t<\/div>\n\t\t\t\t<\/div>\n\t\t\t\t\t<\/div>\n\t\t<\/div>\n\t\t\t\t\t<\/div>\n\t\t<\/section>\n\t\t\t\t<\/div>\n\t\t","protected":false},"excerpt":{"rendered":"<p>\u201cAnche in questo 11 febbraio 2023 volgiamo lo sguardo al Santuario di Lourdes come a una profezia, a una lezione affidata alla Chiesa nel cuore della modernit\u00e0. (Papa Francesco) Il Santuario vi invita a celebrare la festa della Madonna di &hellip; <a href=\"https:\/\/www.lourdes-france.com\/it\/11-febbraio-nostra-signora-di-lourdes-e-giornata-mondiale-del-malato\/\">Continua<\/a><\/p>\n","protected":false},"author":9,"featured_media":796238,"comment_status":"closed","ping_status":"closed","sticky":false,"template":"","format":"standard","meta":{"_acf_changed":false,"footnotes":""},"categories":[30],"tags":[],"class_list":["post-796221","post","type-post","status-publish","format-standard","has-post-thumbnail","hentry","category-proprio-ora"],"acf":[],"yoast_head":"<!-- This site is optimized with the Yoast SEO Premium plugin v24.0 (Yoast SEO v26.3) - https:\/\/yoast.com\/wordpress\/plugins\/seo\/ -->\n<title>11 febbraio: Nostra Signora di Lourdes e Giornata Mondiale del Malato - Vivre le p\u00e8lerinage de Lourdes<\/title>\n<meta name=\"description\" content=\"Il Santuario vi invita a celebrare la festa della Madonna di Lourdes presso la Grotta di Massabielle. Sono attesi migliaia di pellegrini per celebrare insieme.\" \/>\n<meta name=\"robots\" content=\"index, follow, max-snippet:-1, max-image-preview:large, max-video-preview:-1\" \/>\n<link rel=\"canonical\" href=\"https:\/\/www.lourdes-france.com\/it\/11-febbraio-nostra-signora-di-lourdes-e-giornata-mondiale-del-malato\/\" \/>\n<meta property=\"og:locale\" content=\"it_IT\" \/>\n<meta property=\"og:type\" content=\"article\" \/>\n<meta property=\"og:title\" content=\"11 febbraio: Nostra Signora di Lourdes e Giornata Mondiale del Malato\" \/>\n<meta property=\"og:description\" content=\"Il Santuario vi invita a celebrare la festa della Madonna di Lourdes presso la Grotta di Massabielle. Sono attesi migliaia di pellegrini per celebrare insieme.\" \/>\n<meta property=\"og:url\" content=\"https:\/\/www.lourdes-france.com\/it\/11-febbraio-nostra-signora-di-lourdes-e-giornata-mondiale-del-malato\/\" \/>\n<meta property=\"og:site_name\" content=\"Vivre le p\u00e8lerinage de Lourdes\" \/>\n<meta property=\"article:published_time\" content=\"2023-01-23T10:30:52+00:00\" \/>\n<meta property=\"article:modified_time\" content=\"2023-02-06T07:50:40+00:00\" \/>\n<meta property=\"og:image\" content=\"https:\/\/www.lourdes-france.com\/wp-content\/uploads\/2023\/01\/Visuel_11_fevrier_2023_1920x1280IT.jpg\" \/>\n\t<meta property=\"og:image:width\" content=\"1042\" \/>\n\t<meta property=\"og:image:height\" content=\"694\" \/>\n\t<meta property=\"og:image:type\" content=\"image\/jpeg\" \/>\n<meta name=\"author\" content=\"communication\" \/>\n<meta name=\"twitter:card\" content=\"summary_large_image\" \/>\n<meta name=\"twitter:label1\" content=\"Scritto da\" \/>\n\t<meta name=\"twitter:data1\" content=\"communication\" \/>\n\t<meta name=\"twitter:label2\" content=\"Tempo di lettura stimato\" \/>\n\t<meta name=\"twitter:data2\" content=\"5 minuti\" \/>\n<script type=\"application\/ld+json\" class=\"yoast-schema-graph\">{\"@context\":\"https:\/\/schema.org\",\"@graph\":[{\"@type\":\"Article\",\"@id\":\"https:\/\/www.lourdes-france.com\/it\/11-febbraio-nostra-signora-di-lourdes-e-giornata-mondiale-del-malato\/#article\",\"isPartOf\":{\"@id\":\"https:\/\/www.lourdes-france.com\/it\/11-febbraio-nostra-signora-di-lourdes-e-giornata-mondiale-del-malato\/\"},\"author\":{\"name\":\"communication\",\"@id\":\"https:\/\/www.lourdes-france.com\/it\/#\/schema\/person\/cec1bc287296b4aed571d4364999fa69\"},\"headline\":\"11 febbraio: Nostra Signora di Lourdes e Giornata Mondiale del Malato\",\"datePublished\":\"2023-01-23T10:30:52+00:00\",\"dateModified\":\"2023-02-06T07:50:40+00:00\",\"mainEntityOfPage\":{\"@id\":\"https:\/\/www.lourdes-france.com\/it\/11-febbraio-nostra-signora-di-lourdes-e-giornata-mondiale-del-malato\/\"},\"wordCount\":709,\"publisher\":{\"@id\":\"https:\/\/www.lourdes-france.com\/it\/#organization\"},\"image\":{\"@id\":\"https:\/\/www.lourdes-france.com\/it\/11-febbraio-nostra-signora-di-lourdes-e-giornata-mondiale-del-malato\/#primaryimage\"},\"thumbnailUrl\":\"https:\/\/www.lourdes-france.com\/wp-content\/uploads\/2023\/01\/Visuel_11_fevrier_2023_1920x1280IT.jpg\",\"articleSection\":[\"Proprio ora\"],\"inLanguage\":\"it-IT\"},{\"@type\":\"WebPage\",\"@id\":\"https:\/\/www.lourdes-france.com\/it\/11-febbraio-nostra-signora-di-lourdes-e-giornata-mondiale-del-malato\/\",\"url\":\"https:\/\/www.lourdes-france.com\/it\/11-febbraio-nostra-signora-di-lourdes-e-giornata-mondiale-del-malato\/\",\"name\":\"11 febbraio: Nostra Signora di Lourdes e Giornata Mondiale del Malato - Vivre le p\u00e8lerinage de Lourdes\",\"isPartOf\":{\"@id\":\"https:\/\/www.lourdes-france.com\/it\/#website\"},\"primaryImageOfPage\":{\"@id\":\"https:\/\/www.lourdes-france.com\/it\/11-febbraio-nostra-signora-di-lourdes-e-giornata-mondiale-del-malato\/#primaryimage\"},\"image\":{\"@id\":\"https:\/\/www.lourdes-france.com\/it\/11-febbraio-nostra-signora-di-lourdes-e-giornata-mondiale-del-malato\/#primaryimage\"},\"thumbnailUrl\":\"https:\/\/www.lourdes-france.com\/wp-content\/uploads\/2023\/01\/Visuel_11_fevrier_2023_1920x1280IT.jpg\",\"datePublished\":\"2023-01-23T10:30:52+00:00\",\"dateModified\":\"2023-02-06T07:50:40+00:00\",\"description\":\"Il Santuario vi invita a celebrare la festa della Madonna di Lourdes presso la Grotta di Massabielle. Sono attesi migliaia di pellegrini per celebrare insieme.\",\"breadcrumb\":{\"@id\":\"https:\/\/www.lourdes-france.com\/it\/11-febbraio-nostra-signora-di-lourdes-e-giornata-mondiale-del-malato\/#breadcrumb\"},\"inLanguage\":\"it-IT\",\"potentialAction\":[{\"@type\":\"ReadAction\",\"target\":[\"https:\/\/www.lourdes-france.com\/it\/11-febbraio-nostra-signora-di-lourdes-e-giornata-mondiale-del-malato\/\"]}]},{\"@type\":\"ImageObject\",\"inLanguage\":\"it-IT\",\"@id\":\"https:\/\/www.lourdes-france.com\/it\/11-febbraio-nostra-signora-di-lourdes-e-giornata-mondiale-del-malato\/#primaryimage\",\"url\":\"https:\/\/www.lourdes-france.com\/wp-content\/uploads\/2023\/01\/Visuel_11_fevrier_2023_1920x1280IT.jpg\",\"contentUrl\":\"https:\/\/www.lourdes-france.com\/wp-content\/uploads\/2023\/01\/Visuel_11_fevrier_2023_1920x1280IT.jpg\",\"width\":1042,\"height\":694,\"caption\":\"l Santuario vi invita a celebrare la festa della Madonna di Lourdes presso la Grotta di Massabielle. Sono attesi migliaia di pellegrini per celebrare insieme e pregare la Madonna di Lourdes. Venite a vivere questa bella festa in questo luogo dove i malati sono sempre al primo posto.\"},{\"@type\":\"BreadcrumbList\",\"@id\":\"https:\/\/www.lourdes-france.com\/it\/11-febbraio-nostra-signora-di-lourdes-e-giornata-mondiale-del-malato\/#breadcrumb\",\"itemListElement\":[{\"@type\":\"ListItem\",\"position\":1,\"name\":\"Accueil\",\"item\":\"https:\/\/www.lourdes-france.com\/it\/\"},{\"@type\":\"ListItem\",\"position\":2,\"name\":\"11 febbraio: Nostra Signora di Lourdes e Giornata Mondiale del Malato\"}]},{\"@type\":\"WebSite\",\"@id\":\"https:\/\/www.lourdes-france.com\/it\/#website\",\"url\":\"https:\/\/www.lourdes-france.com\/it\/\",\"name\":\"Sanctuaire Notre-Dame de Lourdes\",\"description\":\"\",\"publisher\":{\"@id\":\"https:\/\/www.lourdes-france.com\/it\/#organization\"},\"potentialAction\":[{\"@type\":\"SearchAction\",\"target\":{\"@type\":\"EntryPoint\",\"urlTemplate\":\"https:\/\/www.lourdes-france.com\/it\/?s={search_term_string}\"},\"query-input\":{\"@type\":\"PropertyValueSpecification\",\"valueRequired\":true,\"valueName\":\"search_term_string\"}}],\"inLanguage\":\"it-IT\"},{\"@type\":\"Organization\",\"@id\":\"https:\/\/www.lourdes-france.com\/it\/#organization\",\"name\":\"Sanctuaire Notre-Dame de Lourdes\",\"url\":\"https:\/\/www.lourdes-france.com\/it\/\",\"logo\":{\"@type\":\"ImageObject\",\"inLanguage\":\"it-IT\",\"@id\":\"https:\/\/www.lourdes-france.com\/it\/#\/schema\/logo\/image\/\",\"url\":\"https:\/\/www.lourdes-france.com\/wp-content\/uploads\/2021\/11\/logo-small.png\",\"contentUrl\":\"https:\/\/www.lourdes-france.com\/wp-content\/uploads\/2021\/11\/logo-small.png\",\"width\":834,\"height\":521,\"caption\":\"Sanctuaire Notre-Dame de Lourdes\"},\"image\":{\"@id\":\"https:\/\/www.lourdes-france.com\/it\/#\/schema\/logo\/image\/\"}},{\"@type\":\"Person\",\"@id\":\"https:\/\/www.lourdes-france.com\/it\/#\/schema\/person\/cec1bc287296b4aed571d4364999fa69\",\"name\":\"communication\",\"image\":{\"@type\":\"ImageObject\",\"inLanguage\":\"it-IT\",\"@id\":\"https:\/\/www.lourdes-france.com\/it\/#\/schema\/person\/image\/\",\"url\":\"https:\/\/secure.gravatar.com\/avatar\/c941c552c76e46c27f2de2045e73ee4cc48fa8d96f958f26a2362c0c73aaf425?s=96&d=mm&r=g\",\"contentUrl\":\"https:\/\/secure.gravatar.com\/avatar\/c941c552c76e46c27f2de2045e73ee4cc48fa8d96f958f26a2362c0c73aaf425?s=96&d=mm&r=g\",\"caption\":\"communication\"},\"url\":\"https:\/\/www.lourdes-france.com\/it\/author\/communication\/\"}]}<\/script>\n<!-- \/ Yoast SEO Premium plugin. -->","yoast_head_json":{"title":"11 febbraio: Nostra Signora di Lourdes e Giornata Mondiale del Malato - Vivre le p\u00e8lerinage de Lourdes","description":"Il Santuario vi invita a celebrare la festa della Madonna di Lourdes presso la Grotta di Massabielle. Sono attesi migliaia di pellegrini per celebrare insieme.","robots":{"index":"index","follow":"follow","max-snippet":"max-snippet:-1","max-image-preview":"max-image-preview:large","max-video-preview":"max-video-preview:-1"},"canonical":"https:\/\/www.lourdes-france.com\/it\/11-febbraio-nostra-signora-di-lourdes-e-giornata-mondiale-del-malato\/","og_locale":"it_IT","og_type":"article","og_title":"11 febbraio: Nostra Signora di Lourdes e Giornata Mondiale del Malato","og_description":"Il Santuario vi invita a celebrare la festa della Madonna di Lourdes presso la Grotta di Massabielle. Sono attesi migliaia di pellegrini per celebrare insieme.","og_url":"https:\/\/www.lourdes-france.com\/it\/11-febbraio-nostra-signora-di-lourdes-e-giornata-mondiale-del-malato\/","og_site_name":"Vivre le p\u00e8lerinage de Lourdes","article_published_time":"2023-01-23T10:30:52+00:00","article_modified_time":"2023-02-06T07:50:40+00:00","og_image":[{"width":1042,"height":694,"url":"https:\/\/www.lourdes-france.com\/wp-content\/uploads\/2023\/01\/Visuel_11_fevrier_2023_1920x1280IT.jpg","type":"image\/jpeg"}],"author":"communication","twitter_card":"summary_large_image","twitter_misc":{"Scritto da":"communication","Tempo di lettura stimato":"5 minuti"},"schema":{"@context":"https:\/\/schema.org","@graph":[{"@type":"Article","@id":"https:\/\/www.lourdes-france.com\/it\/11-febbraio-nostra-signora-di-lourdes-e-giornata-mondiale-del-malato\/#article","isPartOf":{"@id":"https:\/\/www.lourdes-france.com\/it\/11-febbraio-nostra-signora-di-lourdes-e-giornata-mondiale-del-malato\/"},"author":{"name":"communication","@id":"https:\/\/www.lourdes-france.com\/it\/#\/schema\/person\/cec1bc287296b4aed571d4364999fa69"},"headline":"11 febbraio: Nostra Signora di Lourdes e Giornata Mondiale del Malato","datePublished":"2023-01-23T10:30:52+00:00","dateModified":"2023-02-06T07:50:40+00:00","mainEntityOfPage":{"@id":"https:\/\/www.lourdes-france.com\/it\/11-febbraio-nostra-signora-di-lourdes-e-giornata-mondiale-del-malato\/"},"wordCount":709,"publisher":{"@id":"https:\/\/www.lourdes-france.com\/it\/#organization"},"image":{"@id":"https:\/\/www.lourdes-france.com\/it\/11-febbraio-nostra-signora-di-lourdes-e-giornata-mondiale-del-malato\/#primaryimage"},"thumbnailUrl":"https:\/\/www.lourdes-france.com\/wp-content\/uploads\/2023\/01\/Visuel_11_fevrier_2023_1920x1280IT.jpg","articleSection":["Proprio ora"],"inLanguage":"it-IT"},{"@type":"WebPage","@id":"https:\/\/www.lourdes-france.com\/it\/11-febbraio-nostra-signora-di-lourdes-e-giornata-mondiale-del-malato\/","url":"https:\/\/www.lourdes-france.com\/it\/11-febbraio-nostra-signora-di-lourdes-e-giornata-mondiale-del-malato\/","name":"11 febbraio: Nostra Signora di Lourdes e Giornata Mondiale del Malato - Vivre le p\u00e8lerinage de Lourdes","isPartOf":{"@id":"https:\/\/www.lourdes-france.com\/it\/#website"},"primaryImageOfPage":{"@id":"https:\/\/www.lourdes-france.com\/it\/11-febbraio-nostra-signora-di-lourdes-e-giornata-mondiale-del-malato\/#primaryimage"},"image":{"@id":"https:\/\/www.lourdes-france.com\/it\/11-febbraio-nostra-signora-di-lourdes-e-giornata-mondiale-del-malato\/#primaryimage"},"thumbnailUrl":"https:\/\/www.lourdes-france.com\/wp-content\/uploads\/2023\/01\/Visuel_11_fevrier_2023_1920x1280IT.jpg","datePublished":"2023-01-23T10:30:52+00:00","dateModified":"2023-02-06T07:50:40+00:00","description":"Il Santuario vi invita a celebrare la festa della Madonna di Lourdes presso la Grotta di Massabielle. Sono attesi migliaia di pellegrini per celebrare insieme.","breadcrumb":{"@id":"https:\/\/www.lourdes-france.com\/it\/11-febbraio-nostra-signora-di-lourdes-e-giornata-mondiale-del-malato\/#breadcrumb"},"inLanguage":"it-IT","potentialAction":[{"@type":"ReadAction","target":["https:\/\/www.lourdes-france.com\/it\/11-febbraio-nostra-signora-di-lourdes-e-giornata-mondiale-del-malato\/"]}]},{"@type":"ImageObject","inLanguage":"it-IT","@id":"https:\/\/www.lourdes-france.com\/it\/11-febbraio-nostra-signora-di-lourdes-e-giornata-mondiale-del-malato\/#primaryimage","url":"https:\/\/www.lourdes-france.com\/wp-content\/uploads\/2023\/01\/Visuel_11_fevrier_2023_1920x1280IT.jpg","contentUrl":"https:\/\/www.lourdes-france.com\/wp-content\/uploads\/2023\/01\/Visuel_11_fevrier_2023_1920x1280IT.jpg","width":1042,"height":694,"caption":"l Santuario vi invita a celebrare la festa della Madonna di Lourdes presso la Grotta di Massabielle. Sono attesi migliaia di pellegrini per celebrare insieme e pregare la Madonna di Lourdes. Venite a vivere questa bella festa in questo luogo dove i malati sono sempre al primo posto."},{"@type":"BreadcrumbList","@id":"https:\/\/www.lourdes-france.com\/it\/11-febbraio-nostra-signora-di-lourdes-e-giornata-mondiale-del-malato\/#breadcrumb","itemListElement":[{"@type":"ListItem","position":1,"name":"Accueil","item":"https:\/\/www.lourdes-france.com\/it\/"},{"@type":"ListItem","position":2,"name":"11 febbraio: Nostra Signora di Lourdes e Giornata Mondiale del Malato"}]},{"@type":"WebSite","@id":"https:\/\/www.lourdes-france.com\/it\/#website","url":"https:\/\/www.lourdes-france.com\/it\/","name":"Sanctuaire Notre-Dame de Lourdes","description":"","publisher":{"@id":"https:\/\/www.lourdes-france.com\/it\/#organization"},"potentialAction":[{"@type":"SearchAction","target":{"@type":"EntryPoint","urlTemplate":"https:\/\/www.lourdes-france.com\/it\/?s={search_term_string}"},"query-input":{"@type":"PropertyValueSpecification","valueRequired":true,"valueName":"search_term_string"}}],"inLanguage":"it-IT"},{"@type":"Organization","@id":"https:\/\/www.lourdes-france.com\/it\/#organization","name":"Sanctuaire Notre-Dame de Lourdes","url":"https:\/\/www.lourdes-france.com\/it\/","logo":{"@type":"ImageObject","inLanguage":"it-IT","@id":"https:\/\/www.lourdes-france.com\/it\/#\/schema\/logo\/image\/","url":"https:\/\/www.lourdes-france.com\/wp-content\/uploads\/2021\/11\/logo-small.png","contentUrl":"https:\/\/www.lourdes-france.com\/wp-content\/uploads\/2021\/11\/logo-small.png","width":834,"height":521,"caption":"Sanctuaire Notre-Dame de Lourdes"},"image":{"@id":"https:\/\/www.lourdes-france.com\/it\/#\/schema\/logo\/image\/"}},{"@type":"Person","@id":"https:\/\/www.lourdes-france.com\/it\/#\/schema\/person\/cec1bc287296b4aed571d4364999fa69","name":"communication","image":{"@type":"ImageObject","inLanguage":"it-IT","@id":"https:\/\/www.lourdes-france.com\/it\/#\/schema\/person\/image\/","url":"https:\/\/secure.gravatar.com\/avatar\/c941c552c76e46c27f2de2045e73ee4cc48fa8d96f958f26a2362c0c73aaf425?s=96&d=mm&r=g","contentUrl":"https:\/\/secure.gravatar.com\/avatar\/c941c552c76e46c27f2de2045e73ee4cc48fa8d96f958f26a2362c0c73aaf425?s=96&d=mm&r=g","caption":"communication"},"url":"https:\/\/www.lourdes-france.com\/it\/author\/communication\/"}]}},"_links":{"self":[{"href":"https:\/\/www.lourdes-france.com\/it\/wp-json\/wp\/v2\/posts\/796221","targetHints":{"allow":["GET"]}}],"collection":[{"href":"https:\/\/www.lourdes-france.com\/it\/wp-json\/wp\/v2\/posts"}],"about":[{"href":"https:\/\/www.lourdes-france.com\/it\/wp-json\/wp\/v2\/types\/post"}],"author":[{"embeddable":true,"href":"https:\/\/www.lourdes-france.com\/it\/wp-json\/wp\/v2\/users\/9"}],"replies":[{"embeddable":true,"href":"https:\/\/www.lourdes-france.com\/it\/wp-json\/wp\/v2\/comments?post=796221"}],"version-history":[{"count":0,"href":"https:\/\/www.lourdes-france.com\/it\/wp-json\/wp\/v2\/posts\/796221\/revisions"}],"wp:featuredmedia":[{"embeddable":true,"href":"https:\/\/www.lourdes-france.com\/it\/wp-json\/wp\/v2\/media\/796238"}],"wp:attachment":[{"href":"https:\/\/www.lourdes-france.com\/it\/wp-json\/wp\/v2\/media?parent=796221"}],"wp:term":[{"taxonomy":"category","embeddable":true,"href":"https:\/\/www.lourdes-france.com\/it\/wp-json\/wp\/v2\/categories?post=796221"},{"taxonomy":"post_tag","embeddable":true,"href":"https:\/\/www.lourdes-france.com\/it\/wp-json\/wp\/v2\/tags?post=796221"}],"curies":[{"name":"wp","href":"https:\/\/api.w.org\/{rel}","templated":true}]}}