{"id":796089,"date":"2023-01-18T10:00:12","date_gmt":"2023-01-18T09:00:12","guid":{"rendered":"https:\/\/www.lourdes-france.com\/26e-journees-internationales-saint-francois-de-sales-2023\/"},"modified":"2023-01-18T11:57:14","modified_gmt":"2023-01-18T10:57:14","slug":"xxvie-giornate-internazionali-di-san-francesco-di-sales-2023","status":"publish","type":"post","link":"https:\/\/www.lourdes-france.com\/it\/xxvie-giornate-internazionali-di-san-francesco-di-sales-2023\/","title":{"rendered":"<strong>XXVI<\/strong><sup><strong>e<\/strong><\/sup><strong> Giornate Internazionali di San Francesco di Sales 2023<\/strong>"},"content":{"rendered":"\t\t<div data-elementor-type=\"wp-post\" data-elementor-id=\"796089\" class=\"elementor elementor-796089 elementor-795996\" data-elementor-post-type=\"post\">\n\t\t\t\t\t\t<section class=\"elementor-section elementor-top-section elementor-element elementor-element-2ed3335a elementor-section-boxed elementor-section-height-default elementor-section-height-default\" data-id=\"2ed3335a\" data-element_type=\"section\">\n\t\t\t\t\t\t<div class=\"elementor-container elementor-column-gap-no\">\n\t\t\t\t\t<div class=\"elementor-column elementor-col-100 elementor-top-column elementor-element elementor-element-55773294\" data-id=\"55773294\" data-element_type=\"column\">\n\t\t\t<div class=\"elementor-widget-wrap elementor-element-populated\">\n\t\t\t\t\t\t<div class=\"elementor-element elementor-element-277b6df6 elementor-widget elementor-widget-text-editor\" data-id=\"277b6df6\" data-element_type=\"widget\" data-widget_type=\"text-editor.default\">\n\t\t\t\t<div class=\"elementor-widget-container\">\n\t\t\t\t\t\t\t\t\t<p><strong>Le prossime Giornate Internazionali di San Francesco di Sales, organizzate dalla Catholic Media Federation, si svolgeranno a Lourdes da mercoled\u00ec 25 a venerd\u00ec 27 gennaio 2023.<\/strong><\/p>\t\t\t\t\t\t\t\t<\/div>\n\t\t\t\t<\/div>\n\t\t\t\t<div class=\"elementor-element elementor-element-4b5e2a0c elementor-widget elementor-widget-text-editor\" data-id=\"4b5e2a0c\" data-element_type=\"widget\" data-widget_type=\"text-editor.default\">\n\t\t\t\t<div class=\"elementor-widget-container\">\n\t\t\t\t\t\t\t\t\t<p>Luned\u00ec 12 dicembre 2022, alle ore 15, nella sala Marconi di Radio Vaticana, si \u00e8 svolta <strong>una conferenza stampa di presentazione di queste Giornate, con la partecipazione del Rettore del Santuario di Lourdes, padre Michel Daubanes<\/strong>.<\/p>\t\t\t\t\t\t\t\t<\/div>\n\t\t\t\t<\/div>\n\t\t\t\t\t<\/div>\n\t\t<\/div>\n\t\t\t\t\t<\/div>\n\t\t<\/section>\n\t\t\t\t<section class=\"elementor-section elementor-top-section elementor-element elementor-element-83f787f elementor-section-boxed elementor-section-height-default elementor-section-height-default\" data-id=\"83f787f\" data-element_type=\"section\">\n\t\t\t\t\t\t<div class=\"elementor-container elementor-column-gap-default\">\n\t\t\t\t\t<div class=\"elementor-column elementor-col-100 elementor-top-column elementor-element elementor-element-833bbe0\" data-id=\"833bbe0\" data-element_type=\"column\">\n\t\t\t<div class=\"elementor-widget-wrap elementor-element-populated\">\n\t\t\t\t\t\t<div class=\"elementor-element elementor-element-8bac3bd elementor-align-center elementor-widget elementor-widget-button\" data-id=\"8bac3bd\" data-element_type=\"widget\" data-widget_type=\"button.default\">\n\t\t\t\t<div class=\"elementor-widget-container\">\n\t\t\t\t\t\t\t\t\t<div class=\"elementor-button-wrapper\">\n\t\t\t\t\t<a class=\"elementor-button elementor-button-link elementor-size-sm\" href=\"https:\/\/www.youtube.com\/watch?v=fpWrkjrrKzI\" target=\"_blank\">\n\t\t\t\t\t\t<span class=\"elementor-button-content-wrapper\">\n\t\t\t\t\t\t\t\t\t<span class=\"elementor-button-text\">Video della conferenza stampa<\/span>\n\t\t\t\t\t<\/span>\n\t\t\t\t\t<\/a>\n\t\t\t\t<\/div>\n\t\t\t\t\t\t\t\t<\/div>\n\t\t\t\t<\/div>\n\t\t\t\t\t<\/div>\n\t\t<\/div>\n\t\t\t\t\t<\/div>\n\t\t<\/section>\n\t\t\t\t<section class=\"elementor-section elementor-top-section elementor-element elementor-element-1e50a491 elementor-section-boxed elementor-section-height-default elementor-section-height-default\" data-id=\"1e50a491\" data-element_type=\"section\">\n\t\t\t\t\t\t<div class=\"elementor-container elementor-column-gap-no\">\n\t\t\t\t\t<div class=\"elementor-column elementor-col-100 elementor-top-column elementor-element elementor-element-29a72573\" data-id=\"29a72573\" data-element_type=\"column\">\n\t\t\t<div class=\"elementor-widget-wrap elementor-element-populated\">\n\t\t\t\t\t\t<div class=\"elementor-element elementor-element-a697fe7 elementor-widget elementor-widget-text-editor\" data-id=\"a697fe7\" data-element_type=\"widget\" data-widget_type=\"text-editor.default\">\n\t\t\t\t<div class=\"elementor-widget-container\">\n\t\t\t\t\t\t\t\t\t<p><strong>Parteciperanno oltre 250 professionisti e comunicatori cattolici dei media provenienti da pi\u00f9 di 25 paesi. Erano presenti artecipanti dalla Francia, ovviamente, ma anche dall&#8217;Italia, dal Vaticano, dal Belgio, dall&#8217;Ucraina, dal Portogallo, dalla Costa d&#8217;Avorio, dal Camerun, dal Kenya, dal Canada, dagli Stati Uniti, dalle Filippine, dalla Tailandia&#8230;<\/strong><\/p>\t\t\t\t\t\t\t\t<\/div>\n\t\t\t\t<\/div>\n\t\t\t\t<div class=\"elementor-element elementor-element-6674e92 elementor-widget elementor-widget-heading\" data-id=\"6674e92\" data-element_type=\"widget\" data-widget_type=\"heading.default\">\n\t\t\t\t<div class=\"elementor-widget-container\">\n\t\t\t\t\t<h4 class=\"elementor-heading-title elementor-size-default\">Il tema: \u201cCome farsi ascoltare? Grandi voci cattoliche rispondono\u201d, con relatori d'eccezione da tutti i continenti:<\/h4>\t\t\t\t<\/div>\n\t\t\t\t<\/div>\n\t\t\t\t\t<\/div>\n\t\t<\/div>\n\t\t\t\t\t<\/div>\n\t\t<\/section>\n\t\t\t\t<section class=\"elementor-section elementor-top-section elementor-element elementor-element-895bfbc elementor-section-boxed elementor-section-height-default elementor-section-height-default\" data-id=\"895bfbc\" data-element_type=\"section\">\n\t\t\t\t\t\t<div class=\"elementor-container elementor-column-gap-default\">\n\t\t\t\t\t<div class=\"elementor-column elementor-col-100 elementor-top-column elementor-element elementor-element-917dc67\" data-id=\"917dc67\" data-element_type=\"column\">\n\t\t\t<div class=\"elementor-widget-wrap elementor-element-populated\">\n\t\t\t\t\t\t<section class=\"elementor-section elementor-inner-section elementor-element elementor-element-5bee23b elementor-section-boxed elementor-section-height-default elementor-section-height-default\" data-id=\"5bee23b\" data-element_type=\"section\">\n\t\t\t\t\t\t<div class=\"elementor-container elementor-column-gap-default\">\n\t\t\t\t\t<div class=\"elementor-column elementor-col-50 elementor-inner-column elementor-element elementor-element-d57c252\" data-id=\"d57c252\" data-element_type=\"column\">\n\t\t\t<div class=\"elementor-widget-wrap elementor-element-populated\">\n\t\t\t\t\t\t<div class=\"elementor-element elementor-element-4f28ed3 elementor-widget elementor-widget-text-editor\" data-id=\"4f28ed3\" data-element_type=\"widget\" data-widget_type=\"text-editor.default\">\n\t\t\t\t<div class=\"elementor-widget-container\">\n\t\t\t\t\t\t\t\t\t<h5>&#8211; Il Dicastero per la Comunicazione della Santa Sede, ma anche Signis (Associazione cattolica mondiale per la comunicazione) e, nuova arrivata, l&#8217;UCSI Unione Cattolica della Stampa Italiana, Associazione dei giornalisti cattolici italiani;<\/h5><h5><br \/>&#8211; Di grande importanza sar\u00e0 la partecipazione del <span style=\"text-decoration: underline;\">Cardinale Pietro PAROLIN<\/span>, Segretario di Stato del Vaticano, che testimonier\u00e0 sulla sua missione presso Papa Francesco e che consegner\u00e0 il premio Padre Jacques Hamel al vincitore 2023, gioved\u00ec 26 gennaio alle h.18:45 nell&#8217;emiciclo del Santuario.<\/h5><h5><br \/>L&#8217;ospite delle giornate sar\u00e0 l\u2019attore umorista comico Gad Elmaleh.<\/h5>\t\t\t\t\t\t\t\t<\/div>\n\t\t\t\t<\/div>\n\t\t\t\t\t<\/div>\n\t\t<\/div>\n\t\t\t\t<div class=\"elementor-column elementor-col-50 elementor-inner-column elementor-element elementor-element-ef32672\" data-id=\"ef32672\" data-element_type=\"column\">\n\t\t\t<div class=\"elementor-widget-wrap elementor-element-populated\">\n\t\t\t\t\t\t<div class=\"elementor-element elementor-element-1406786 elementor-widget elementor-widget-image\" data-id=\"1406786\" data-element_type=\"widget\" data-widget_type=\"image.default\">\n\t\t\t\t<div class=\"elementor-widget-container\">\n\t\t\t\t\t\t\t\t\t\t\t\t\t\t\t<img fetchpriority=\"high\" decoding=\"async\" width=\"1024\" height=\"683\" src=\"https:\/\/www.lourdes-france.com\/wp-content\/uploads\/2023\/01\/Colloque_2017-1024x683.jpg\" class=\"attachment-large size-large wp-image-796024\" alt=\"\" srcset=\"https:\/\/www.lourdes-france.com\/wp-content\/uploads\/2023\/01\/Colloque_2017-1024x683.jpg 1024w, https:\/\/www.lourdes-france.com\/wp-content\/uploads\/2023\/01\/Colloque_2017-300x200.jpg 300w, https:\/\/www.lourdes-france.com\/wp-content\/uploads\/2023\/01\/Colloque_2017-768x512.jpg 768w, https:\/\/www.lourdes-france.com\/wp-content\/uploads\/2023\/01\/Colloque_2017-1536x1024.jpg 1536w, https:\/\/www.lourdes-france.com\/wp-content\/uploads\/2023\/01\/Colloque_2017-2048x1365.jpg 2048w\" sizes=\"(max-width: 1024px) 100vw, 1024px\" \/>\t\t\t\t\t\t\t\t\t\t\t\t\t\t\t<\/div>\n\t\t\t\t<\/div>\n\t\t\t\t\t<\/div>\n\t\t<\/div>\n\t\t\t\t\t<\/div>\n\t\t<\/section>\n\t\t\t\t\t<\/div>\n\t\t<\/div>\n\t\t\t\t\t<\/div>\n\t\t<\/section>\n\t\t\t\t<section class=\"elementor-section elementor-top-section elementor-element elementor-element-99262a1 elementor-section-boxed elementor-section-height-default elementor-section-height-default\" data-id=\"99262a1\" data-element_type=\"section\">\n\t\t\t\t\t\t<div class=\"elementor-container elementor-column-gap-default\">\n\t\t\t\t\t<div class=\"elementor-column elementor-col-100 elementor-top-column elementor-element elementor-element-7c9e2d9\" data-id=\"7c9e2d9\" data-element_type=\"column\">\n\t\t\t<div class=\"elementor-widget-wrap elementor-element-populated\">\n\t\t\t\t\t\t<div class=\"elementor-element elementor-element-3a15dcd elementor-align-center elementor-widget elementor-widget-button\" data-id=\"3a15dcd\" data-element_type=\"widget\" data-widget_type=\"button.default\">\n\t\t\t\t<div class=\"elementor-widget-container\">\n\t\t\t\t\t\t\t\t\t<div class=\"elementor-button-wrapper\">\n\t\t\t\t\t<a class=\"elementor-button elementor-button-link elementor-size-sm\" href=\"https:\/\/www.medias-catholiques.fr\/edito\/JSFS-2023_Italien\/1-2022-ital-presentation.pdf\" target=\"_blank\">\n\t\t\t\t\t\t<span class=\"elementor-button-content-wrapper\">\n\t\t\t\t\t\t\t\t\t<span class=\"elementor-button-text\">Programma<\/span>\n\t\t\t\t\t<\/span>\n\t\t\t\t\t<\/a>\n\t\t\t\t<\/div>\n\t\t\t\t\t\t\t\t<\/div>\n\t\t\t\t<\/div>\n\t\t\t\t\t<\/div>\n\t\t<\/div>\n\t\t\t\t\t<\/div>\n\t\t<\/section>\n\t\t\t\t<section class=\"elementor-section elementor-top-section elementor-element elementor-element-948909b elementor-section-boxed elementor-section-height-default elementor-section-height-default\" data-id=\"948909b\" data-element_type=\"section\">\n\t\t\t\t\t\t<div class=\"elementor-container elementor-column-gap-default\">\n\t\t\t\t\t<div class=\"elementor-column elementor-col-100 elementor-top-column elementor-element elementor-element-5ce2a6f\" data-id=\"5ce2a6f\" data-element_type=\"column\">\n\t\t\t<div class=\"elementor-widget-wrap elementor-element-populated\">\n\t\t\t\t\t\t<div class=\"elementor-element elementor-element-cdcdfc5 elementor-widget elementor-widget-text-editor\" data-id=\"cdcdfc5\" data-element_type=\"widget\" data-widget_type=\"text-editor.default\">\n\t\t\t\t<div class=\"elementor-widget-container\">\n\t\t\t\t\t\t\t\t\t<h5><em>\u201cQuando le crisi si susseguono, i profeti parlano. E in questi tempi molti sono i cattolici che hanno testimoniato, alcuni rischiando la vita per denunciare l&#8217;oppressione, altri per farsi portatori di un primo annuncio, riuscendo a raggiungere ambienti troppo spesso lasciati da parte. Per i nostri media cattolici, questi tempi sono anche un periodo di interrogativi. Tra le nostre professioni chiamate a ripensarsi e la nostra identit\u00e0 cattolica, colpita dalla crisi che attraversa tutta la Chiesa, che posto hanno ancora i nostri media? Abbiamo ancora una parola forte per contribuire? Come farci sentire in un mondo che sembra essere sempre pi\u00f9 secolarizzato?\u201d<\/em><\/h5><p style=\"text-align: right;\">Xavier Le Normand,<br \/>coordinatore del programma<\/p>\t\t\t\t\t\t\t\t<\/div>\n\t\t\t\t<\/div>\n\t\t\t\t\t<\/div>\n\t\t<\/div>\n\t\t\t\t\t<\/div>\n\t\t<\/section>\n\t\t\t\t<section class=\"elementor-section elementor-top-section elementor-element elementor-element-5246e6d elementor-section-boxed elementor-section-height-default elementor-section-height-default\" data-id=\"5246e6d\" data-element_type=\"section\">\n\t\t\t\t\t\t<div class=\"elementor-container elementor-column-gap-default\">\n\t\t\t\t\t<div class=\"elementor-column elementor-col-100 elementor-top-column elementor-element elementor-element-9f78c83\" data-id=\"9f78c83\" data-element_type=\"column\">\n\t\t\t<div class=\"elementor-widget-wrap elementor-element-populated\">\n\t\t\t\t\t\t<div class=\"elementor-element elementor-element-1a6b524 elementor--h-position-center elementor--v-position-middle elementor-arrows-position-inside elementor-pagination-position-inside elementor-widget elementor-widget-slides\" data-id=\"1a6b524\" data-element_type=\"widget\" data-settings=\"{&quot;navigation&quot;:&quot;both&quot;,&quot;autoplay&quot;:&quot;yes&quot;,&quot;pause_on_hover&quot;:&quot;yes&quot;,&quot;pause_on_interaction&quot;:&quot;yes&quot;,&quot;autoplay_speed&quot;:5000,&quot;infinite&quot;:&quot;yes&quot;,&quot;transition&quot;:&quot;slide&quot;,&quot;transition_speed&quot;:500}\" data-widget_type=\"slides.default\">\n\t\t\t\t<div class=\"elementor-widget-container\">\n\t\t\t\t\t\t\t\t\t<div class=\"elementor-swiper\">\n\t\t\t\t\t<div class=\"elementor-slides-wrapper elementor-main-swiper swiper\" role=\"region\" aria-roledescription=\"carousel\" aria-label=\"Slides\" dir=\"ltr\" data-animation=\"fadeInUp\">\n\t\t\t\t<div class=\"swiper-wrapper elementor-slides\">\n\t\t\t\t\t\t\t\t\t\t<div class=\"elementor-repeater-item-61174a5 swiper-slide\" role=\"group\" aria-roledescription=\"slide\"><div class=\"swiper-slide-bg\" role=\"img\" aria-label=\"2018-journ\u00e9e St fran\u00e7ois de sales-01\"><\/div><div class=\"swiper-slide-inner\" ><div class=\"swiper-slide-contents\"><\/div><\/div><\/div><div class=\"elementor-repeater-item-e6c8c95 swiper-slide\" role=\"group\" aria-roledescription=\"slide\"><div class=\"swiper-slide-bg\" role=\"img\" aria-label=\"Cardinal Pietro Parolin\"><\/div><div class=\"swiper-slide-inner\" ><div class=\"swiper-slide-contents\"><\/div><\/div><\/div><div class=\"elementor-repeater-item-1d384ee swiper-slide\" role=\"group\" aria-roledescription=\"slide\"><div class=\"swiper-slide-bg\" role=\"img\" aria-label=\"IMG_0084\"><\/div><div class=\"swiper-slide-inner\" ><div class=\"swiper-slide-contents\"><\/div><\/div><\/div>\t\t\t\t<\/div>\n\t\t\t\t\t\t\t\t\t\t\t\t\t\t\t<div class=\"elementor-swiper-button elementor-swiper-button-prev\" role=\"button\" tabindex=\"0\" aria-label=\"Diapositiva precedente\">\n\t\t\t\t\t\t\t<i aria-hidden=\"true\" class=\"eicon-chevron-left\"><\/i>\t\t\t\t\t\t<\/div>\n\t\t\t\t\t\t<div class=\"elementor-swiper-button elementor-swiper-button-next\" role=\"button\" tabindex=\"0\" aria-label=\"Prossima diapositiva\">\n\t\t\t\t\t\t\t<i aria-hidden=\"true\" class=\"eicon-chevron-right\"><\/i>\t\t\t\t\t\t<\/div>\n\t\t\t\t\t\t\t\t\t\t\t\t\t\t\t\t<div class=\"swiper-pagination\"><\/div>\n\t\t\t\t\t\t\t\t\t\t\t\t<\/div>\n\t\t\t\t<\/div>\n\t\t\t\t\t\t\t\t<\/div>\n\t\t\t\t<\/div>\n\t\t\t\t\t<\/div>\n\t\t<\/div>\n\t\t\t\t\t<\/div>\n\t\t<\/section>\n\t\t\t\t<\/div>\n\t\t","protected":false},"excerpt":{"rendered":"<p>Le prossime Giornate Internazionali di San Francesco di Sales, organizzate dalla Catholic Media Federation, si svolgeranno a Lourdes da mercoled\u00ec 25 a venerd\u00ec 27 gennaio 2023. Luned\u00ec 12 dicembre 2022, alle ore 15, nella sala Marconi di Radio Vaticana, si &hellip; <a href=\"https:\/\/www.lourdes-france.com\/it\/xxvie-giornate-internazionali-di-san-francesco-di-sales-2023\/\">Continua<\/a><\/p>\n","protected":false},"author":9,"featured_media":796001,"comment_status":"closed","ping_status":"closed","sticky":false,"template":"","format":"standard","meta":{"_acf_changed":false,"footnotes":""},"categories":[30],"tags":[],"class_list":["post-796089","post","type-post","status-publish","format-standard","has-post-thumbnail","hentry","category-proprio-ora"],"acf":[],"yoast_head":"<!-- This site is optimized with the Yoast SEO Premium plugin v24.0 (Yoast SEO v26.3) - https:\/\/yoast.com\/wordpress\/plugins\/seo\/ -->\n<title>XXVIe Giornate Internazionali di San Francesco di Sales 2023 - Vivre le p\u00e8lerinage de Lourdes<\/title>\n<meta name=\"description\" content=\"Le Giornate Internazionali di San Francesco di Sales, organizzate dalla Catholic Media Federation, si svolgeranno a Lourdes da mercoled\u00ec 25 a venerd\u00ec 27 gennaio 2023.\" \/>\n<meta name=\"robots\" content=\"index, follow, max-snippet:-1, max-image-preview:large, max-video-preview:-1\" \/>\n<link rel=\"canonical\" href=\"https:\/\/www.lourdes-france.com\/it\/xxvie-giornate-internazionali-di-san-francesco-di-sales-2023\/\" \/>\n<meta property=\"og:locale\" content=\"it_IT\" \/>\n<meta property=\"og:type\" content=\"article\" \/>\n<meta property=\"og:title\" content=\"XXVIe Giornate Internazionali di San Francesco di Sales 2023\" \/>\n<meta property=\"og:description\" content=\"Le Giornate Internazionali di San Francesco di Sales, organizzate dalla Catholic Media Federation, si svolgeranno a Lourdes da mercoled\u00ec 25 a venerd\u00ec 27 gennaio 2023.\" \/>\n<meta property=\"og:url\" content=\"https:\/\/www.lourdes-france.com\/it\/xxvie-giornate-internazionali-di-san-francesco-di-sales-2023\/\" \/>\n<meta property=\"og:site_name\" content=\"Vivre le p\u00e8lerinage de Lourdes\" \/>\n<meta property=\"article:published_time\" content=\"2023-01-18T09:00:12+00:00\" \/>\n<meta property=\"article:modified_time\" content=\"2023-01-18T10:57:14+00:00\" \/>\n<meta property=\"og:image\" content=\"https:\/\/www.lourdes-france.com\/wp-content\/uploads\/2023\/01\/2018-journee-St-francois-de-sales-1920x1280-1.jpg\" \/>\n\t<meta property=\"og:image:width\" content=\"1920\" \/>\n\t<meta property=\"og:image:height\" content=\"1280\" \/>\n\t<meta property=\"og:image:type\" content=\"image\/jpeg\" \/>\n<meta name=\"author\" content=\"communication\" \/>\n<meta name=\"twitter:card\" content=\"summary_large_image\" \/>\n<meta name=\"twitter:label1\" content=\"Scritto da\" \/>\n\t<meta name=\"twitter:data1\" content=\"communication\" \/>\n\t<meta name=\"twitter:label2\" content=\"Tempo di lettura stimato\" \/>\n\t<meta name=\"twitter:data2\" content=\"2 minuti\" \/>\n<script type=\"application\/ld+json\" class=\"yoast-schema-graph\">{\"@context\":\"https:\/\/schema.org\",\"@graph\":[{\"@type\":\"Article\",\"@id\":\"https:\/\/www.lourdes-france.com\/it\/xxvie-giornate-internazionali-di-san-francesco-di-sales-2023\/#article\",\"isPartOf\":{\"@id\":\"https:\/\/www.lourdes-france.com\/it\/xxvie-giornate-internazionali-di-san-francesco-di-sales-2023\/\"},\"author\":{\"name\":\"communication\",\"@id\":\"https:\/\/www.lourdes-france.com\/it\/#\/schema\/person\/cec1bc287296b4aed571d4364999fa69\"},\"headline\":\"XXVIe Giornate Internazionali di San Francesco di Sales 2023\",\"datePublished\":\"2023-01-18T09:00:12+00:00\",\"dateModified\":\"2023-01-18T10:57:14+00:00\",\"mainEntityOfPage\":{\"@id\":\"https:\/\/www.lourdes-france.com\/it\/xxvie-giornate-internazionali-di-san-francesco-di-sales-2023\/\"},\"wordCount\":333,\"publisher\":{\"@id\":\"https:\/\/www.lourdes-france.com\/it\/#organization\"},\"image\":{\"@id\":\"https:\/\/www.lourdes-france.com\/it\/xxvie-giornate-internazionali-di-san-francesco-di-sales-2023\/#primaryimage\"},\"thumbnailUrl\":\"https:\/\/www.lourdes-france.com\/wp-content\/uploads\/2023\/01\/2018-journee-St-francois-de-sales-1920x1280-1.jpg\",\"articleSection\":[\"Proprio ora\"],\"inLanguage\":\"it-IT\"},{\"@type\":\"WebPage\",\"@id\":\"https:\/\/www.lourdes-france.com\/it\/xxvie-giornate-internazionali-di-san-francesco-di-sales-2023\/\",\"url\":\"https:\/\/www.lourdes-france.com\/it\/xxvie-giornate-internazionali-di-san-francesco-di-sales-2023\/\",\"name\":\"XXVIe Giornate Internazionali di San Francesco di Sales 2023 - Vivre le p\u00e8lerinage de Lourdes\",\"isPartOf\":{\"@id\":\"https:\/\/www.lourdes-france.com\/it\/#website\"},\"primaryImageOfPage\":{\"@id\":\"https:\/\/www.lourdes-france.com\/it\/xxvie-giornate-internazionali-di-san-francesco-di-sales-2023\/#primaryimage\"},\"image\":{\"@id\":\"https:\/\/www.lourdes-france.com\/it\/xxvie-giornate-internazionali-di-san-francesco-di-sales-2023\/#primaryimage\"},\"thumbnailUrl\":\"https:\/\/www.lourdes-france.com\/wp-content\/uploads\/2023\/01\/2018-journee-St-francois-de-sales-1920x1280-1.jpg\",\"datePublished\":\"2023-01-18T09:00:12+00:00\",\"dateModified\":\"2023-01-18T10:57:14+00:00\",\"description\":\"Le Giornate Internazionali di San Francesco di Sales, organizzate dalla Catholic Media Federation, si svolgeranno a Lourdes da mercoled\u00ec 25 a venerd\u00ec 27 gennaio 2023.\",\"breadcrumb\":{\"@id\":\"https:\/\/www.lourdes-france.com\/it\/xxvie-giornate-internazionali-di-san-francesco-di-sales-2023\/#breadcrumb\"},\"inLanguage\":\"it-IT\",\"potentialAction\":[{\"@type\":\"ReadAction\",\"target\":[\"https:\/\/www.lourdes-france.com\/it\/xxvie-giornate-internazionali-di-san-francesco-di-sales-2023\/\"]}]},{\"@type\":\"ImageObject\",\"inLanguage\":\"it-IT\",\"@id\":\"https:\/\/www.lourdes-france.com\/it\/xxvie-giornate-internazionali-di-san-francesco-di-sales-2023\/#primaryimage\",\"url\":\"https:\/\/www.lourdes-france.com\/wp-content\/uploads\/2023\/01\/2018-journee-St-francois-de-sales-1920x1280-1.jpg\",\"contentUrl\":\"https:\/\/www.lourdes-france.com\/wp-content\/uploads\/2023\/01\/2018-journee-St-francois-de-sales-1920x1280-1.jpg\",\"width\":1920,\"height\":1280},{\"@type\":\"BreadcrumbList\",\"@id\":\"https:\/\/www.lourdes-france.com\/it\/xxvie-giornate-internazionali-di-san-francesco-di-sales-2023\/#breadcrumb\",\"itemListElement\":[{\"@type\":\"ListItem\",\"position\":1,\"name\":\"Accueil\",\"item\":\"https:\/\/www.lourdes-france.com\/it\/\"},{\"@type\":\"ListItem\",\"position\":2,\"name\":\"XXVIe Giornate Internazionali di San Francesco di Sales 2023\"}]},{\"@type\":\"WebSite\",\"@id\":\"https:\/\/www.lourdes-france.com\/it\/#website\",\"url\":\"https:\/\/www.lourdes-france.com\/it\/\",\"name\":\"Sanctuaire Notre-Dame de Lourdes\",\"description\":\"\",\"publisher\":{\"@id\":\"https:\/\/www.lourdes-france.com\/it\/#organization\"},\"potentialAction\":[{\"@type\":\"SearchAction\",\"target\":{\"@type\":\"EntryPoint\",\"urlTemplate\":\"https:\/\/www.lourdes-france.com\/it\/?s={search_term_string}\"},\"query-input\":{\"@type\":\"PropertyValueSpecification\",\"valueRequired\":true,\"valueName\":\"search_term_string\"}}],\"inLanguage\":\"it-IT\"},{\"@type\":\"Organization\",\"@id\":\"https:\/\/www.lourdes-france.com\/it\/#organization\",\"name\":\"Sanctuaire Notre-Dame de Lourdes\",\"url\":\"https:\/\/www.lourdes-france.com\/it\/\",\"logo\":{\"@type\":\"ImageObject\",\"inLanguage\":\"it-IT\",\"@id\":\"https:\/\/www.lourdes-france.com\/it\/#\/schema\/logo\/image\/\",\"url\":\"https:\/\/www.lourdes-france.com\/wp-content\/uploads\/2021\/11\/logo-small.png\",\"contentUrl\":\"https:\/\/www.lourdes-france.com\/wp-content\/uploads\/2021\/11\/logo-small.png\",\"width\":834,\"height\":521,\"caption\":\"Sanctuaire Notre-Dame de Lourdes\"},\"image\":{\"@id\":\"https:\/\/www.lourdes-france.com\/it\/#\/schema\/logo\/image\/\"}},{\"@type\":\"Person\",\"@id\":\"https:\/\/www.lourdes-france.com\/it\/#\/schema\/person\/cec1bc287296b4aed571d4364999fa69\",\"name\":\"communication\",\"image\":{\"@type\":\"ImageObject\",\"inLanguage\":\"it-IT\",\"@id\":\"https:\/\/www.lourdes-france.com\/it\/#\/schema\/person\/image\/\",\"url\":\"https:\/\/secure.gravatar.com\/avatar\/c941c552c76e46c27f2de2045e73ee4cc48fa8d96f958f26a2362c0c73aaf425?s=96&d=mm&r=g\",\"contentUrl\":\"https:\/\/secure.gravatar.com\/avatar\/c941c552c76e46c27f2de2045e73ee4cc48fa8d96f958f26a2362c0c73aaf425?s=96&d=mm&r=g\",\"caption\":\"communication\"},\"url\":\"https:\/\/www.lourdes-france.com\/it\/author\/communication\/\"}]}<\/script>\n<!-- \/ Yoast SEO Premium plugin. -->","yoast_head_json":{"title":"XXVIe Giornate Internazionali di San Francesco di Sales 2023 - Vivre le p\u00e8lerinage de Lourdes","description":"Le Giornate Internazionali di San Francesco di Sales, organizzate dalla Catholic Media Federation, si svolgeranno a Lourdes da mercoled\u00ec 25 a venerd\u00ec 27 gennaio 2023.","robots":{"index":"index","follow":"follow","max-snippet":"max-snippet:-1","max-image-preview":"max-image-preview:large","max-video-preview":"max-video-preview:-1"},"canonical":"https:\/\/www.lourdes-france.com\/it\/xxvie-giornate-internazionali-di-san-francesco-di-sales-2023\/","og_locale":"it_IT","og_type":"article","og_title":"XXVIe Giornate Internazionali di San Francesco di Sales 2023","og_description":"Le Giornate Internazionali di San Francesco di Sales, organizzate dalla Catholic Media Federation, si svolgeranno a Lourdes da mercoled\u00ec 25 a venerd\u00ec 27 gennaio 2023.","og_url":"https:\/\/www.lourdes-france.com\/it\/xxvie-giornate-internazionali-di-san-francesco-di-sales-2023\/","og_site_name":"Vivre le p\u00e8lerinage de Lourdes","article_published_time":"2023-01-18T09:00:12+00:00","article_modified_time":"2023-01-18T10:57:14+00:00","og_image":[{"width":1920,"height":1280,"url":"https:\/\/www.lourdes-france.com\/wp-content\/uploads\/2023\/01\/2018-journee-St-francois-de-sales-1920x1280-1.jpg","type":"image\/jpeg"}],"author":"communication","twitter_card":"summary_large_image","twitter_misc":{"Scritto da":"communication","Tempo di lettura stimato":"2 minuti"},"schema":{"@context":"https:\/\/schema.org","@graph":[{"@type":"Article","@id":"https:\/\/www.lourdes-france.com\/it\/xxvie-giornate-internazionali-di-san-francesco-di-sales-2023\/#article","isPartOf":{"@id":"https:\/\/www.lourdes-france.com\/it\/xxvie-giornate-internazionali-di-san-francesco-di-sales-2023\/"},"author":{"name":"communication","@id":"https:\/\/www.lourdes-france.com\/it\/#\/schema\/person\/cec1bc287296b4aed571d4364999fa69"},"headline":"XXVIe Giornate Internazionali di San Francesco di Sales 2023","datePublished":"2023-01-18T09:00:12+00:00","dateModified":"2023-01-18T10:57:14+00:00","mainEntityOfPage":{"@id":"https:\/\/www.lourdes-france.com\/it\/xxvie-giornate-internazionali-di-san-francesco-di-sales-2023\/"},"wordCount":333,"publisher":{"@id":"https:\/\/www.lourdes-france.com\/it\/#organization"},"image":{"@id":"https:\/\/www.lourdes-france.com\/it\/xxvie-giornate-internazionali-di-san-francesco-di-sales-2023\/#primaryimage"},"thumbnailUrl":"https:\/\/www.lourdes-france.com\/wp-content\/uploads\/2023\/01\/2018-journee-St-francois-de-sales-1920x1280-1.jpg","articleSection":["Proprio ora"],"inLanguage":"it-IT"},{"@type":"WebPage","@id":"https:\/\/www.lourdes-france.com\/it\/xxvie-giornate-internazionali-di-san-francesco-di-sales-2023\/","url":"https:\/\/www.lourdes-france.com\/it\/xxvie-giornate-internazionali-di-san-francesco-di-sales-2023\/","name":"XXVIe Giornate Internazionali di San Francesco di Sales 2023 - Vivre le p\u00e8lerinage de Lourdes","isPartOf":{"@id":"https:\/\/www.lourdes-france.com\/it\/#website"},"primaryImageOfPage":{"@id":"https:\/\/www.lourdes-france.com\/it\/xxvie-giornate-internazionali-di-san-francesco-di-sales-2023\/#primaryimage"},"image":{"@id":"https:\/\/www.lourdes-france.com\/it\/xxvie-giornate-internazionali-di-san-francesco-di-sales-2023\/#primaryimage"},"thumbnailUrl":"https:\/\/www.lourdes-france.com\/wp-content\/uploads\/2023\/01\/2018-journee-St-francois-de-sales-1920x1280-1.jpg","datePublished":"2023-01-18T09:00:12+00:00","dateModified":"2023-01-18T10:57:14+00:00","description":"Le Giornate Internazionali di San Francesco di Sales, organizzate dalla Catholic Media Federation, si svolgeranno a Lourdes da mercoled\u00ec 25 a venerd\u00ec 27 gennaio 2023.","breadcrumb":{"@id":"https:\/\/www.lourdes-france.com\/it\/xxvie-giornate-internazionali-di-san-francesco-di-sales-2023\/#breadcrumb"},"inLanguage":"it-IT","potentialAction":[{"@type":"ReadAction","target":["https:\/\/www.lourdes-france.com\/it\/xxvie-giornate-internazionali-di-san-francesco-di-sales-2023\/"]}]},{"@type":"ImageObject","inLanguage":"it-IT","@id":"https:\/\/www.lourdes-france.com\/it\/xxvie-giornate-internazionali-di-san-francesco-di-sales-2023\/#primaryimage","url":"https:\/\/www.lourdes-france.com\/wp-content\/uploads\/2023\/01\/2018-journee-St-francois-de-sales-1920x1280-1.jpg","contentUrl":"https:\/\/www.lourdes-france.com\/wp-content\/uploads\/2023\/01\/2018-journee-St-francois-de-sales-1920x1280-1.jpg","width":1920,"height":1280},{"@type":"BreadcrumbList","@id":"https:\/\/www.lourdes-france.com\/it\/xxvie-giornate-internazionali-di-san-francesco-di-sales-2023\/#breadcrumb","itemListElement":[{"@type":"ListItem","position":1,"name":"Accueil","item":"https:\/\/www.lourdes-france.com\/it\/"},{"@type":"ListItem","position":2,"name":"XXVIe Giornate Internazionali di San Francesco di Sales 2023"}]},{"@type":"WebSite","@id":"https:\/\/www.lourdes-france.com\/it\/#website","url":"https:\/\/www.lourdes-france.com\/it\/","name":"Sanctuaire Notre-Dame de Lourdes","description":"","publisher":{"@id":"https:\/\/www.lourdes-france.com\/it\/#organization"},"potentialAction":[{"@type":"SearchAction","target":{"@type":"EntryPoint","urlTemplate":"https:\/\/www.lourdes-france.com\/it\/?s={search_term_string}"},"query-input":{"@type":"PropertyValueSpecification","valueRequired":true,"valueName":"search_term_string"}}],"inLanguage":"it-IT"},{"@type":"Organization","@id":"https:\/\/www.lourdes-france.com\/it\/#organization","name":"Sanctuaire Notre-Dame de Lourdes","url":"https:\/\/www.lourdes-france.com\/it\/","logo":{"@type":"ImageObject","inLanguage":"it-IT","@id":"https:\/\/www.lourdes-france.com\/it\/#\/schema\/logo\/image\/","url":"https:\/\/www.lourdes-france.com\/wp-content\/uploads\/2021\/11\/logo-small.png","contentUrl":"https:\/\/www.lourdes-france.com\/wp-content\/uploads\/2021\/11\/logo-small.png","width":834,"height":521,"caption":"Sanctuaire Notre-Dame de Lourdes"},"image":{"@id":"https:\/\/www.lourdes-france.com\/it\/#\/schema\/logo\/image\/"}},{"@type":"Person","@id":"https:\/\/www.lourdes-france.com\/it\/#\/schema\/person\/cec1bc287296b4aed571d4364999fa69","name":"communication","image":{"@type":"ImageObject","inLanguage":"it-IT","@id":"https:\/\/www.lourdes-france.com\/it\/#\/schema\/person\/image\/","url":"https:\/\/secure.gravatar.com\/avatar\/c941c552c76e46c27f2de2045e73ee4cc48fa8d96f958f26a2362c0c73aaf425?s=96&d=mm&r=g","contentUrl":"https:\/\/secure.gravatar.com\/avatar\/c941c552c76e46c27f2de2045e73ee4cc48fa8d96f958f26a2362c0c73aaf425?s=96&d=mm&r=g","caption":"communication"},"url":"https:\/\/www.lourdes-france.com\/it\/author\/communication\/"}]}},"_links":{"self":[{"href":"https:\/\/www.lourdes-france.com\/it\/wp-json\/wp\/v2\/posts\/796089","targetHints":{"allow":["GET"]}}],"collection":[{"href":"https:\/\/www.lourdes-france.com\/it\/wp-json\/wp\/v2\/posts"}],"about":[{"href":"https:\/\/www.lourdes-france.com\/it\/wp-json\/wp\/v2\/types\/post"}],"author":[{"embeddable":true,"href":"https:\/\/www.lourdes-france.com\/it\/wp-json\/wp\/v2\/users\/9"}],"replies":[{"embeddable":true,"href":"https:\/\/www.lourdes-france.com\/it\/wp-json\/wp\/v2\/comments?post=796089"}],"version-history":[{"count":0,"href":"https:\/\/www.lourdes-france.com\/it\/wp-json\/wp\/v2\/posts\/796089\/revisions"}],"wp:featuredmedia":[{"embeddable":true,"href":"https:\/\/www.lourdes-france.com\/it\/wp-json\/wp\/v2\/media\/796001"}],"wp:attachment":[{"href":"https:\/\/www.lourdes-france.com\/it\/wp-json\/wp\/v2\/media?parent=796089"}],"wp:term":[{"taxonomy":"category","embeddable":true,"href":"https:\/\/www.lourdes-france.com\/it\/wp-json\/wp\/v2\/categories?post=796089"},{"taxonomy":"post_tag","embeddable":true,"href":"https:\/\/www.lourdes-france.com\/it\/wp-json\/wp\/v2\/tags?post=796089"}],"curies":[{"name":"wp","href":"https:\/\/api.w.org\/{rel}","templated":true}]}}