{"id":787804,"date":"2022-09-06T09:32:21","date_gmt":"2022-09-06T07:32:21","guid":{"rendered":"https:\/\/www.lourdes-france.com\/8-septembre-fete-de-la-nativite-de-la-bienheureuse-vierge-marie\/"},"modified":"2022-09-07T11:06:59","modified_gmt":"2022-09-07T09:06:59","slug":"8-settembre-festa-della-nativita-della-beata-vergine-maria","status":"publish","type":"post","link":"https:\/\/www.lourdes-france.com\/it\/8-settembre-festa-della-nativita-della-beata-vergine-maria\/","title":{"rendered":"8 settembre &#8211; Festa della Nativit\u00e0 della Beata Vergine Maria"},"content":{"rendered":"\t\t<div data-elementor-type=\"wp-post\" data-elementor-id=\"787804\" class=\"elementor elementor-787804 elementor-787723\" data-elementor-post-type=\"post\">\n\t\t\t\t\t\t<section class=\"elementor-section elementor-top-section elementor-element elementor-element-8b373a3 elementor-section-boxed elementor-section-height-default elementor-section-height-default\" data-id=\"8b373a3\" data-element_type=\"section\">\n\t\t\t\t\t\t<div class=\"elementor-container elementor-column-gap-no\">\n\t\t\t\t\t<div class=\"elementor-column elementor-col-100 elementor-top-column elementor-element elementor-element-5b579ada\" data-id=\"5b579ada\" data-element_type=\"column\">\n\t\t\t<div class=\"elementor-widget-wrap elementor-element-populated\">\n\t\t\t\t\t\t<div class=\"elementor-element elementor-element-70e88906 elementor-widget elementor-widget-text-editor\" data-id=\"70e88906\" data-element_type=\"widget\" data-widget_type=\"text-editor.default\">\n\t\t\t\t<div class=\"elementor-widget-container\">\n\t\t\t\t\t\t\t\t\t<p><strong>A settembre la Chiesa celebra in una settimana tre feste mariane: la nascita di Maria (8 settembre), il nome di Maria (12 settembre) e i dolori di Maria (15 settembre). Nella preghiera si mettono in relazione la nascita di Maria e la sua maternit\u00e0 divina.<\/strong><\/p>\t\t\t\t\t\t\t\t<\/div>\n\t\t\t\t<\/div>\n\t\t\t\t<div class=\"elementor-element elementor-element-7071ef2 elementor-widget elementor-widget-heading\" data-id=\"7071ef2\" data-element_type=\"widget\" data-widget_type=\"heading.default\">\n\t\t\t\t<div class=\"elementor-widget-container\">\n\t\t\t\t\t<h3 class=\"elementor-heading-title elementor-size-default\">Vivere la Nativit\u00e0 della Vergine Maria a Lourdes:<\/h3>\t\t\t\t<\/div>\n\t\t\t\t<\/div>\n\t\t\t\t<section class=\"elementor-section elementor-inner-section elementor-element elementor-element-b0bb289 elementor-section-boxed elementor-section-height-default elementor-section-height-default\" data-id=\"b0bb289\" data-element_type=\"section\">\n\t\t\t\t\t\t<div class=\"elementor-container elementor-column-gap-default\">\n\t\t\t\t\t<div class=\"elementor-column elementor-col-50 elementor-inner-column elementor-element elementor-element-81dbaab\" data-id=\"81dbaab\" data-element_type=\"column\">\n\t\t\t<div class=\"elementor-widget-wrap elementor-element-populated\">\n\t\t\t\t\t\t<div class=\"elementor-element elementor-element-3b78013 elementor-widget elementor-widget-text-editor\" data-id=\"3b78013\" data-element_type=\"widget\" data-widget_type=\"text-editor.default\">\n\t\t\t\t<div class=\"elementor-widget-container\">\n\t\t\t\t\t\t\t\t\t<h4><strong>h.11:00 \u2013 Messa alla Basilica dell&#8217;Immacolata Concezione<br \/>h.14:00 \u2013 Camminata sui \u201cPassi di Bernadette\u201d<br \/>h.17:00 &#8211; Processione eucaristica<br \/>h.18:00 \u2013 Messa alla Cappella San Giuseppe <br \/>h.18:15 \u2013 Rosario alla Grotta<br \/>h.21:00 \u2013 Processione con le fiaccole<br \/>h.22:30 \u2013 Messa alla Grotta<\/strong><\/h4>\t\t\t\t\t\t\t\t<\/div>\n\t\t\t\t<\/div>\n\t\t\t\t\t<\/div>\n\t\t<\/div>\n\t\t\t\t<div class=\"elementor-column elementor-col-50 elementor-inner-column elementor-element elementor-element-819cb73\" data-id=\"819cb73\" data-element_type=\"column\">\n\t\t\t<div class=\"elementor-widget-wrap elementor-element-populated\">\n\t\t\t\t\t\t<div class=\"elementor-element elementor-element-fca1563 elementor-widget elementor-widget-image\" data-id=\"fca1563\" data-element_type=\"widget\" data-widget_type=\"image.default\">\n\t\t\t\t<div class=\"elementor-widget-container\">\n\t\t\t\t\t\t\t\t\t\t\t\t\t\t\t<img fetchpriority=\"high\" decoding=\"async\" width=\"760\" height=\"558\" src=\"https:\/\/www.lourdes-france.com\/wp-content\/uploads\/2022\/09\/image-en-avant.jpg\" class=\"attachment-large size-large wp-image-787739\" alt=\"\" srcset=\"https:\/\/www.lourdes-france.com\/wp-content\/uploads\/2022\/09\/image-en-avant.jpg 760w, https:\/\/www.lourdes-france.com\/wp-content\/uploads\/2022\/09\/image-en-avant-300x220.jpg 300w\" sizes=\"(max-width: 760px) 100vw, 760px\" \/>\t\t\t\t\t\t\t\t\t\t\t\t\t\t\t<\/div>\n\t\t\t\t<\/div>\n\t\t\t\t\t<\/div>\n\t\t<\/div>\n\t\t\t\t\t<\/div>\n\t\t<\/section>\n\t\t\t\t\t<\/div>\n\t\t<\/div>\n\t\t\t\t\t<\/div>\n\t\t<\/section>\n\t\t\t\t<section class=\"elementor-section elementor-top-section elementor-element elementor-element-ec0e604 elementor-section-boxed elementor-section-height-default elementor-section-height-default\" data-id=\"ec0e604\" data-element_type=\"section\">\n\t\t\t\t\t\t<div class=\"elementor-container elementor-column-gap-default\">\n\t\t\t\t\t<div class=\"elementor-column elementor-col-100 elementor-top-column elementor-element elementor-element-a0ee8a1\" data-id=\"a0ee8a1\" data-element_type=\"column\">\n\t\t\t<div class=\"elementor-widget-wrap elementor-element-populated\">\n\t\t\t\t\t\t<div class=\"elementor-element elementor-element-cfb7ff9 elementor-align-center elementor-widget elementor-widget-button\" data-id=\"cfb7ff9\" data-element_type=\"widget\" data-widget_type=\"button.default\">\n\t\t\t\t<div class=\"elementor-widget-container\">\n\t\t\t\t\t\t\t\t\t<div class=\"elementor-button-wrapper\">\n\t\t\t\t\t<a class=\"elementor-button elementor-button-link elementor-size-sm\" href=\"https:\/\/www.lourdes-france.com\/it\/pellegrini-per-un-giorno\/\">\n\t\t\t\t\t\t<span class=\"elementor-button-content-wrapper\">\n\t\t\t\t\t\t\t\t\t<span class=\"elementor-button-text\">Tutte le attivit\u00e0 per i pellegrini <\/span>\n\t\t\t\t\t<\/span>\n\t\t\t\t\t<\/a>\n\t\t\t\t<\/div>\n\t\t\t\t\t\t\t\t<\/div>\n\t\t\t\t<\/div>\n\t\t\t\t\t<\/div>\n\t\t<\/div>\n\t\t\t\t\t<\/div>\n\t\t<\/section>\n\t\t\t\t<section class=\"elementor-section elementor-top-section elementor-element elementor-element-2a5aa34d elementor-section-boxed elementor-section-height-default elementor-section-height-default\" data-id=\"2a5aa34d\" data-element_type=\"section\">\n\t\t\t\t\t\t<div class=\"elementor-container elementor-column-gap-no\">\n\t\t\t\t\t<div class=\"elementor-column elementor-col-100 elementor-top-column elementor-element elementor-element-2caa48c1\" data-id=\"2caa48c1\" data-element_type=\"column\">\n\t\t\t<div class=\"elementor-widget-wrap elementor-element-populated\">\n\t\t\t\t\t\t<div class=\"elementor-element elementor-element-7bd8d14c elementor-widget elementor-widget-text-editor\" data-id=\"7bd8d14c\" data-element_type=\"widget\" data-widget_type=\"text-editor.default\">\n\t\t\t\t<div class=\"elementor-widget-container\">\n\t\t\t\t\t\t\t\t\t<p><strong>Gli evangelisti non ci dicono dove \u00e8 nata Maria, il che del resto ha poca importanza. Sappiamo solo che era imparentata con Elisabetta che viveva in Giudea. Non \u00e8 quindi impossibile che lei stessa fosse di Gerusalemme.<\/strong><\/p>\t\t\t\t\t\t\t\t<\/div>\n\t\t\t\t<\/div>\n\t\t\t\t<div class=\"elementor-element elementor-element-6c745e96 elementor-widget elementor-widget-text-editor\" data-id=\"6c745e96\" data-element_type=\"widget\" data-widget_type=\"text-editor.default\">\n\t\t\t\t<div class=\"elementor-widget-container\">\n\t\t\t\t\t\t\t\t\t<p>La Chiesa di Gerusalemme fu la prima ad onorare la memoria della Nativit\u00e0 della Madre di Dio con una festa che Roma adott\u00f2 sicuramente verso la fine del VII secolo e che si diffuse abbastanza rapidamente in tutto l&#8217;Occidente, soprattutto in Francia.<br \/>Un&#8217;antica tradizione, di cui si trova traccia nel Vangelo apocrifo di Giacomo, ci racconta dei genitori della Vergine, Gioacchino e Anna. La Nativit\u00e0 di Maria \u00e8 una delle grandi feste dell&#8217;anno liturgico bizantino perch\u00e9 inaugura la storia della salvezza e l&#8217;arrivo della Parola di Dio nella storia degli uomini.<\/p>\t\t\t\t\t\t\t\t<\/div>\n\t\t\t\t<\/div>\n\t\t\t\t<div class=\"elementor-element elementor-element-92d1b81 elementor-widget elementor-widget-text-editor\" data-id=\"92d1b81\" data-element_type=\"widget\" data-widget_type=\"text-editor.default\">\n\t\t\t\t<div class=\"elementor-widget-container\">\n\t\t\t\t\t\t\t\t\t<p>Dal VI\u00b0 secolo, si venera a Gerusalemme, vicino alla piscina di Betsaeta, il luogo in cui sarebbe nata la Vergine Maria. Fu nella Basilica della Nativit\u00e0 di Maria che san Giovanni Damasceno (Dottore della Chiesa 675-749) proclam\u00f2 di <em>\u00abcelebrare con gioia questo giorno che vide la nascita della Madre di Cristo, colei che \u00e8 il \u2018principio della salvezza&#8217;\u00bb<\/em>.<\/p>\t\t\t\t\t\t\t\t<\/div>\n\t\t\t\t<\/div>\n\t\t\t\t<section class=\"elementor-section elementor-inner-section elementor-element elementor-element-7a14c35 elementor-section-boxed elementor-section-height-default elementor-section-height-default\" data-id=\"7a14c35\" data-element_type=\"section\">\n\t\t\t\t\t\t<div class=\"elementor-container elementor-column-gap-default\">\n\t\t\t\t\t<div class=\"elementor-column elementor-col-50 elementor-inner-column elementor-element elementor-element-784b39d\" data-id=\"784b39d\" data-element_type=\"column\">\n\t\t\t<div class=\"elementor-widget-wrap elementor-element-populated\">\n\t\t\t\t\t\t<div class=\"elementor-element elementor-element-0b3cdd8 elementor-widget elementor-widget-image\" data-id=\"0b3cdd8\" data-element_type=\"widget\" data-widget_type=\"image.default\">\n\t\t\t\t<div class=\"elementor-widget-container\">\n\t\t\t\t\t\t\t\t\t\t\t\t\t\t\t<img decoding=\"async\" width=\"683\" height=\"1024\" src=\"https:\/\/www.lourdes-france.com\/wp-content\/uploads\/2022\/09\/Joachim2-683x1024.jpg\" class=\"attachment-large size-large wp-image-787747\" alt=\"\" srcset=\"https:\/\/www.lourdes-france.com\/wp-content\/uploads\/2022\/09\/Joachim2-683x1024.jpg 683w, https:\/\/www.lourdes-france.com\/wp-content\/uploads\/2022\/09\/Joachim2-200x300.jpg 200w, https:\/\/www.lourdes-france.com\/wp-content\/uploads\/2022\/09\/Joachim2-768x1152.jpg 768w, https:\/\/www.lourdes-france.com\/wp-content\/uploads\/2022\/09\/Joachim2-1024x1536.jpg 1024w, https:\/\/www.lourdes-france.com\/wp-content\/uploads\/2022\/09\/Joachim2-1365x2048.jpg 1365w, https:\/\/www.lourdes-france.com\/wp-content\/uploads\/2022\/09\/Joachim2-scaled.jpg 1707w\" sizes=\"(max-width: 683px) 100vw, 683px\" \/>\t\t\t\t\t\t\t\t\t\t\t\t\t\t\t<\/div>\n\t\t\t\t<\/div>\n\t\t\t\t\t<\/div>\n\t\t<\/div>\n\t\t\t\t<div class=\"elementor-column elementor-col-50 elementor-inner-column elementor-element elementor-element-4f7b4e1\" data-id=\"4f7b4e1\" data-element_type=\"column\">\n\t\t\t<div class=\"elementor-widget-wrap elementor-element-populated\">\n\t\t\t\t\t\t<div class=\"elementor-element elementor-element-22b6400 elementor-widget elementor-widget-image\" data-id=\"22b6400\" data-element_type=\"widget\" data-widget_type=\"image.default\">\n\t\t\t\t<div class=\"elementor-widget-container\">\n\t\t\t\t\t\t\t\t\t\t\t\t\t\t\t<img decoding=\"async\" width=\"683\" height=\"1024\" src=\"https:\/\/www.lourdes-france.com\/wp-content\/uploads\/2022\/09\/statue_St_Anne-5-683x1024.jpg\" class=\"attachment-large size-large wp-image-787752\" alt=\"\" srcset=\"https:\/\/www.lourdes-france.com\/wp-content\/uploads\/2022\/09\/statue_St_Anne-5-683x1024.jpg 683w, https:\/\/www.lourdes-france.com\/wp-content\/uploads\/2022\/09\/statue_St_Anne-5-200x300.jpg 200w, https:\/\/www.lourdes-france.com\/wp-content\/uploads\/2022\/09\/statue_St_Anne-5-768x1152.jpg 768w, https:\/\/www.lourdes-france.com\/wp-content\/uploads\/2022\/09\/statue_St_Anne-5-1024x1536.jpg 1024w, https:\/\/www.lourdes-france.com\/wp-content\/uploads\/2022\/09\/statue_St_Anne-5-1365x2048.jpg 1365w, https:\/\/www.lourdes-france.com\/wp-content\/uploads\/2022\/09\/statue_St_Anne-5-scaled.jpg 1707w\" sizes=\"(max-width: 683px) 100vw, 683px\" \/>\t\t\t\t\t\t\t\t\t\t\t\t\t\t\t<\/div>\n\t\t\t\t<\/div>\n\t\t\t\t\t<\/div>\n\t\t<\/div>\n\t\t\t\t\t<\/div>\n\t\t<\/section>\n\t\t\t\t<section class=\"elementor-section elementor-inner-section elementor-element elementor-element-3fa371f elementor-section-boxed elementor-section-height-default elementor-section-height-default\" data-id=\"3fa371f\" data-element_type=\"section\">\n\t\t\t\t\t\t<div class=\"elementor-container elementor-column-gap-default\">\n\t\t\t\t\t<div class=\"elementor-column elementor-col-50 elementor-inner-column elementor-element elementor-element-ad5358d\" data-id=\"ad5358d\" data-element_type=\"column\">\n\t\t\t<div class=\"elementor-widget-wrap elementor-element-populated\">\n\t\t\t\t\t\t<div class=\"elementor-element elementor-element-b4cf53a elementor-widget elementor-widget-text-editor\" data-id=\"b4cf53a\" data-element_type=\"widget\" data-widget_type=\"text-editor.default\">\n\t\t\t\t<div class=\"elementor-widget-container\">\n\t\t\t\t\t\t\t\t\t<h3>La Vergine Maria \u00e8 la patrona della <a href=\"https:\/\/www.catholique65.fr\/dossiers\/sainte-patronne\">diocesi di Tarbes e Lourdes<\/a> e santa patrona della cattedrale Notre-Dame de la S\u00e8de.<br \/>L&#8217;8 settembre \u00e8 dunque la festa della cattedrale e di tutta la Diocesi!<\/h3>\t\t\t\t\t\t\t\t<\/div>\n\t\t\t\t<\/div>\n\t\t\t\t\t<\/div>\n\t\t<\/div>\n\t\t\t\t<div class=\"elementor-column elementor-col-50 elementor-inner-column elementor-element elementor-element-6c14c89\" data-id=\"6c14c89\" data-element_type=\"column\">\n\t\t\t<div class=\"elementor-widget-wrap elementor-element-populated\">\n\t\t\t\t\t\t<div class=\"elementor-element elementor-element-5f7de33 elementor-widget elementor-widget-image\" data-id=\"5f7de33\" data-element_type=\"widget\" data-widget_type=\"image.default\">\n\t\t\t\t<div class=\"elementor-widget-container\">\n\t\t\t\t\t\t\t\t\t\t\t\t\t\t\t<img loading=\"lazy\" decoding=\"async\" width=\"400\" height=\"300\" src=\"https:\/\/www.lourdes-france.com\/wp-content\/uploads\/2022\/09\/Cathedrale.jpg\" class=\"attachment-large size-large wp-image-787757\" alt=\"\" srcset=\"https:\/\/www.lourdes-france.com\/wp-content\/uploads\/2022\/09\/Cathedrale.jpg 400w, https:\/\/www.lourdes-france.com\/wp-content\/uploads\/2022\/09\/Cathedrale-300x225.jpg 300w\" sizes=\"(max-width: 400px) 100vw, 400px\" \/>\t\t\t\t\t\t\t\t\t\t\t\t\t\t\t<\/div>\n\t\t\t\t<\/div>\n\t\t\t\t\t<\/div>\n\t\t<\/div>\n\t\t\t\t\t<\/div>\n\t\t<\/section>\n\t\t\t\t\t<\/div>\n\t\t<\/div>\n\t\t\t\t\t<\/div>\n\t\t<\/section>\n\t\t\t\t<section class=\"elementor-section elementor-top-section elementor-element elementor-element-48d1b58 elementor-section-boxed elementor-section-height-default elementor-section-height-default\" data-id=\"48d1b58\" data-element_type=\"section\">\n\t\t\t\t\t\t<div class=\"elementor-container elementor-column-gap-default\">\n\t\t\t\t\t<div class=\"elementor-column elementor-col-100 elementor-top-column elementor-element elementor-element-c4aa1ca\" data-id=\"c4aa1ca\" data-element_type=\"column\">\n\t\t\t<div class=\"elementor-widget-wrap elementor-element-populated\">\n\t\t\t\t\t\t<section class=\"elementor-section elementor-inner-section elementor-element elementor-element-3f05e89 elementor-section-boxed elementor-section-height-default elementor-section-height-default\" data-id=\"3f05e89\" data-element_type=\"section\">\n\t\t\t\t\t\t<div class=\"elementor-container elementor-column-gap-default\">\n\t\t\t\t\t<div class=\"elementor-column elementor-col-50 elementor-inner-column elementor-element elementor-element-251fd37\" data-id=\"251fd37\" data-element_type=\"column\">\n\t\t\t<div class=\"elementor-widget-wrap elementor-element-populated\">\n\t\t\t\t\t\t<div class=\"elementor-element elementor-element-ca3dcc4 elementor-widget elementor-widget-text-editor\" data-id=\"ca3dcc4\" data-element_type=\"widget\" data-widget_type=\"text-editor.default\">\n\t\t\t\t<div class=\"elementor-widget-container\">\n\t\t\t\t\t\t\t\t\t<h5><em>Abbi piet\u00e0 di me, peccatore, e vieni in mio aiuto, o mia Signora. La tua gloriosa nascita dalla stirpe di Abramo, dalla trib\u00f9 di Giuda, dalla stirpe di Davide, ha portato gioia a tutto il mondo. Possa riempire di gioia anche me e purificarmi da ogni peccato.<\/em><\/h5><p>Preghiera anonima del Medio Evo<\/p>\t\t\t\t\t\t\t\t<\/div>\n\t\t\t\t<\/div>\n\t\t\t\t\t<\/div>\n\t\t<\/div>\n\t\t\t\t<div class=\"elementor-column elementor-col-50 elementor-inner-column elementor-element elementor-element-53cda33\" data-id=\"53cda33\" data-element_type=\"column\">\n\t\t\t<div class=\"elementor-widget-wrap elementor-element-populated\">\n\t\t\t\t\t\t<div class=\"elementor-element elementor-element-6cecfc3 elementor-widget elementor-widget-text-editor\" data-id=\"6cecfc3\" data-element_type=\"widget\" data-widget_type=\"text-editor.default\">\n\t\t\t\t<div class=\"elementor-widget-container\">\n\t\t\t\t\t\t\t\t\t<h5><em>Gi\u00e0 prima della nascita di Giovanni il Precursore, quella di Maria \u00e8 un annuncio della Nativit\u00e0 di Ges\u00f9, preludio della Buona Novella. L&#8217;arrivo di una figlia nella casa di Anna e Gioacchino \u201cha fatto nascere in tutti la speranza e l&#8217;alba della salvezza\u201d. Per questo la Chiesa ci invita a celebrarla con gioia.<\/em><\/h5><p>Messale Romano<\/p>\t\t\t\t\t\t\t\t<\/div>\n\t\t\t\t<\/div>\n\t\t\t\t\t<\/div>\n\t\t<\/div>\n\t\t\t\t\t<\/div>\n\t\t<\/section>\n\t\t\t\t\t<\/div>\n\t\t<\/div>\n\t\t\t\t\t<\/div>\n\t\t<\/section>\n\t\t\t\t<\/div>\n\t\t","protected":false},"excerpt":{"rendered":"<p>A settembre la Chiesa celebra in una settimana tre feste mariane: la nascita di Maria (8 settembre), il nome di Maria (12 settembre) e i dolori di Maria (15 settembre). Nella preghiera si mettono in relazione la nascita di Maria &hellip; <a href=\"https:\/\/www.lourdes-france.com\/it\/8-settembre-festa-della-nativita-della-beata-vergine-maria\/\">Continua<\/a><\/p>\n","protected":false},"author":9,"featured_media":787727,"comment_status":"closed","ping_status":"closed","sticky":false,"template":"","format":"standard","meta":{"_acf_changed":false,"footnotes":""},"categories":[30],"tags":[],"class_list":["post-787804","post","type-post","status-publish","format-standard","has-post-thumbnail","hentry","category-proprio-ora"],"acf":[],"yoast_head":"<!-- This site is optimized with the Yoast SEO Premium plugin v24.0 (Yoast SEO v26.3) - https:\/\/yoast.com\/wordpress\/plugins\/seo\/ -->\n<title>8 settembre - Festa della Nativit\u00e0 della Beata Vergine Maria<\/title>\n<meta name=\"description\" content=\"Festa della Nativit\u00e0 della Beata Vergine Maria. Nella preghiera si mettono in relazione la nascita di Maria e la sua maternit\u00e0 divina.\" \/>\n<meta name=\"robots\" content=\"index, follow, max-snippet:-1, max-image-preview:large, max-video-preview:-1\" \/>\n<link rel=\"canonical\" href=\"https:\/\/www.lourdes-france.com\/it\/8-settembre-festa-della-nativita-della-beata-vergine-maria\/\" \/>\n<meta property=\"og:locale\" content=\"it_IT\" \/>\n<meta property=\"og:type\" content=\"article\" \/>\n<meta property=\"og:title\" content=\"8 settembre - Festa della Nativit\u00e0 della Beata Vergine Maria\" \/>\n<meta property=\"og:description\" content=\"Festa della Nativit\u00e0 della Beata Vergine Maria. Nella preghiera si mettono in relazione la nascita di Maria e la sua maternit\u00e0 divina.\" \/>\n<meta property=\"og:url\" content=\"https:\/\/www.lourdes-france.com\/it\/8-settembre-festa-della-nativita-della-beata-vergine-maria\/\" \/>\n<meta property=\"og:site_name\" content=\"Vivre le p\u00e8lerinage de Lourdes\" \/>\n<meta property=\"article:published_time\" content=\"2022-09-06T07:32:21+00:00\" \/>\n<meta property=\"article:modified_time\" content=\"2022-09-07T09:06:59+00:00\" \/>\n<meta property=\"og:image\" content=\"https:\/\/www.lourdes-france.com\/wp-content\/uploads\/2022\/09\/bandeaunaissancecom.jpg\" \/>\n\t<meta property=\"og:image:width\" content=\"1920\" \/>\n\t<meta property=\"og:image:height\" content=\"1284\" \/>\n\t<meta property=\"og:image:type\" content=\"image\/jpeg\" \/>\n<meta name=\"author\" content=\"communication\" \/>\n<meta name=\"twitter:card\" content=\"summary_large_image\" \/>\n<meta name=\"twitter:label1\" content=\"Scritto da\" \/>\n\t<meta name=\"twitter:data1\" content=\"communication\" \/>\n\t<meta name=\"twitter:label2\" content=\"Tempo di lettura stimato\" \/>\n\t<meta name=\"twitter:data2\" content=\"4 minuti\" \/>\n<script type=\"application\/ld+json\" class=\"yoast-schema-graph\">{\"@context\":\"https:\/\/schema.org\",\"@graph\":[{\"@type\":\"Article\",\"@id\":\"https:\/\/www.lourdes-france.com\/it\/8-settembre-festa-della-nativita-della-beata-vergine-maria\/#article\",\"isPartOf\":{\"@id\":\"https:\/\/www.lourdes-france.com\/it\/8-settembre-festa-della-nativita-della-beata-vergine-maria\/\"},\"author\":{\"name\":\"communication\",\"@id\":\"https:\/\/www.lourdes-france.com\/it\/#\/schema\/person\/cec1bc287296b4aed571d4364999fa69\"},\"headline\":\"8 settembre &#8211; Festa della Nativit\u00e0 della Beata Vergine Maria\",\"datePublished\":\"2022-09-06T07:32:21+00:00\",\"dateModified\":\"2022-09-07T09:06:59+00:00\",\"mainEntityOfPage\":{\"@id\":\"https:\/\/www.lourdes-france.com\/it\/8-settembre-festa-della-nativita-della-beata-vergine-maria\/\"},\"wordCount\":428,\"publisher\":{\"@id\":\"https:\/\/www.lourdes-france.com\/it\/#organization\"},\"image\":{\"@id\":\"https:\/\/www.lourdes-france.com\/it\/8-settembre-festa-della-nativita-della-beata-vergine-maria\/#primaryimage\"},\"thumbnailUrl\":\"https:\/\/www.lourdes-france.com\/wp-content\/uploads\/2022\/09\/bandeaunaissancecom.jpg\",\"articleSection\":[\"Proprio ora\"],\"inLanguage\":\"it-IT\"},{\"@type\":\"WebPage\",\"@id\":\"https:\/\/www.lourdes-france.com\/it\/8-settembre-festa-della-nativita-della-beata-vergine-maria\/\",\"url\":\"https:\/\/www.lourdes-france.com\/it\/8-settembre-festa-della-nativita-della-beata-vergine-maria\/\",\"name\":\"8 settembre - Festa della Nativit\u00e0 della Beata Vergine Maria\",\"isPartOf\":{\"@id\":\"https:\/\/www.lourdes-france.com\/it\/#website\"},\"primaryImageOfPage\":{\"@id\":\"https:\/\/www.lourdes-france.com\/it\/8-settembre-festa-della-nativita-della-beata-vergine-maria\/#primaryimage\"},\"image\":{\"@id\":\"https:\/\/www.lourdes-france.com\/it\/8-settembre-festa-della-nativita-della-beata-vergine-maria\/#primaryimage\"},\"thumbnailUrl\":\"https:\/\/www.lourdes-france.com\/wp-content\/uploads\/2022\/09\/bandeaunaissancecom.jpg\",\"datePublished\":\"2022-09-06T07:32:21+00:00\",\"dateModified\":\"2022-09-07T09:06:59+00:00\",\"description\":\"Festa della Nativit\u00e0 della Beata Vergine Maria. Nella preghiera si mettono in relazione la nascita di Maria e la sua maternit\u00e0 divina.\",\"breadcrumb\":{\"@id\":\"https:\/\/www.lourdes-france.com\/it\/8-settembre-festa-della-nativita-della-beata-vergine-maria\/#breadcrumb\"},\"inLanguage\":\"it-IT\",\"potentialAction\":[{\"@type\":\"ReadAction\",\"target\":[\"https:\/\/www.lourdes-france.com\/it\/8-settembre-festa-della-nativita-della-beata-vergine-maria\/\"]}]},{\"@type\":\"ImageObject\",\"inLanguage\":\"it-IT\",\"@id\":\"https:\/\/www.lourdes-france.com\/it\/8-settembre-festa-della-nativita-della-beata-vergine-maria\/#primaryimage\",\"url\":\"https:\/\/www.lourdes-france.com\/wp-content\/uploads\/2022\/09\/bandeaunaissancecom.jpg\",\"contentUrl\":\"https:\/\/www.lourdes-france.com\/wp-content\/uploads\/2022\/09\/bandeaunaissancecom.jpg\",\"width\":1920,\"height\":1284},{\"@type\":\"BreadcrumbList\",\"@id\":\"https:\/\/www.lourdes-france.com\/it\/8-settembre-festa-della-nativita-della-beata-vergine-maria\/#breadcrumb\",\"itemListElement\":[{\"@type\":\"ListItem\",\"position\":1,\"name\":\"Accueil\",\"item\":\"https:\/\/www.lourdes-france.com\/it\/\"},{\"@type\":\"ListItem\",\"position\":2,\"name\":\"8 settembre &#8211; Festa della Nativit\u00e0 della Beata Vergine Maria\"}]},{\"@type\":\"WebSite\",\"@id\":\"https:\/\/www.lourdes-france.com\/it\/#website\",\"url\":\"https:\/\/www.lourdes-france.com\/it\/\",\"name\":\"Sanctuaire Notre-Dame de Lourdes\",\"description\":\"\",\"publisher\":{\"@id\":\"https:\/\/www.lourdes-france.com\/it\/#organization\"},\"potentialAction\":[{\"@type\":\"SearchAction\",\"target\":{\"@type\":\"EntryPoint\",\"urlTemplate\":\"https:\/\/www.lourdes-france.com\/it\/?s={search_term_string}\"},\"query-input\":{\"@type\":\"PropertyValueSpecification\",\"valueRequired\":true,\"valueName\":\"search_term_string\"}}],\"inLanguage\":\"it-IT\"},{\"@type\":\"Organization\",\"@id\":\"https:\/\/www.lourdes-france.com\/it\/#organization\",\"name\":\"Sanctuaire Notre-Dame de Lourdes\",\"url\":\"https:\/\/www.lourdes-france.com\/it\/\",\"logo\":{\"@type\":\"ImageObject\",\"inLanguage\":\"it-IT\",\"@id\":\"https:\/\/www.lourdes-france.com\/it\/#\/schema\/logo\/image\/\",\"url\":\"https:\/\/www.lourdes-france.com\/wp-content\/uploads\/2021\/11\/logo-small.png\",\"contentUrl\":\"https:\/\/www.lourdes-france.com\/wp-content\/uploads\/2021\/11\/logo-small.png\",\"width\":834,\"height\":521,\"caption\":\"Sanctuaire Notre-Dame de Lourdes\"},\"image\":{\"@id\":\"https:\/\/www.lourdes-france.com\/it\/#\/schema\/logo\/image\/\"}},{\"@type\":\"Person\",\"@id\":\"https:\/\/www.lourdes-france.com\/it\/#\/schema\/person\/cec1bc287296b4aed571d4364999fa69\",\"name\":\"communication\",\"image\":{\"@type\":\"ImageObject\",\"inLanguage\":\"it-IT\",\"@id\":\"https:\/\/www.lourdes-france.com\/it\/#\/schema\/person\/image\/\",\"url\":\"https:\/\/secure.gravatar.com\/avatar\/c941c552c76e46c27f2de2045e73ee4cc48fa8d96f958f26a2362c0c73aaf425?s=96&d=mm&r=g\",\"contentUrl\":\"https:\/\/secure.gravatar.com\/avatar\/c941c552c76e46c27f2de2045e73ee4cc48fa8d96f958f26a2362c0c73aaf425?s=96&d=mm&r=g\",\"caption\":\"communication\"},\"url\":\"https:\/\/www.lourdes-france.com\/it\/author\/communication\/\"}]}<\/script>\n<!-- \/ Yoast SEO Premium plugin. -->","yoast_head_json":{"title":"8 settembre - Festa della Nativit\u00e0 della Beata Vergine Maria","description":"Festa della Nativit\u00e0 della Beata Vergine Maria. Nella preghiera si mettono in relazione la nascita di Maria e la sua maternit\u00e0 divina.","robots":{"index":"index","follow":"follow","max-snippet":"max-snippet:-1","max-image-preview":"max-image-preview:large","max-video-preview":"max-video-preview:-1"},"canonical":"https:\/\/www.lourdes-france.com\/it\/8-settembre-festa-della-nativita-della-beata-vergine-maria\/","og_locale":"it_IT","og_type":"article","og_title":"8 settembre - Festa della Nativit\u00e0 della Beata Vergine Maria","og_description":"Festa della Nativit\u00e0 della Beata Vergine Maria. Nella preghiera si mettono in relazione la nascita di Maria e la sua maternit\u00e0 divina.","og_url":"https:\/\/www.lourdes-france.com\/it\/8-settembre-festa-della-nativita-della-beata-vergine-maria\/","og_site_name":"Vivre le p\u00e8lerinage de Lourdes","article_published_time":"2022-09-06T07:32:21+00:00","article_modified_time":"2022-09-07T09:06:59+00:00","og_image":[{"width":1920,"height":1284,"url":"https:\/\/www.lourdes-france.com\/wp-content\/uploads\/2022\/09\/bandeaunaissancecom.jpg","type":"image\/jpeg"}],"author":"communication","twitter_card":"summary_large_image","twitter_misc":{"Scritto da":"communication","Tempo di lettura stimato":"4 minuti"},"schema":{"@context":"https:\/\/schema.org","@graph":[{"@type":"Article","@id":"https:\/\/www.lourdes-france.com\/it\/8-settembre-festa-della-nativita-della-beata-vergine-maria\/#article","isPartOf":{"@id":"https:\/\/www.lourdes-france.com\/it\/8-settembre-festa-della-nativita-della-beata-vergine-maria\/"},"author":{"name":"communication","@id":"https:\/\/www.lourdes-france.com\/it\/#\/schema\/person\/cec1bc287296b4aed571d4364999fa69"},"headline":"8 settembre &#8211; Festa della Nativit\u00e0 della Beata Vergine Maria","datePublished":"2022-09-06T07:32:21+00:00","dateModified":"2022-09-07T09:06:59+00:00","mainEntityOfPage":{"@id":"https:\/\/www.lourdes-france.com\/it\/8-settembre-festa-della-nativita-della-beata-vergine-maria\/"},"wordCount":428,"publisher":{"@id":"https:\/\/www.lourdes-france.com\/it\/#organization"},"image":{"@id":"https:\/\/www.lourdes-france.com\/it\/8-settembre-festa-della-nativita-della-beata-vergine-maria\/#primaryimage"},"thumbnailUrl":"https:\/\/www.lourdes-france.com\/wp-content\/uploads\/2022\/09\/bandeaunaissancecom.jpg","articleSection":["Proprio ora"],"inLanguage":"it-IT"},{"@type":"WebPage","@id":"https:\/\/www.lourdes-france.com\/it\/8-settembre-festa-della-nativita-della-beata-vergine-maria\/","url":"https:\/\/www.lourdes-france.com\/it\/8-settembre-festa-della-nativita-della-beata-vergine-maria\/","name":"8 settembre - Festa della Nativit\u00e0 della Beata Vergine Maria","isPartOf":{"@id":"https:\/\/www.lourdes-france.com\/it\/#website"},"primaryImageOfPage":{"@id":"https:\/\/www.lourdes-france.com\/it\/8-settembre-festa-della-nativita-della-beata-vergine-maria\/#primaryimage"},"image":{"@id":"https:\/\/www.lourdes-france.com\/it\/8-settembre-festa-della-nativita-della-beata-vergine-maria\/#primaryimage"},"thumbnailUrl":"https:\/\/www.lourdes-france.com\/wp-content\/uploads\/2022\/09\/bandeaunaissancecom.jpg","datePublished":"2022-09-06T07:32:21+00:00","dateModified":"2022-09-07T09:06:59+00:00","description":"Festa della Nativit\u00e0 della Beata Vergine Maria. Nella preghiera si mettono in relazione la nascita di Maria e la sua maternit\u00e0 divina.","breadcrumb":{"@id":"https:\/\/www.lourdes-france.com\/it\/8-settembre-festa-della-nativita-della-beata-vergine-maria\/#breadcrumb"},"inLanguage":"it-IT","potentialAction":[{"@type":"ReadAction","target":["https:\/\/www.lourdes-france.com\/it\/8-settembre-festa-della-nativita-della-beata-vergine-maria\/"]}]},{"@type":"ImageObject","inLanguage":"it-IT","@id":"https:\/\/www.lourdes-france.com\/it\/8-settembre-festa-della-nativita-della-beata-vergine-maria\/#primaryimage","url":"https:\/\/www.lourdes-france.com\/wp-content\/uploads\/2022\/09\/bandeaunaissancecom.jpg","contentUrl":"https:\/\/www.lourdes-france.com\/wp-content\/uploads\/2022\/09\/bandeaunaissancecom.jpg","width":1920,"height":1284},{"@type":"BreadcrumbList","@id":"https:\/\/www.lourdes-france.com\/it\/8-settembre-festa-della-nativita-della-beata-vergine-maria\/#breadcrumb","itemListElement":[{"@type":"ListItem","position":1,"name":"Accueil","item":"https:\/\/www.lourdes-france.com\/it\/"},{"@type":"ListItem","position":2,"name":"8 settembre &#8211; Festa della Nativit\u00e0 della Beata Vergine Maria"}]},{"@type":"WebSite","@id":"https:\/\/www.lourdes-france.com\/it\/#website","url":"https:\/\/www.lourdes-france.com\/it\/","name":"Sanctuaire Notre-Dame de Lourdes","description":"","publisher":{"@id":"https:\/\/www.lourdes-france.com\/it\/#organization"},"potentialAction":[{"@type":"SearchAction","target":{"@type":"EntryPoint","urlTemplate":"https:\/\/www.lourdes-france.com\/it\/?s={search_term_string}"},"query-input":{"@type":"PropertyValueSpecification","valueRequired":true,"valueName":"search_term_string"}}],"inLanguage":"it-IT"},{"@type":"Organization","@id":"https:\/\/www.lourdes-france.com\/it\/#organization","name":"Sanctuaire Notre-Dame de Lourdes","url":"https:\/\/www.lourdes-france.com\/it\/","logo":{"@type":"ImageObject","inLanguage":"it-IT","@id":"https:\/\/www.lourdes-france.com\/it\/#\/schema\/logo\/image\/","url":"https:\/\/www.lourdes-france.com\/wp-content\/uploads\/2021\/11\/logo-small.png","contentUrl":"https:\/\/www.lourdes-france.com\/wp-content\/uploads\/2021\/11\/logo-small.png","width":834,"height":521,"caption":"Sanctuaire Notre-Dame de Lourdes"},"image":{"@id":"https:\/\/www.lourdes-france.com\/it\/#\/schema\/logo\/image\/"}},{"@type":"Person","@id":"https:\/\/www.lourdes-france.com\/it\/#\/schema\/person\/cec1bc287296b4aed571d4364999fa69","name":"communication","image":{"@type":"ImageObject","inLanguage":"it-IT","@id":"https:\/\/www.lourdes-france.com\/it\/#\/schema\/person\/image\/","url":"https:\/\/secure.gravatar.com\/avatar\/c941c552c76e46c27f2de2045e73ee4cc48fa8d96f958f26a2362c0c73aaf425?s=96&d=mm&r=g","contentUrl":"https:\/\/secure.gravatar.com\/avatar\/c941c552c76e46c27f2de2045e73ee4cc48fa8d96f958f26a2362c0c73aaf425?s=96&d=mm&r=g","caption":"communication"},"url":"https:\/\/www.lourdes-france.com\/it\/author\/communication\/"}]}},"_links":{"self":[{"href":"https:\/\/www.lourdes-france.com\/it\/wp-json\/wp\/v2\/posts\/787804","targetHints":{"allow":["GET"]}}],"collection":[{"href":"https:\/\/www.lourdes-france.com\/it\/wp-json\/wp\/v2\/posts"}],"about":[{"href":"https:\/\/www.lourdes-france.com\/it\/wp-json\/wp\/v2\/types\/post"}],"author":[{"embeddable":true,"href":"https:\/\/www.lourdes-france.com\/it\/wp-json\/wp\/v2\/users\/9"}],"replies":[{"embeddable":true,"href":"https:\/\/www.lourdes-france.com\/it\/wp-json\/wp\/v2\/comments?post=787804"}],"version-history":[{"count":0,"href":"https:\/\/www.lourdes-france.com\/it\/wp-json\/wp\/v2\/posts\/787804\/revisions"}],"wp:featuredmedia":[{"embeddable":true,"href":"https:\/\/www.lourdes-france.com\/it\/wp-json\/wp\/v2\/media\/787727"}],"wp:attachment":[{"href":"https:\/\/www.lourdes-france.com\/it\/wp-json\/wp\/v2\/media?parent=787804"}],"wp:term":[{"taxonomy":"category","embeddable":true,"href":"https:\/\/www.lourdes-france.com\/it\/wp-json\/wp\/v2\/categories?post=787804"},{"taxonomy":"post_tag","embeddable":true,"href":"https:\/\/www.lourdes-france.com\/it\/wp-json\/wp\/v2\/tags?post=787804"}],"curies":[{"name":"wp","href":"https:\/\/api.w.org\/{rel}","templated":true}]}}