{"id":824655,"date":"2024-08-22T09:16:46","date_gmt":"2024-08-22T07:16:46","guid":{"rendered":"https:\/\/www.lourdes-france.com\/famille-notre-dame-de-lourdes\/"},"modified":"2024-08-22T09:19:01","modified_gmt":"2024-08-22T07:19:01","slug":"familia-lourdes","status":"publish","type":"post","link":"https:\/\/www.lourdes-france.com\/es\/familia-lourdes\/","title":{"rendered":"La Familia de Nuestra Se\u00f1ora de Lourdes, una comunidad de oraci\u00f3n"},"content":{"rendered":"\t\t<div data-elementor-type=\"wp-post\" data-elementor-id=\"824655\" class=\"elementor elementor-824655 elementor-824546\" data-elementor-post-type=\"post\">\n\t\t\t\t\t\t<section class=\"elementor-section elementor-top-section elementor-element elementor-element-521981da elementor-section-boxed elementor-section-height-default elementor-section-height-default\" data-id=\"521981da\" data-element_type=\"section\">\n\t\t\t\t\t\t<div class=\"elementor-container elementor-column-gap-no\">\n\t\t\t\t\t<div class=\"elementor-column elementor-col-100 elementor-top-column elementor-element elementor-element-3af274c5\" data-id=\"3af274c5\" data-element_type=\"column\">\n\t\t\t<div class=\"elementor-widget-wrap elementor-element-populated\">\n\t\t\t\t\t\t<div class=\"elementor-element elementor-element-45564660 elementor-widget elementor-widget-text-editor\" data-id=\"45564660\" data-element_type=\"widget\" data-widget_type=\"text-editor.default\">\n\t\t\t\t<div class=\"elementor-widget-container\">\n\t\t\t\t\t\t\t\t\t<p><strong>\u00a1Testimoniar, rezar y servir en armon\u00eda con Lourdes! Esto es lo que la Familia de Nuestra Se\u00f1ora de Lourdes quiere que experimenten todos los miembros de la Cofrad\u00eda en el mundo.<\/strong><\/p>\t\t\t\t\t\t\t\t<\/div>\n\t\t\t\t<\/div>\n\t\t\t\t<div class=\"elementor-element elementor-element-16327d4 elementor-widget elementor-widget-text-editor\" data-id=\"16327d4\" data-element_type=\"widget\" data-widget_type=\"text-editor.default\">\n\t\t\t\t<div class=\"elementor-widget-container\">\n\t\t\t\t\t\t\t\t\t<p>La Familia de Nuestra Se\u00f1ora de Lourdes es una comunidad de oraci\u00f3n en la que se celebra a Nuestra Se\u00f1ora de Lourdes a la vez que se comparte un amor filial por la Inmaculada Concepci\u00f3n y <a href=\"https:\/\/www.lourdes-france.com\/es\/bernardita-soubirous\/\" target=\"_blank\" rel=\"noopener\"><strong>Santa Bernardita.<\/strong><\/a> Adem\u00e1s, esta Familia tiene el papel de evangelizar compartiendo y fraternizando, as\u00ed como tratando de reunir a todos aquellos que, est\u00e9n donde est\u00e9n, quieran vivir en esp\u00edritu esta peregrinaci\u00f3n con Mar\u00eda y Bernardita.<\/p>\t\t\t\t\t\t\t\t<\/div>\n\t\t\t\t<\/div>\n\t\t\t\t<div class=\"elementor-element elementor-element-cdff4f9 elementor-widget elementor-widget-image\" data-id=\"cdff4f9\" data-element_type=\"widget\" data-widget_type=\"image.default\">\n\t\t\t\t<div class=\"elementor-widget-container\">\n\t\t\t\t\t\t\t\t\t\t\t\t\t\t\t<img fetchpriority=\"high\" decoding=\"async\" width=\"768\" height=\"512\" src=\"https:\/\/www.lourdes-france.com\/wp-content\/uploads\/2024\/05\/FC3AAtedel27Annonciation-768x512.jpg\" class=\"attachment-medium_large size-medium_large wp-image-824564\" alt=\"\" srcset=\"https:\/\/www.lourdes-france.com\/wp-content\/uploads\/2024\/05\/FC3AAtedel27Annonciation-768x512.jpg 768w, https:\/\/www.lourdes-france.com\/wp-content\/uploads\/2024\/05\/FC3AAtedel27Annonciation-300x200.jpg 300w, https:\/\/www.lourdes-france.com\/wp-content\/uploads\/2024\/05\/FC3AAtedel27Annonciation-1024x683.jpg 1024w, https:\/\/www.lourdes-france.com\/wp-content\/uploads\/2024\/05\/FC3AAtedel27Annonciation-1536x1024.jpg 1536w, https:\/\/www.lourdes-france.com\/wp-content\/uploads\/2024\/05\/FC3AAtedel27Annonciation-2048x1365.jpg 2048w\" sizes=\"(max-width: 768px) 100vw, 768px\" \/>\t\t\t\t\t\t\t\t\t\t\t\t\t\t\t<\/div>\n\t\t\t\t<\/div>\n\t\t\t\t<div class=\"elementor-element elementor-element-49f66ee elementor-widget elementor-widget-text-editor\" data-id=\"49f66ee\" data-element_type=\"widget\" data-widget_type=\"text-editor.default\">\n\t\t\t\t<div class=\"elementor-widget-container\">\n\t\t\t\t\t\t\t\t\t<p><span style=\"color: #000000;\">Tras el nacimiento en el cielo del<strong> P. Andr\u00e9 Cabes (antiguo rector del Santuario y moderador de la Familia de Nuestra Se\u00f1ora)<\/strong>, el cual afect\u00f3 enormemente a cada uno de los miembros, <strong>el P. Michel Daubanes, rector del Santuario, nombr\u00f3 al P. Emmanuel Mvomo como nuevo moderador de la Familia<\/strong> con el objetivo de difundir la vida y las actividades de la Familia de Nuestra Se\u00f1ora de Lourdes. De este modo, esta participa en la <a href=\"https:\/\/www.lourdes-france.com\/es\/gran-sinfonia-de-oracion-para-el-jubileo-de-la-esperanza\/\" target=\"_blank\" rel=\"noopener\"><strong>sinfon\u00eda<\/strong> <\/a>de Lourdes, no en paralelo con el Santuario, sino como parte integrante del mismo.<\/span><\/p>\t\t\t\t\t\t\t\t<\/div>\n\t\t\t\t<\/div>\n\t\t\t\t<div class=\"elementor-element elementor-element-02b5e2e elementor-align-center elementor-widget elementor-widget-button\" data-id=\"02b5e2e\" data-element_type=\"widget\" data-widget_type=\"button.default\">\n\t\t\t\t<div class=\"elementor-widget-container\">\n\t\t\t\t\t\t\t\t\t<div class=\"elementor-button-wrapper\">\n\t\t\t\t\t<a class=\"elementor-button elementor-button-link elementor-size-sm\" href=\"https:\/\/www.lourdes-france.com\/wp-content\/uploads\/2024\/05\/Lettre-du-P.-Daubanes.pdf\" target=\"_blank\">\n\t\t\t\t\t\t<span class=\"elementor-button-content-wrapper\">\n\t\t\t\t\t\t\t\t\t<span class=\"elementor-button-text\">Carta del P. Michel Daubanes, Rector del Santuario, a la Familia de Nuestra Se\u00f1ora de Lourdes (FR)<\/span>\n\t\t\t\t\t<\/span>\n\t\t\t\t\t<\/a>\n\t\t\t\t<\/div>\n\t\t\t\t\t\t\t\t<\/div>\n\t\t\t\t<\/div>\n\t\t\t\t<div class=\"elementor-element elementor-element-dd63eca elementor--h-position-center elementor--v-position-middle elementor-arrows-position-inside elementor-pagination-position-inside elementor-widget elementor-widget-slides\" data-id=\"dd63eca\" data-element_type=\"widget\" data-settings=\"{&quot;navigation&quot;:&quot;both&quot;,&quot;autoplay&quot;:&quot;yes&quot;,&quot;pause_on_hover&quot;:&quot;yes&quot;,&quot;pause_on_interaction&quot;:&quot;yes&quot;,&quot;autoplay_speed&quot;:5000,&quot;infinite&quot;:&quot;yes&quot;,&quot;transition&quot;:&quot;slide&quot;,&quot;transition_speed&quot;:500}\" data-widget_type=\"slides.default\">\n\t\t\t\t<div class=\"elementor-widget-container\">\n\t\t\t\t\t\t\t\t\t<div class=\"elementor-swiper\">\n\t\t\t\t\t<div class=\"elementor-slides-wrapper elementor-main-swiper swiper\" role=\"region\" aria-roledescription=\"carousel\" aria-label=\"Diapositivas\" dir=\"ltr\" data-animation=\"fadeInUp\">\n\t\t\t\t<div class=\"swiper-wrapper elementor-slides\">\n\t\t\t\t\t\t\t\t\t\t<div class=\"elementor-repeater-item-b49020b swiper-slide\" role=\"group\" aria-roledescription=\"slide\"><div class=\"swiper-slide-bg\" role=\"img\" aria-label=\"IMG_20240327_193544\"><\/div><div class=\"swiper-slide-inner\" ><div class=\"swiper-slide-contents\"><div  class=\"elementor-button elementor-slide-button elementor-size-sm\">P. Emmanuel Mvomo<\/div><\/div><\/div><\/div><div class=\"elementor-repeater-item-29c7cdc swiper-slide\" role=\"group\" aria-roledescription=\"slide\"><div class=\"swiper-slide-bg\" role=\"img\" aria-label=\"IMG_20240327_185412\"><\/div><div class=\"swiper-slide-inner\" ><div class=\"swiper-slide-contents\"><div  class=\"elementor-button elementor-slide-button elementor-size-sm\">Sr Genevi\u00e8re, P. Emmanuel Mvomo et P. Michel Daubanes, Recteur du Sanctuaire. <\/div><\/div><\/div><\/div><div class=\"elementor-repeater-item-a8aaa43 swiper-slide\" role=\"group\" aria-roledescription=\"slide\"><div class=\"swiper-slide-bg\" role=\"img\" aria-label=\"P.Mvomo et Recteur\"><\/div><div class=\"swiper-slide-inner\" ><div class=\"swiper-slide-contents\"><\/div><\/div><\/div>\t\t\t\t<\/div>\n\t\t\t\t\t\t\t\t\t\t\t\t\t\t\t<div class=\"elementor-swiper-button elementor-swiper-button-prev\" role=\"button\" tabindex=\"0\" aria-label=\"Diapositiva anterior\">\n\t\t\t\t\t\t\t<i aria-hidden=\"true\" class=\"eicon-chevron-left\"><\/i>\t\t\t\t\t\t<\/div>\n\t\t\t\t\t\t<div class=\"elementor-swiper-button elementor-swiper-button-next\" role=\"button\" tabindex=\"0\" aria-label=\"Diapositiva siguiente\">\n\t\t\t\t\t\t\t<i aria-hidden=\"true\" class=\"eicon-chevron-right\"><\/i>\t\t\t\t\t\t<\/div>\n\t\t\t\t\t\t\t\t\t\t\t\t\t\t\t\t<div class=\"swiper-pagination\"><\/div>\n\t\t\t\t\t\t\t\t\t\t\t\t<\/div>\n\t\t\t\t<\/div>\n\t\t\t\t\t\t\t\t<\/div>\n\t\t\t\t<\/div>\n\t\t\t\t<div class=\"elementor-element elementor-element-bb1680d elementor-widget elementor-widget-text-editor\" data-id=\"bb1680d\" data-element_type=\"widget\" data-widget_type=\"text-editor.default\">\n\t\t\t\t<div class=\"elementor-widget-container\">\n\t\t\t\t\t\t\t\t\t<p><span style=\"color: #000000;\">La Familia de Nuestra Se\u00f1ora de Lourdes est\u00e1 formada por unas 300 personas repartidas por Europa, Am\u00e9rica, \u00c1frica y Asia. <strong>Los miembros de la Familia tienen maneras diferentes de vivir el encuentro<\/strong>. <strong>En Lourdes,<\/strong> los miembros se re\u00fanen una vez al mes para rezar y asistir a una comida juntos. En Miami, se re\u00fanen el d\u00eda 11 de cada mes para compartir un momento de oraci\u00f3n. Cada grupo es libre de vivir el encuentro, a ejemplo de Mar\u00eda y Bernardita, como un tiempo de gracia concedido por el Se\u00f1or.<\/span><\/p>\t\t\t\t\t\t\t\t<\/div>\n\t\t\t\t<\/div>\n\t\t\t\t<div class=\"elementor-element elementor-element-332b2412 elementor-widget elementor-widget-heading\" data-id=\"332b2412\" data-element_type=\"widget\" data-widget_type=\"heading.default\">\n\t\t\t\t<div class=\"elementor-widget-container\">\n\t\t\t\t\t<h3 class=\"elementor-heading-title elementor-size-default\">Encuentros de la Familia de Nuestra Se\u00f1ora de Lourdes<\/h3>\t\t\t\t<\/div>\n\t\t\t\t<\/div>\n\t\t\t\t<div class=\"elementor-element elementor-element-9d2459 elementor-widget elementor-widget-text-editor\" data-id=\"9d2459\" data-element_type=\"widget\" data-widget_type=\"text-editor.default\">\n\t\t\t\t<div class=\"elementor-widget-container\">\n\t\t\t\t\t\t\t\t\t<p>&#8211; <strong>El primer s\u00e1bado de cada mes, el <a href=\"https:\/\/www.lourdes-france.com\/es\/plataforma-tv-lourdes\/\" target=\"_blank\" rel=\"noopener\">rosario<\/a> se celebrar\u00e1 a las 15:30\u00a0h en la <a href=\"https:\/\/www.lourdes-france.com\/es\/peregrino-por-un-dia\/la-gruta\/\" target=\"_blank\" rel=\"noopener\">Gruta<\/a>, en presencia de la Familia de Nuestra Se\u00f1ora de Lourde<\/strong>s y del estandarte de la Cofrad\u00eda; se rezar\u00e1 por las intenciones de toda la Familia, tanto en Lourdes como en todo el mundo, debido a que se retransmitir\u00e1 a trav\u00e9s de TV Lourdes y YouTube. Adem\u00e1s, la repetici\u00f3n del acto estar\u00e1 disponible para aquellas personas que quieran permanecer en comuni\u00f3n al otro lado del mundo.<\/p><p>&#8211; <strong>Todos los s\u00e1bados a las 11:15\u00a0h, tendr\u00e1 lugar una misa por las intenciones de la Familia de Nuestra Se\u00f1ora en la bas\u00edlica del Rosario.<\/strong><\/p><p>&#8211;<strong> El <span style=\"text-decoration: underline;\">11 de cada mes<\/span>, se celebrar\u00e1 una misa a las 11:15\u00a0h en la bas\u00edlica del Rosario<\/strong> por las intenciones de la Familia de Nuestra Se\u00f1ora de Lourdes. Esta misa <strong>se retransmitir\u00e1 en directo a trav\u00e9s de TV Lourdes<\/strong>, lo que permitir\u00e1 que todos los miembros puedan permanecer en comuni\u00f3n.<\/p><p>&#8211; <strong>Los miembros de la Familia est\u00e1n invitados a participar de forma activa en las <a href=\"https:\/\/www.lourdes-france.com\/es\/venir-en-procesion-a-lourdes\/\" target=\"_blank\" rel=\"noopener\">Procesiones<\/a> de las fiestas y solemnidades marianas,<\/strong> en especial, los d\u00edas 11 y 18 de febrero; 25 de marzo; 15 y 22 de agosto; y 8 de diciembre (tambi\u00e9n se podr\u00e1 seguir en directo a trav\u00e9s de TV Lourdes).<\/p>\t\t\t\t\t\t\t\t<\/div>\n\t\t\t\t<\/div>\n\t\t\t\t\t<\/div>\n\t\t<\/div>\n\t\t\t\t\t<\/div>\n\t\t<\/section>\n\t\t\t\t<section class=\"elementor-section elementor-top-section elementor-element elementor-element-657534b elementor-section-boxed elementor-section-height-default elementor-section-height-default\" data-id=\"657534b\" data-element_type=\"section\">\n\t\t\t\t\t\t<div class=\"elementor-container elementor-column-gap-default\">\n\t\t\t\t\t<div class=\"elementor-column elementor-col-100 elementor-top-column elementor-element elementor-element-265b7c3\" data-id=\"265b7c3\" data-element_type=\"column\">\n\t\t\t<div class=\"elementor-widget-wrap elementor-element-populated\">\n\t\t\t\t\t\t<div class=\"elementor-element elementor-element-31e7e6f elementor-widget elementor-widget-button\" data-id=\"31e7e6f\" data-element_type=\"widget\" data-widget_type=\"button.default\">\n\t\t\t\t<div class=\"elementor-widget-container\">\n\t\t\t\t\t\t\t\t\t<div class=\"elementor-button-wrapper\">\n\t\t\t\t\t<a class=\"elementor-button elementor-button-link elementor-size-sm\" href=\"https:\/\/www.lourdes-france.com\/wp-content\/uploads\/2024\/08\/Lettre-n\u00b087-Famille-Notre-Dame-de-Lourdes-22-Aout-2024.pdf\" target=\"_blank\">\n\t\t\t\t\t\t<span class=\"elementor-button-content-wrapper\">\n\t\t\t\t\t\t\t\t\t<span class=\"elementor-button-text\">Carta a la FNSL n.\u00ba 87 (FR)<\/span>\n\t\t\t\t\t<\/span>\n\t\t\t\t\t<\/a>\n\t\t\t\t<\/div>\n\t\t\t\t\t\t\t\t<\/div>\n\t\t\t\t<\/div>\n\t\t\t\t\t<\/div>\n\t\t<\/div>\n\t\t\t\t\t<\/div>\n\t\t<\/section>\n\t\t\t\t<section class=\"elementor-section elementor-top-section elementor-element elementor-element-4bf2ab2 elementor-section-boxed elementor-section-height-default elementor-section-height-default\" data-id=\"4bf2ab2\" data-element_type=\"section\">\n\t\t\t\t\t\t<div class=\"elementor-container elementor-column-gap-no\">\n\t\t\t\t\t<div class=\"elementor-column elementor-col-100 elementor-top-column elementor-element elementor-element-760aa166\" data-id=\"760aa166\" data-element_type=\"column\">\n\t\t\t<div class=\"elementor-widget-wrap elementor-element-populated\">\n\t\t\t\t\t\t<div class=\"elementor-element elementor-element-90d9fc6 elementor-widget elementor-widget-heading\" data-id=\"90d9fc6\" data-element_type=\"widget\" data-widget_type=\"heading.default\">\n\t\t\t\t<div class=\"elementor-widget-container\">\n\t\t\t\t\t<h3 class=\"elementor-heading-title elementor-size-default\">Cofrad\u00eda de la Inmaculada Concepci\u00f3n<\/h3>\t\t\t\t<\/div>\n\t\t\t\t<\/div>\n\t\t\t\t<div class=\"elementor-element elementor-element-1eb5ffe5 elementor-widget elementor-widget-text-editor\" data-id=\"1eb5ffe5\" data-element_type=\"widget\" data-widget_type=\"text-editor.default\">\n\t\t\t\t<div class=\"elementor-widget-container\">\n\t\t\t\t\t\t\t\t\t<p>La Cofrad\u00eda de la Inmaculada Concepci\u00f3n, can\u00f3nicamente establecida por el obispo de Tarbes el 8 de diciembre de 1872 en el Santuario de Nuestra Se\u00f1ora de Lourdes, fue erigida como Archicofrad\u00eda por el papa P\u00edo IX, y despu\u00e9s por Le\u00f3n XIII, primeramente para Francia y luego para el mundo entero. San P\u00edo X le dio su t\u00edtulo y la enriqueci\u00f3 con favores espirituales.<br \/>Durante el A\u00f1o santo de la Misericordia (8 de diciembre de 2015 \u2013 20 de noviembre de 2016), Mons. Nicol\u00e1s Brouwet, obispo de Tarbes y Lourdes, quiso proponer un signo de compromiso m\u00e1s importante para todos (personas, familias, comunidades, santuarios, instituciones&#8230;) al servicio de la misi\u00f3n confiada por Mar\u00eda a Bernardita de Lourdes, para que la Iglesia se manifieste cada vez m\u00e1s como \u00abun oasis de misericordia\u00bb, ofreciendo, a cuerpos y corazones heridos, la fuente de curaci\u00f3n y perd\u00f3n. Se trata de actualizar cada vez m\u00e1s, en todos los medios de vida, la gracia de la aparici\u00f3n en la Gruta de Massabielle. Cuatro a\u00f1os despu\u00e9s de la proclamaci\u00f3n del dogma de su concepci\u00f3n sin mancha, la Madre de Dios revel\u00f3 aqu\u00ed su nombre a Bernardita cuando dijo, el 25 de marzo de 1858: \u00abYo soy la Inmaculada Concepci\u00f3n\u00bb. Unidas por los lazos de la oraci\u00f3n y la caridad, las personas e instituciones interesadas permitir\u00e1n al \u00abruido como una r\u00e1faga de viento\u00bb, que se escuch\u00f3 en Lourdes el 11 de febrero de 1858, ser percibido a\u00fan hoy por el coraz\u00f3n de muchos m\u00e1s.<\/p>\t\t\t\t\t\t\t\t<\/div>\n\t\t\t\t<\/div>\n\t\t\t\t\t<\/div>\n\t\t<\/div>\n\t\t\t\t\t<\/div>\n\t\t<\/section>\n\t\t\t\t<section class=\"elementor-section elementor-top-section elementor-element elementor-element-54b1512 elementor-section-boxed elementor-section-height-default elementor-section-height-default\" data-id=\"54b1512\" data-element_type=\"section\">\n\t\t\t\t\t\t<div class=\"elementor-container elementor-column-gap-no\">\n\t\t\t\t\t<div class=\"elementor-column elementor-col-100 elementor-top-column elementor-element elementor-element-118f9d6\" data-id=\"118f9d6\" data-element_type=\"column\">\n\t\t\t<div class=\"elementor-widget-wrap elementor-element-populated\">\n\t\t\t\t\t\t<div class=\"elementor-element elementor-element-484642f elementor-widget elementor-widget-heading\" data-id=\"484642f\" data-element_type=\"widget\" data-widget_type=\"heading.default\">\n\t\t\t\t<div class=\"elementor-widget-container\">\n\t\t\t\t\t<h3 class=\"elementor-heading-title elementor-size-default\">CONTACTO<\/h3>\t\t\t\t<\/div>\n\t\t\t\t<\/div>\n\t\t\t\t<div class=\"elementor-element elementor-element-ed9f4c2 elementor-widget elementor-widget-text-editor\" data-id=\"ed9f4c2\" data-element_type=\"widget\" data-widget_type=\"text-editor.default\">\n\t\t\t\t<div class=\"elementor-widget-container\">\n\t\t\t\t\t\t\t\t\t<p>* P. Emmanuel Mvomo, CFIC<br \/>Capell\u00e1n del Santuario, capell\u00e1n de la FNSL<br \/>Tel. + 33 (0)7 51 21 50 01<br \/>* Sor Genevi\u00e8ve Pag\u00e8s, hermana de la Caridad de Nevers<br \/>Tel.: + 33 (0)6 22 73 30 29<br \/>Familia de Nuestra Se\u00f1ora de Lourdes<br \/>1 avenue Mgr Th\u00e9as<br \/>65108 Lourdes Cedex<br \/>Correo electr\u00f3nico: <a href=\"mailto:famillendl@lourdes-france.com\" target=\"_blank\" rel=\"noopener\">famillendl@lourdes-france.com<\/a><\/p>\t\t\t\t\t\t\t\t<\/div>\n\t\t\t\t<\/div>\n\t\t\t\t\t<\/div>\n\t\t<\/div>\n\t\t\t\t\t<\/div>\n\t\t<\/section>\n\t\t\t\t<section class=\"elementor-section elementor-top-section elementor-element elementor-element-740920f elementor-section-boxed elementor-section-height-default elementor-section-height-default\" data-id=\"740920f\" data-element_type=\"section\">\n\t\t\t\t\t\t<div class=\"elementor-container elementor-column-gap-default\">\n\t\t\t\t\t<div class=\"elementor-column elementor-col-50 elementor-top-column elementor-element elementor-element-1c0c184\" data-id=\"1c0c184\" data-element_type=\"column\">\n\t\t\t<div class=\"elementor-widget-wrap elementor-element-populated\">\n\t\t\t\t\t\t<div class=\"elementor-element elementor-element-8a8fd84 elementor-align-center elementor-widget__width-initial elementor-widget elementor-widget-button\" data-id=\"8a8fd84\" data-element_type=\"widget\" data-widget_type=\"button.default\">\n\t\t\t\t<div class=\"elementor-widget-container\">\n\t\t\t\t\t\t\t\t\t<div class=\"elementor-button-wrapper\">\n\t\t\t\t\t<a class=\"elementor-button elementor-button-link elementor-size-sm\" href=\"https:\/\/www.lourdes-france.com\/es\/la-familia-de-nuestra-senora-de-lourdes\/\" target=\"_blank\">\n\t\t\t\t\t\t<span class=\"elementor-button-content-wrapper\">\n\t\t\t\t\t\t\t\t\t<span class=\"elementor-button-text\">M\u00e1s informaci\u00f3n sobre la Familia de Nuestra Se\u00f1ora de Lourdes<\/span>\n\t\t\t\t\t<\/span>\n\t\t\t\t\t<\/a>\n\t\t\t\t<\/div>\n\t\t\t\t\t\t\t\t<\/div>\n\t\t\t\t<\/div>\n\t\t\t\t\t<\/div>\n\t\t<\/div>\n\t\t\t\t<div class=\"elementor-column elementor-col-50 elementor-top-column elementor-element elementor-element-a52b368\" data-id=\"a52b368\" data-element_type=\"column\">\n\t\t\t<div class=\"elementor-widget-wrap elementor-element-populated\">\n\t\t\t\t\t\t<div class=\"elementor-element elementor-element-b1157b1 elementor-align-center elementor-widget__width-initial elementor-widget elementor-widget-button\" data-id=\"b1157b1\" data-element_type=\"widget\" data-widget_type=\"button.default\">\n\t\t\t\t<div class=\"elementor-widget-container\">\n\t\t\t\t\t\t\t\t\t<div class=\"elementor-button-wrapper\">\n\t\t\t\t\t<a class=\"elementor-button elementor-button-link elementor-size-sm\" href=\"https:\/\/www.lourdes-france.com\/wp-content\/uploads\/2024\/05\/livret-reglement_ES-1.pdf\" target=\"_blank\">\n\t\t\t\t\t\t<span class=\"elementor-button-content-wrapper\">\n\t\t\t\t\t\t\t\t\t<span class=\"elementor-button-text\">Reglamento de la Archicofrad\u00eda<\/span>\n\t\t\t\t\t<\/span>\n\t\t\t\t\t<\/a>\n\t\t\t\t<\/div>\n\t\t\t\t\t\t\t\t<\/div>\n\t\t\t\t<\/div>\n\t\t\t\t\t<\/div>\n\t\t<\/div>\n\t\t\t\t\t<\/div>\n\t\t<\/section>\n\t\t\t\t<section class=\"elementor-section elementor-top-section elementor-element elementor-element-984c39b elementor-section-boxed elementor-section-height-default elementor-section-height-default\" data-id=\"984c39b\" data-element_type=\"section\">\n\t\t\t\t\t\t<div class=\"elementor-container elementor-column-gap-default\">\n\t\t\t\t\t<div class=\"elementor-column elementor-col-50 elementor-top-column elementor-element elementor-element-39603e8\" data-id=\"39603e8\" data-element_type=\"column\">\n\t\t\t<div class=\"elementor-widget-wrap elementor-element-populated\">\n\t\t\t\t\t\t<div class=\"elementor-element elementor-element-6694d4e elementor-widget elementor-widget-image\" data-id=\"6694d4e\" data-element_type=\"widget\" data-widget_type=\"image.default\">\n\t\t\t\t<div class=\"elementor-widget-container\">\n\t\t\t\t\t\t\t\t\t\t\t\t\t\t\t<img decoding=\"async\" width=\"768\" height=\"1109\" src=\"https:\/\/www.lourdes-france.com\/wp-content\/uploads\/2024\/05\/ActeFR2-768x1109.jpg\" class=\"attachment-medium_large size-medium_large wp-image-824651\" alt=\"\" srcset=\"https:\/\/www.lourdes-france.com\/wp-content\/uploads\/2024\/05\/ActeFR2-768x1109.jpg 768w, https:\/\/www.lourdes-france.com\/wp-content\/uploads\/2024\/05\/ActeFR2-208x300.jpg 208w, https:\/\/www.lourdes-france.com\/wp-content\/uploads\/2024\/05\/ActeFR2-709x1024.jpg 709w, https:\/\/www.lourdes-france.com\/wp-content\/uploads\/2024\/05\/ActeFR2.jpg 1063w\" sizes=\"(max-width: 768px) 100vw, 768px\" \/>\t\t\t\t\t\t\t\t\t\t\t\t\t\t\t<\/div>\n\t\t\t\t<\/div>\n\t\t\t\t\t<\/div>\n\t\t<\/div>\n\t\t\t\t<div class=\"elementor-column elementor-col-50 elementor-top-column elementor-element elementor-element-7baa0f4\" data-id=\"7baa0f4\" data-element_type=\"column\">\n\t\t\t<div class=\"elementor-widget-wrap elementor-element-populated\">\n\t\t\t\t\t\t<div class=\"elementor-element elementor-element-0d68ae5 elementor-widget elementor-widget-image\" data-id=\"0d68ae5\" data-element_type=\"widget\" data-widget_type=\"image.default\">\n\t\t\t\t<div class=\"elementor-widget-container\">\n\t\t\t\t\t\t\t\t\t\t\t\t\t\t\t<img decoding=\"async\" width=\"777\" height=\"1024\" src=\"https:\/\/www.lourdes-france.com\/wp-content\/uploads\/2024\/05\/ActeES-1-777x1024.jpg\" class=\"attachment-large size-large wp-image-824679\" alt=\"\" srcset=\"https:\/\/www.lourdes-france.com\/wp-content\/uploads\/2024\/05\/ActeES-1-777x1024.jpg 777w, https:\/\/www.lourdes-france.com\/wp-content\/uploads\/2024\/05\/ActeES-1-228x300.jpg 228w, https:\/\/www.lourdes-france.com\/wp-content\/uploads\/2024\/05\/ActeES-1-768x1012.jpg 768w, https:\/\/www.lourdes-france.com\/wp-content\/uploads\/2024\/05\/ActeES-1-1166x1536.jpg 1166w, https:\/\/www.lourdes-france.com\/wp-content\/uploads\/2024\/05\/ActeES-1.jpg 1173w\" sizes=\"(max-width: 777px) 100vw, 777px\" \/>\t\t\t\t\t\t\t\t\t\t\t\t\t\t\t<\/div>\n\t\t\t\t<\/div>\n\t\t\t\t\t<\/div>\n\t\t<\/div>\n\t\t\t\t\t<\/div>\n\t\t<\/section>\n\t\t\t\t<\/div>\n\t\t","protected":false},"excerpt":{"rendered":"<p>La Familia de Nuestra Se\u00f1ora de Lourdes es una comunidad de oraci\u00f3n en la que se celebra a Nuestra Se\u00f1ora de Lourdes a la vez que se comparte un amor filial por la Inmaculada Concepci\u00f3n y Santa Bernardita.<\/p>\n","protected":false},"author":9,"featured_media":824554,"comment_status":"closed","ping_status":"closed","sticky":false,"template":"","format":"standard","meta":{"_acf_changed":false,"footnotes":""},"categories":[31],"tags":[],"class_list":["post-824655","post","type-post","status-publish","format-standard","has-post-thumbnail","hentry","category-en-este-momento"],"acf":[],"yoast_head":"<!-- This site is optimized with the Yoast SEO Premium plugin v24.0 (Yoast SEO v26.3) - https:\/\/yoast.com\/wordpress\/plugins\/seo\/ -->\n<title>La Familia de Nuestra Se\u00f1ora de Lourdes<\/title>\n<meta name=\"description\" content=\"La Familia de Nuestra Se\u00f1ora de Lourdes es una comunidad de oraci\u00f3n en la que se comparte un gran amor por la Virgen Mar\u00eda.\" \/>\n<meta name=\"robots\" content=\"index, follow, max-snippet:-1, max-image-preview:large, max-video-preview:-1\" \/>\n<link rel=\"canonical\" href=\"https:\/\/www.lourdes-france.com\/es\/familia-lourdes\/\" \/>\n<meta property=\"og:locale\" content=\"es_ES\" \/>\n<meta property=\"og:type\" content=\"article\" \/>\n<meta property=\"og:title\" content=\"La Familia de Nuestra Se\u00f1ora de Lourdes, una comunidad de oraci\u00f3n\" \/>\n<meta property=\"og:description\" content=\"La Familia de Nuestra Se\u00f1ora de Lourdes es una comunidad de oraci\u00f3n en la que se comparte un gran amor por la Virgen Mar\u00eda.\" \/>\n<meta property=\"og:url\" content=\"https:\/\/www.lourdes-france.com\/es\/familia-lourdes\/\" \/>\n<meta property=\"og:site_name\" content=\"Vivre le p\u00e8lerinage de Lourdes\" \/>\n<meta property=\"article:published_time\" content=\"2024-08-22T07:16:46+00:00\" \/>\n<meta property=\"article:modified_time\" content=\"2024-08-22T07:19:01+00:00\" \/>\n<meta property=\"og:image\" content=\"https:\/\/www.lourdes-france.com\/wp-content\/uploads\/2024\/05\/Bandeau-2-scaled.jpg\" \/>\n\t<meta property=\"og:image:width\" content=\"2560\" \/>\n\t<meta property=\"og:image:height\" content=\"1707\" \/>\n\t<meta property=\"og:image:type\" content=\"image\/jpeg\" \/>\n<meta name=\"author\" content=\"communication\" \/>\n<meta name=\"twitter:card\" content=\"summary_large_image\" \/>\n<meta name=\"twitter:label1\" content=\"Escrito por\" \/>\n\t<meta name=\"twitter:data1\" content=\"communication\" \/>\n\t<meta name=\"twitter:label2\" content=\"Tiempo de lectura\" \/>\n\t<meta name=\"twitter:data2\" content=\"5 minutos\" \/>\n<script type=\"application\/ld+json\" class=\"yoast-schema-graph\">{\"@context\":\"https:\/\/schema.org\",\"@graph\":[{\"@type\":\"NewsArticle\",\"@id\":\"https:\/\/www.lourdes-france.com\/es\/familia-lourdes\/#article\",\"isPartOf\":{\"@id\":\"https:\/\/www.lourdes-france.com\/es\/familia-lourdes\/\"},\"author\":{\"name\":\"communication\",\"@id\":\"https:\/\/www.lourdes-france.com\/es\/#\/schema\/person\/cec1bc287296b4aed571d4364999fa69\"},\"headline\":\"La Familia de Nuestra Se\u00f1ora de Lourdes, una comunidad de oraci\u00f3n\",\"datePublished\":\"2024-08-22T07:16:46+00:00\",\"dateModified\":\"2024-08-22T07:19:01+00:00\",\"mainEntityOfPage\":{\"@id\":\"https:\/\/www.lourdes-france.com\/es\/familia-lourdes\/\"},\"wordCount\":924,\"publisher\":{\"@id\":\"https:\/\/www.lourdes-france.com\/es\/#organization\"},\"image\":{\"@id\":\"https:\/\/www.lourdes-france.com\/es\/familia-lourdes\/#primaryimage\"},\"thumbnailUrl\":\"https:\/\/www.lourdes-france.com\/wp-content\/uploads\/2024\/05\/Bandeau-2-scaled.jpg\",\"articleSection\":[\"En este momento\"],\"inLanguage\":\"es\"},{\"@type\":\"WebPage\",\"@id\":\"https:\/\/www.lourdes-france.com\/es\/familia-lourdes\/\",\"url\":\"https:\/\/www.lourdes-france.com\/es\/familia-lourdes\/\",\"name\":\"La Familia de Nuestra Se\u00f1ora de Lourdes\",\"isPartOf\":{\"@id\":\"https:\/\/www.lourdes-france.com\/es\/#website\"},\"primaryImageOfPage\":{\"@id\":\"https:\/\/www.lourdes-france.com\/es\/familia-lourdes\/#primaryimage\"},\"image\":{\"@id\":\"https:\/\/www.lourdes-france.com\/es\/familia-lourdes\/#primaryimage\"},\"thumbnailUrl\":\"https:\/\/www.lourdes-france.com\/wp-content\/uploads\/2024\/05\/Bandeau-2-scaled.jpg\",\"datePublished\":\"2024-08-22T07:16:46+00:00\",\"dateModified\":\"2024-08-22T07:19:01+00:00\",\"description\":\"La Familia de Nuestra Se\u00f1ora de Lourdes es una comunidad de oraci\u00f3n en la que se comparte un gran amor por la Virgen Mar\u00eda.\",\"breadcrumb\":{\"@id\":\"https:\/\/www.lourdes-france.com\/es\/familia-lourdes\/#breadcrumb\"},\"inLanguage\":\"es\",\"potentialAction\":[{\"@type\":\"ReadAction\",\"target\":[\"https:\/\/www.lourdes-france.com\/es\/familia-lourdes\/\"]}]},{\"@type\":\"ImageObject\",\"inLanguage\":\"es\",\"@id\":\"https:\/\/www.lourdes-france.com\/es\/familia-lourdes\/#primaryimage\",\"url\":\"https:\/\/www.lourdes-france.com\/wp-content\/uploads\/2024\/05\/Bandeau-2-scaled.jpg\",\"contentUrl\":\"https:\/\/www.lourdes-france.com\/wp-content\/uploads\/2024\/05\/Bandeau-2-scaled.jpg\",\"width\":2560,\"height\":1707,\"caption\":\"Famille Notre-Dame de Lourdes\"},{\"@type\":\"BreadcrumbList\",\"@id\":\"https:\/\/www.lourdes-france.com\/es\/familia-lourdes\/#breadcrumb\",\"itemListElement\":[{\"@type\":\"ListItem\",\"position\":1,\"name\":\"Accueil\",\"item\":\"https:\/\/www.lourdes-france.com\/es\/\"},{\"@type\":\"ListItem\",\"position\":2,\"name\":\"La Familia de Nuestra Se\u00f1ora de Lourdes, una comunidad de oraci\u00f3n\"}]},{\"@type\":\"WebSite\",\"@id\":\"https:\/\/www.lourdes-france.com\/es\/#website\",\"url\":\"https:\/\/www.lourdes-france.com\/es\/\",\"name\":\"Sanctuaire Notre-Dame de Lourdes\",\"description\":\"\",\"publisher\":{\"@id\":\"https:\/\/www.lourdes-france.com\/es\/#organization\"},\"potentialAction\":[{\"@type\":\"SearchAction\",\"target\":{\"@type\":\"EntryPoint\",\"urlTemplate\":\"https:\/\/www.lourdes-france.com\/es\/?s={search_term_string}\"},\"query-input\":{\"@type\":\"PropertyValueSpecification\",\"valueRequired\":true,\"valueName\":\"search_term_string\"}}],\"inLanguage\":\"es\"},{\"@type\":\"Organization\",\"@id\":\"https:\/\/www.lourdes-france.com\/es\/#organization\",\"name\":\"Sanctuaire Notre-Dame de Lourdes\",\"url\":\"https:\/\/www.lourdes-france.com\/es\/\",\"logo\":{\"@type\":\"ImageObject\",\"inLanguage\":\"es\",\"@id\":\"https:\/\/www.lourdes-france.com\/es\/#\/schema\/logo\/image\/\",\"url\":\"https:\/\/www.lourdes-france.com\/wp-content\/uploads\/2021\/11\/logo-small.png\",\"contentUrl\":\"https:\/\/www.lourdes-france.com\/wp-content\/uploads\/2021\/11\/logo-small.png\",\"width\":834,\"height\":521,\"caption\":\"Sanctuaire Notre-Dame de Lourdes\"},\"image\":{\"@id\":\"https:\/\/www.lourdes-france.com\/es\/#\/schema\/logo\/image\/\"}},{\"@type\":\"Person\",\"@id\":\"https:\/\/www.lourdes-france.com\/es\/#\/schema\/person\/cec1bc287296b4aed571d4364999fa69\",\"name\":\"communication\",\"image\":{\"@type\":\"ImageObject\",\"inLanguage\":\"es\",\"@id\":\"https:\/\/www.lourdes-france.com\/es\/#\/schema\/person\/image\/\",\"url\":\"https:\/\/secure.gravatar.com\/avatar\/c941c552c76e46c27f2de2045e73ee4cc48fa8d96f958f26a2362c0c73aaf425?s=96&d=mm&r=g\",\"contentUrl\":\"https:\/\/secure.gravatar.com\/avatar\/c941c552c76e46c27f2de2045e73ee4cc48fa8d96f958f26a2362c0c73aaf425?s=96&d=mm&r=g\",\"caption\":\"communication\"},\"url\":\"https:\/\/www.lourdes-france.com\/es\/author\/communication\/\"}]}<\/script>\n<!-- \/ Yoast SEO Premium plugin. -->","yoast_head_json":{"title":"La Familia de Nuestra Se\u00f1ora de Lourdes","description":"La Familia de Nuestra Se\u00f1ora de Lourdes es una comunidad de oraci\u00f3n en la que se comparte un gran amor por la Virgen Mar\u00eda.","robots":{"index":"index","follow":"follow","max-snippet":"max-snippet:-1","max-image-preview":"max-image-preview:large","max-video-preview":"max-video-preview:-1"},"canonical":"https:\/\/www.lourdes-france.com\/es\/familia-lourdes\/","og_locale":"es_ES","og_type":"article","og_title":"La Familia de Nuestra Se\u00f1ora de Lourdes, una comunidad de oraci\u00f3n","og_description":"La Familia de Nuestra Se\u00f1ora de Lourdes es una comunidad de oraci\u00f3n en la que se comparte un gran amor por la Virgen Mar\u00eda.","og_url":"https:\/\/www.lourdes-france.com\/es\/familia-lourdes\/","og_site_name":"Vivre le p\u00e8lerinage de Lourdes","article_published_time":"2024-08-22T07:16:46+00:00","article_modified_time":"2024-08-22T07:19:01+00:00","og_image":[{"width":2560,"height":1707,"url":"https:\/\/www.lourdes-france.com\/wp-content\/uploads\/2024\/05\/Bandeau-2-scaled.jpg","type":"image\/jpeg"}],"author":"communication","twitter_card":"summary_large_image","twitter_misc":{"Escrito por":"communication","Tiempo de lectura":"5 minutos"},"schema":{"@context":"https:\/\/schema.org","@graph":[{"@type":"NewsArticle","@id":"https:\/\/www.lourdes-france.com\/es\/familia-lourdes\/#article","isPartOf":{"@id":"https:\/\/www.lourdes-france.com\/es\/familia-lourdes\/"},"author":{"name":"communication","@id":"https:\/\/www.lourdes-france.com\/es\/#\/schema\/person\/cec1bc287296b4aed571d4364999fa69"},"headline":"La Familia de Nuestra Se\u00f1ora de Lourdes, una comunidad de oraci\u00f3n","datePublished":"2024-08-22T07:16:46+00:00","dateModified":"2024-08-22T07:19:01+00:00","mainEntityOfPage":{"@id":"https:\/\/www.lourdes-france.com\/es\/familia-lourdes\/"},"wordCount":924,"publisher":{"@id":"https:\/\/www.lourdes-france.com\/es\/#organization"},"image":{"@id":"https:\/\/www.lourdes-france.com\/es\/familia-lourdes\/#primaryimage"},"thumbnailUrl":"https:\/\/www.lourdes-france.com\/wp-content\/uploads\/2024\/05\/Bandeau-2-scaled.jpg","articleSection":["En este momento"],"inLanguage":"es"},{"@type":"WebPage","@id":"https:\/\/www.lourdes-france.com\/es\/familia-lourdes\/","url":"https:\/\/www.lourdes-france.com\/es\/familia-lourdes\/","name":"La Familia de Nuestra Se\u00f1ora de Lourdes","isPartOf":{"@id":"https:\/\/www.lourdes-france.com\/es\/#website"},"primaryImageOfPage":{"@id":"https:\/\/www.lourdes-france.com\/es\/familia-lourdes\/#primaryimage"},"image":{"@id":"https:\/\/www.lourdes-france.com\/es\/familia-lourdes\/#primaryimage"},"thumbnailUrl":"https:\/\/www.lourdes-france.com\/wp-content\/uploads\/2024\/05\/Bandeau-2-scaled.jpg","datePublished":"2024-08-22T07:16:46+00:00","dateModified":"2024-08-22T07:19:01+00:00","description":"La Familia de Nuestra Se\u00f1ora de Lourdes es una comunidad de oraci\u00f3n en la que se comparte un gran amor por la Virgen Mar\u00eda.","breadcrumb":{"@id":"https:\/\/www.lourdes-france.com\/es\/familia-lourdes\/#breadcrumb"},"inLanguage":"es","potentialAction":[{"@type":"ReadAction","target":["https:\/\/www.lourdes-france.com\/es\/familia-lourdes\/"]}]},{"@type":"ImageObject","inLanguage":"es","@id":"https:\/\/www.lourdes-france.com\/es\/familia-lourdes\/#primaryimage","url":"https:\/\/www.lourdes-france.com\/wp-content\/uploads\/2024\/05\/Bandeau-2-scaled.jpg","contentUrl":"https:\/\/www.lourdes-france.com\/wp-content\/uploads\/2024\/05\/Bandeau-2-scaled.jpg","width":2560,"height":1707,"caption":"Famille Notre-Dame de Lourdes"},{"@type":"BreadcrumbList","@id":"https:\/\/www.lourdes-france.com\/es\/familia-lourdes\/#breadcrumb","itemListElement":[{"@type":"ListItem","position":1,"name":"Accueil","item":"https:\/\/www.lourdes-france.com\/es\/"},{"@type":"ListItem","position":2,"name":"La Familia de Nuestra Se\u00f1ora de Lourdes, una comunidad de oraci\u00f3n"}]},{"@type":"WebSite","@id":"https:\/\/www.lourdes-france.com\/es\/#website","url":"https:\/\/www.lourdes-france.com\/es\/","name":"Sanctuaire Notre-Dame de Lourdes","description":"","publisher":{"@id":"https:\/\/www.lourdes-france.com\/es\/#organization"},"potentialAction":[{"@type":"SearchAction","target":{"@type":"EntryPoint","urlTemplate":"https:\/\/www.lourdes-france.com\/es\/?s={search_term_string}"},"query-input":{"@type":"PropertyValueSpecification","valueRequired":true,"valueName":"search_term_string"}}],"inLanguage":"es"},{"@type":"Organization","@id":"https:\/\/www.lourdes-france.com\/es\/#organization","name":"Sanctuaire Notre-Dame de Lourdes","url":"https:\/\/www.lourdes-france.com\/es\/","logo":{"@type":"ImageObject","inLanguage":"es","@id":"https:\/\/www.lourdes-france.com\/es\/#\/schema\/logo\/image\/","url":"https:\/\/www.lourdes-france.com\/wp-content\/uploads\/2021\/11\/logo-small.png","contentUrl":"https:\/\/www.lourdes-france.com\/wp-content\/uploads\/2021\/11\/logo-small.png","width":834,"height":521,"caption":"Sanctuaire Notre-Dame de Lourdes"},"image":{"@id":"https:\/\/www.lourdes-france.com\/es\/#\/schema\/logo\/image\/"}},{"@type":"Person","@id":"https:\/\/www.lourdes-france.com\/es\/#\/schema\/person\/cec1bc287296b4aed571d4364999fa69","name":"communication","image":{"@type":"ImageObject","inLanguage":"es","@id":"https:\/\/www.lourdes-france.com\/es\/#\/schema\/person\/image\/","url":"https:\/\/secure.gravatar.com\/avatar\/c941c552c76e46c27f2de2045e73ee4cc48fa8d96f958f26a2362c0c73aaf425?s=96&d=mm&r=g","contentUrl":"https:\/\/secure.gravatar.com\/avatar\/c941c552c76e46c27f2de2045e73ee4cc48fa8d96f958f26a2362c0c73aaf425?s=96&d=mm&r=g","caption":"communication"},"url":"https:\/\/www.lourdes-france.com\/es\/author\/communication\/"}]}},"_links":{"self":[{"href":"https:\/\/www.lourdes-france.com\/es\/wp-json\/wp\/v2\/posts\/824655","targetHints":{"allow":["GET"]}}],"collection":[{"href":"https:\/\/www.lourdes-france.com\/es\/wp-json\/wp\/v2\/posts"}],"about":[{"href":"https:\/\/www.lourdes-france.com\/es\/wp-json\/wp\/v2\/types\/post"}],"author":[{"embeddable":true,"href":"https:\/\/www.lourdes-france.com\/es\/wp-json\/wp\/v2\/users\/9"}],"replies":[{"embeddable":true,"href":"https:\/\/www.lourdes-france.com\/es\/wp-json\/wp\/v2\/comments?post=824655"}],"version-history":[{"count":0,"href":"https:\/\/www.lourdes-france.com\/es\/wp-json\/wp\/v2\/posts\/824655\/revisions"}],"wp:featuredmedia":[{"embeddable":true,"href":"https:\/\/www.lourdes-france.com\/es\/wp-json\/wp\/v2\/media\/824554"}],"wp:attachment":[{"href":"https:\/\/www.lourdes-france.com\/es\/wp-json\/wp\/v2\/media?parent=824655"}],"wp:term":[{"taxonomy":"category","embeddable":true,"href":"https:\/\/www.lourdes-france.com\/es\/wp-json\/wp\/v2\/categories?post=824655"},{"taxonomy":"post_tag","embeddable":true,"href":"https:\/\/www.lourdes-france.com\/es\/wp-json\/wp\/v2\/tags?post=824655"}],"curies":[{"name":"wp","href":"https:\/\/api.w.org\/{rel}","templated":true}]}}