{"id":824320,"date":"2024-05-03T08:30:00","date_gmt":"2024-05-03T06:30:00","guid":{"rendered":"https:\/\/www.lourdes-france.com\/?p=824320"},"modified":"2024-05-13T10:33:22","modified_gmt":"2024-05-13T08:33:22","slug":"celebrar-la-ascension-en-lourdes","status":"publish","type":"post","link":"https:\/\/www.lourdes-france.com\/es\/celebrar-la-ascension-en-lourdes\/","title":{"rendered":"Celebrar la Ascensi\u00f3n en Lourdes"},"content":{"rendered":"\t\t<div data-elementor-type=\"wp-post\" data-elementor-id=\"824320\" class=\"elementor elementor-824320 elementor-824244\" data-elementor-post-type=\"post\">\n\t\t\t\t\t\t<section class=\"elementor-section elementor-top-section elementor-element elementor-element-22bcaa39 elementor-section-boxed elementor-section-height-default elementor-section-height-default\" data-id=\"22bcaa39\" data-element_type=\"section\">\n\t\t\t\t\t\t<div class=\"elementor-container elementor-column-gap-no\">\n\t\t\t\t\t<div class=\"elementor-column elementor-col-100 elementor-top-column elementor-element elementor-element-6c79511e\" data-id=\"6c79511e\" data-element_type=\"column\">\n\t\t\t<div class=\"elementor-widget-wrap elementor-element-populated\">\n\t\t\t\t\t\t<div class=\"elementor-element elementor-element-2e4082d7 elementor-widget elementor-widget-text-editor\" data-id=\"2e4082d7\" data-element_type=\"widget\" data-widget_type=\"text-editor.default\">\n\t\t\t\t<div class=\"elementor-widget-container\">\n\t\t\t\t\t\t\t\t\t<p><strong>El Santuario de Lourdes celebrar\u00e1 esta gran fiesta con peregrinos de todo el mundo, con la novedad de que este a\u00f1o acoger\u00e1 al \u00c9v\u00e8nemenCiel 2024, un encuentro bajo el tema \u00abPara que todos sean uno\u00bb (Jn 17, 21).<\/strong><\/p>\t\t\t\t\t\t\t\t<\/div>\n\t\t\t\t<\/div>\n\t\t\t\t<div class=\"elementor-element elementor-element-4c3b9449 elementor-widget elementor-widget-heading\" data-id=\"4c3b9449\" data-element_type=\"widget\" data-widget_type=\"heading.default\">\n\t\t\t\t<div class=\"elementor-widget-container\">\n\t\t\t\t\t<h3 class=\"elementor-heading-title elementor-size-default\">\u00bfQu\u00e9 se celebra el D\u00eda de la Ascensi\u00f3n?<\/h3>\t\t\t\t<\/div>\n\t\t\t\t<\/div>\n\t\t\t\t<div class=\"elementor-element elementor-element-3cbf5cf1 elementor-widget elementor-widget-text-editor\" data-id=\"3cbf5cf1\" data-element_type=\"widget\" data-widget_type=\"text-editor.default\">\n\t\t\t\t<div class=\"elementor-widget-container\">\n\t\t\t\t\t\t\t\t\t<p>La fiesta de la Ascensi\u00f3n representa la subida de Jes\u00fas hacia Dios, su Padre. Se celebra cuarenta d\u00edas despu\u00e9s de la Resurrecci\u00f3n Pascual y es una de las principales fiestas cristianas, la cual sigue a la Pascua y anuncia Pentecost\u00e9s, conmemorado diez d\u00edas m\u00e1s tarde.<br \/><em><strong>\u00ab\u00bfQu\u00e9 hac\u00e9is ah\u00ed plantados mirando al cielo?\u00bb<\/strong><\/em> (Hch 1, 11) se les dijo a los ap\u00f3stoles: la Ascensi\u00f3n de Cristo es tambi\u00e9n una llamada a un mayor compromiso para llevar la Buena Nueva al mundo.<\/p>\t\t\t\t\t\t\t\t<\/div>\n\t\t\t\t<\/div>\n\t\t\t\t\t<\/div>\n\t\t<\/div>\n\t\t\t\t\t<\/div>\n\t\t<\/section>\n\t\t\t\t<section class=\"elementor-section elementor-top-section elementor-element elementor-element-7aaf1deb elementor-section-boxed elementor-section-height-default elementor-section-height-default\" data-id=\"7aaf1deb\" data-element_type=\"section\">\n\t\t\t\t\t\t<div class=\"elementor-container elementor-column-gap-no\">\n\t\t\t\t\t<div class=\"elementor-column elementor-col-100 elementor-top-column elementor-element elementor-element-4181ce46\" data-id=\"4181ce46\" data-element_type=\"column\">\n\t\t\t<div class=\"elementor-widget-wrap elementor-element-populated\">\n\t\t\t\t\t\t<div class=\"elementor-element elementor-element-565392d8 elementor-widget elementor-widget-heading\" data-id=\"565392d8\" data-element_type=\"widget\" data-widget_type=\"heading.default\">\n\t\t\t\t<div class=\"elementor-widget-container\">\n\t\t\t\t\t<h3 class=\"elementor-heading-title elementor-size-default\">Horarios de las celebraciones en el Santuario:\u00a0<\/h3>\t\t\t\t<\/div>\n\t\t\t\t<\/div>\n\t\t\t\t<section class=\"elementor-section elementor-inner-section elementor-element elementor-element-34bbfd0 elementor-section-boxed elementor-section-height-default elementor-section-height-default\" data-id=\"34bbfd0\" data-element_type=\"section\">\n\t\t\t\t\t\t<div class=\"elementor-container elementor-column-gap-default\">\n\t\t\t\t\t<div class=\"elementor-column elementor-col-50 elementor-inner-column elementor-element elementor-element-d8fe21b\" data-id=\"d8fe21b\" data-element_type=\"column\">\n\t\t\t<div class=\"elementor-widget-wrap elementor-element-populated\">\n\t\t\t\t\t\t<div class=\"elementor-element elementor-element-28e7d44 elementor-widget elementor-widget-text-editor\" data-id=\"28e7d44\" data-element_type=\"widget\" data-widget_type=\"text-editor.default\">\n\t\t\t\t<div class=\"elementor-widget-container\">\n\t\t\t\t\t\t\t\t\t<p><span style=\"color: #000000;\"><strong><em>No habr\u00e1 misa internacional el mi\u00e9rcoles 8 de mayo<\/em><\/strong><\/span><\/p><p><span style=\"text-decoration: underline; color: #000000;\"><em><strong>Jueves 9 de mayo, fiesta de la Ascensi\u00f3n<\/strong><\/em><\/span><br \/><span style=\"color: #000000;\">9:30\u00a0h: misa internacional en la bas\u00edlica de San P\u00edo X, seguida del \u00c1ngelus en la Gruta. <\/span><br \/><span style=\"color: #000000;\"><strong>10:00\u00a0h<\/strong>: Misa en la Gruta. <\/span><br \/><span style=\"color: #000000;\"><strong>14:30\u00a0h<\/strong>: <a href=\"https:\/\/www.lourdes-france.com\/es\/venir-a-lourdes\/\" target=\"_blank\" rel=\"noopener\">Los pasos de Bernardita.<\/a><\/span><br \/><span style=\"color: #000000;\"><strong>16:15\u00a0h<\/strong>:<a href=\"https:\/\/www.lourdes-france.com\/es\/plataforma-tv-lourdes\/\" target=\"_blank\" rel=\"noopener\"> Rosario en la Gruta<\/a>.<\/span><br \/><span style=\"color: #000000;\"><strong>17:00\u00a0h<\/strong>: <a href=\"https:\/\/www.lourdes-france.com\/es\/venir-en-procesion-a-lourdes\/\" target=\"_blank\" rel=\"noopener\">Procesi\u00f3n<\/a>, adoraci\u00f3n eucar\u00edstica y bendici\u00f3n de las personas enfermas. <\/span><br \/><span style=\"color: #000000;\"><strong>21:00\u00a0h<\/strong>: Procesi\u00f3n mariana desde la Gruta.<\/span><\/p>\t\t\t\t\t\t\t\t<\/div>\n\t\t\t\t<\/div>\n\t\t\t\t\t<\/div>\n\t\t<\/div>\n\t\t\t\t<div class=\"elementor-column elementor-col-50 elementor-inner-column elementor-element elementor-element-d7770ff\" data-id=\"d7770ff\" data-element_type=\"column\">\n\t\t\t<div class=\"elementor-widget-wrap elementor-element-populated\">\n\t\t\t\t\t\t<div class=\"elementor-element elementor-element-99f965d elementor-widget elementor-widget-image\" data-id=\"99f965d\" data-element_type=\"widget\" data-widget_type=\"image.default\">\n\t\t\t\t<div class=\"elementor-widget-container\">\n\t\t\t\t\t\t\t\t\t\t\t\t\t\t\t<img fetchpriority=\"high\" decoding=\"async\" width=\"214\" height=\"300\" src=\"https:\/\/www.lourdes-france.com\/wp-content\/uploads\/2024\/05\/Gemmaildel27AscensciondeNotre-Seigneur-214x300.jpg\" class=\"attachment-medium size-medium wp-image-824259\" alt=\"Ascension Gemmail\" srcset=\"https:\/\/www.lourdes-france.com\/wp-content\/uploads\/2024\/05\/Gemmaildel27AscensciondeNotre-Seigneur-214x300.jpg 214w, https:\/\/www.lourdes-france.com\/wp-content\/uploads\/2024\/05\/Gemmaildel27AscensciondeNotre-Seigneur-729x1024.jpg 729w, https:\/\/www.lourdes-france.com\/wp-content\/uploads\/2024\/05\/Gemmaildel27AscensciondeNotre-Seigneur-768x1079.jpg 768w, https:\/\/www.lourdes-france.com\/wp-content\/uploads\/2024\/05\/Gemmaildel27AscensciondeNotre-Seigneur-1093x1536.jpg 1093w, https:\/\/www.lourdes-france.com\/wp-content\/uploads\/2024\/05\/Gemmaildel27AscensciondeNotre-Seigneur-1458x2048.jpg 1458w, https:\/\/www.lourdes-france.com\/wp-content\/uploads\/2024\/05\/Gemmaildel27AscensciondeNotre-Seigneur-scaled.jpg 1822w\" sizes=\"(max-width: 214px) 100vw, 214px\" \/>\t\t\t\t\t\t\t\t\t\t\t\t\t\t\t<\/div>\n\t\t\t\t<\/div>\n\t\t\t\t\t<\/div>\n\t\t<\/div>\n\t\t\t\t\t<\/div>\n\t\t<\/section>\n\t\t\t\t<div class=\"elementor-element elementor-element-ddb4003 elementor-widget elementor-widget-text-editor\" data-id=\"ddb4003\" data-element_type=\"widget\" data-widget_type=\"text-editor.default\">\n\t\t\t\t<div class=\"elementor-widget-container\">\n\t\t\t\t\t\t\t\t\t<p><span style=\"color: #000000;\">Durante el puente de la Ascensi\u00f3n, un <a href=\"https:\/\/www.lourdes-france.com\/es\/los-capellanes\/\" target=\"_blank\" rel=\"noopener\"><strong>capell\u00e1n del Santuario<\/strong> <\/a>estar\u00e1 presente en la carpa de los j\u00f3venes (frente a las piscinas) para ofrecer el <a href=\"https:\/\/www.lourdes-france.com\/es\/peregrino-por-un-dia\/el-agua\/\" target=\"_blank\" rel=\"noopener\"><strong>\u00abgesto del agua\u00bb<\/strong><\/a> a los peregrinos.<\/span><br \/><span style=\"color: #000000;\"><span style=\"text-decoration: underline;\"><strong>Jueves 9 de mayo<\/strong> <\/span>a las <strong>10:00 h y a las 14:30 h<\/strong><\/span><br \/><span style=\"color: #000000;\"><span style=\"text-decoration: underline;\"><strong>Viernes 10 de mayo<\/strong><\/span> a las<strong> 10:00 h y a las 14:30 h<\/strong><\/span><br \/><span style=\"color: #000000;\"><span style=\"text-decoration: underline;\"><strong>S\u00e1bado 11 de mayo<\/strong><\/span> a las<strong> 14:30 h<\/strong><\/span><\/p>\t\t\t\t\t\t\t\t<\/div>\n\t\t\t\t<\/div>\n\t\t\t\t\t<\/div>\n\t\t<\/div>\n\t\t\t\t\t<\/div>\n\t\t<\/section>\n\t\t\t\t<section class=\"elementor-section elementor-top-section elementor-element elementor-element-ba4fe4d elementor-section-boxed elementor-section-height-default elementor-section-height-default\" data-id=\"ba4fe4d\" data-element_type=\"section\">\n\t\t\t\t\t\t<div class=\"elementor-container elementor-column-gap-default\">\n\t\t\t\t\t<div class=\"elementor-column elementor-col-100 elementor-top-column elementor-element elementor-element-682f0b5\" data-id=\"682f0b5\" data-element_type=\"column\">\n\t\t\t<div class=\"elementor-widget-wrap elementor-element-populated\">\n\t\t\t\t\t\t<div class=\"elementor-element elementor-element-a0b91ed elementor-align-center elementor-widget elementor-widget-button\" data-id=\"a0b91ed\" data-element_type=\"widget\" data-widget_type=\"button.default\">\n\t\t\t\t<div class=\"elementor-widget-container\">\n\t\t\t\t\t\t\t\t\t<div class=\"elementor-button-wrapper\">\n\t\t\t\t\t<a class=\"elementor-button elementor-button-link elementor-size-sm\" href=\"https:\/\/www.lourdes-france.org\/es\/horarios\/\" target=\"_blank\">\n\t\t\t\t\t\t<span class=\"elementor-button-content-wrapper\">\n\t\t\t\t\t\t\t\t\t<span class=\"elementor-button-text\">Otros horarios<\/span>\n\t\t\t\t\t<\/span>\n\t\t\t\t\t<\/a>\n\t\t\t\t<\/div>\n\t\t\t\t\t\t\t\t<\/div>\n\t\t\t\t<\/div>\n\t\t\t\t\t<\/div>\n\t\t<\/div>\n\t\t\t\t\t<\/div>\n\t\t<\/section>\n\t\t\t\t<section class=\"elementor-section elementor-top-section elementor-element elementor-element-6ff2fd5 elementor-section-boxed elementor-section-height-default elementor-section-height-default\" data-id=\"6ff2fd5\" data-element_type=\"section\">\n\t\t\t\t\t\t<div class=\"elementor-container elementor-column-gap-no\">\n\t\t\t\t\t<div class=\"elementor-column elementor-col-100 elementor-top-column elementor-element elementor-element-2104c470\" data-id=\"2104c470\" data-element_type=\"column\">\n\t\t\t<div class=\"elementor-widget-wrap elementor-element-populated\">\n\t\t\t\t\t\t<div class=\"elementor-element elementor-element-a9545b8 elementor-widget elementor-widget-heading\" data-id=\"a9545b8\" data-element_type=\"widget\" data-widget_type=\"heading.default\">\n\t\t\t\t<div class=\"elementor-widget-container\">\n\t\t\t\t\t<h3 class=\"elementor-heading-title elementor-size-default\">\u00c9v\u00e8nemenCiel 2024: \u00bfPara qui\u00e9n? \u00bfPor qu\u00e9?<\/h3>\t\t\t\t<\/div>\n\t\t\t\t<\/div>\n\t\t\t\t<div class=\"elementor-element elementor-element-42162eb8 elementor-widget elementor-widget-text-editor\" data-id=\"42162eb8\" data-element_type=\"widget\" data-widget_type=\"text-editor.default\">\n\t\t\t\t<div class=\"elementor-widget-container\">\n\t\t\t\t\t\t\t\t\t<p>En Lourdes, 1500 peregrinos se reunir\u00e1n durante cuatro d\u00edas para escuchar al Esp\u00edritu Santo, alabar, rezar y formarse.<br \/>El \u00c9v\u00e8nemenCiel, del 8 al 12 de mayo de 2024, est\u00e1 organizado por <em><strong>\u00abAmen, oui je croix\u00a0!\u00bb<\/strong><\/em>. Se trata de un encuentro con ense\u00f1anzas, alabanzas, vigilias de oraci\u00f3n y una velada festiva caracterizada por una <strong>Cristoteca<\/strong> junto al P. Baldo Alagna y Laurent Gay.<\/p>\t\t\t\t\t\t\t\t<\/div>\n\t\t\t\t<\/div>\n\t\t\t\t\t<\/div>\n\t\t<\/div>\n\t\t\t\t\t<\/div>\n\t\t<\/section>\n\t\t\t\t<section class=\"elementor-section elementor-top-section elementor-element elementor-element-4218d4d elementor-section-boxed elementor-section-height-default elementor-section-height-default\" data-id=\"4218d4d\" data-element_type=\"section\">\n\t\t\t\t\t\t<div class=\"elementor-container elementor-column-gap-default\">\n\t\t\t\t\t<div class=\"elementor-column elementor-col-50 elementor-top-column elementor-element elementor-element-ca89b44\" data-id=\"ca89b44\" data-element_type=\"column\">\n\t\t\t<div class=\"elementor-widget-wrap elementor-element-populated\">\n\t\t\t\t\t\t<div class=\"elementor-element elementor-element-4f67dd8 elementor-widget elementor-widget-image\" data-id=\"4f67dd8\" data-element_type=\"widget\" data-widget_type=\"image.default\">\n\t\t\t\t<div class=\"elementor-widget-container\">\n\t\t\t\t\t\t\t\t\t\t\t\t\t\t\t<img decoding=\"async\" width=\"553\" height=\"781\" src=\"https:\/\/www.lourdes-france.com\/wp-content\/uploads\/2024\/05\/EvenemenCiel-2024.webp\" class=\"attachment-large size-large wp-image-824279\" alt=\"\" srcset=\"https:\/\/www.lourdes-france.com\/wp-content\/uploads\/2024\/05\/EvenemenCiel-2024.webp 553w, https:\/\/www.lourdes-france.com\/wp-content\/uploads\/2024\/05\/EvenemenCiel-2024-212x300.webp 212w\" sizes=\"(max-width: 553px) 100vw, 553px\" \/>\t\t\t\t\t\t\t\t\t\t\t\t\t\t\t<\/div>\n\t\t\t\t<\/div>\n\t\t\t\t\t<\/div>\n\t\t<\/div>\n\t\t\t\t<div class=\"elementor-column elementor-col-50 elementor-top-column elementor-element elementor-element-6ccac83\" data-id=\"6ccac83\" data-element_type=\"column\">\n\t\t\t<div class=\"elementor-widget-wrap elementor-element-populated\">\n\t\t\t\t\t\t<div class=\"elementor-element elementor-element-319f21a elementor-widget elementor-widget-image\" data-id=\"319f21a\" data-element_type=\"widget\" data-widget_type=\"image.default\">\n\t\t\t\t<div class=\"elementor-widget-container\">\n\t\t\t\t\t\t\t\t\t\t\t\t\t\t\t<img decoding=\"async\" width=\"553\" height=\"775\" src=\"https:\/\/www.lourdes-france.com\/wp-content\/uploads\/2024\/05\/AOJC-EvenementCiel-2024-Programme.webp\" class=\"attachment-large size-large wp-image-824272\" alt=\"\" srcset=\"https:\/\/www.lourdes-france.com\/wp-content\/uploads\/2024\/05\/AOJC-EvenementCiel-2024-Programme.webp 553w, https:\/\/www.lourdes-france.com\/wp-content\/uploads\/2024\/05\/AOJC-EvenementCiel-2024-Programme-214x300.webp 214w\" sizes=\"(max-width: 553px) 100vw, 553px\" \/>\t\t\t\t\t\t\t\t\t\t\t\t\t\t\t<\/div>\n\t\t\t\t<\/div>\n\t\t\t\t\t<\/div>\n\t\t<\/div>\n\t\t\t\t\t<\/div>\n\t\t<\/section>\n\t\t\t\t<section class=\"elementor-section elementor-top-section elementor-element elementor-element-ff10881 elementor-section-boxed elementor-section-height-default elementor-section-height-default\" data-id=\"ff10881\" data-element_type=\"section\">\n\t\t\t\t\t\t<div class=\"elementor-container elementor-column-gap-default\">\n\t\t\t\t\t<div class=\"elementor-column elementor-col-100 elementor-top-column elementor-element elementor-element-8d5a255\" data-id=\"8d5a255\" data-element_type=\"column\">\n\t\t\t<div class=\"elementor-widget-wrap elementor-element-populated\">\n\t\t\t\t\t\t<div class=\"elementor-element elementor-element-22ef69c elementor-align-center elementor-widget elementor-widget-button\" data-id=\"22ef69c\" data-element_type=\"widget\" data-widget_type=\"button.default\">\n\t\t\t\t<div class=\"elementor-widget-container\">\n\t\t\t\t\t\t\t\t\t<div class=\"elementor-button-wrapper\">\n\t\t\t\t\t<a class=\"elementor-button elementor-button-link elementor-size-sm\" href=\"https:\/\/www.radiopresence.com\/emissions\/foi\/vie-de-l-eglise\/vivante-eglise\/article\/l-evenemenciel-2024-a-lourdes\" target=\"_blank\">\n\t\t\t\t\t\t<span class=\"elementor-button-content-wrapper\">\n\t\t\t\t\t\t\t\t\t<span class=\"elementor-button-text\">Escuchar el programa de radio Vivante Eglise con Jean-Luc Garnier como invitado<\/span>\n\t\t\t\t\t<\/span>\n\t\t\t\t\t<\/a>\n\t\t\t\t<\/div>\n\t\t\t\t\t\t\t\t<\/div>\n\t\t\t\t<\/div>\n\t\t\t\t\t<\/div>\n\t\t<\/div>\n\t\t\t\t\t<\/div>\n\t\t<\/section>\n\t\t\t\t<section class=\"elementor-section elementor-top-section elementor-element elementor-element-4b0c6aa elementor-section-boxed elementor-section-height-default elementor-section-height-default\" data-id=\"4b0c6aa\" data-element_type=\"section\">\n\t\t\t\t\t\t<div class=\"elementor-container elementor-column-gap-default\">\n\t\t\t\t\t<div class=\"elementor-column elementor-col-100 elementor-top-column elementor-element elementor-element-2976303\" data-id=\"2976303\" data-element_type=\"column\">\n\t\t\t<div class=\"elementor-widget-wrap elementor-element-populated\">\n\t\t\t\t\t\t<div class=\"elementor-element elementor-element-02869a7 elementor-widget elementor-widget-text-editor\" data-id=\"02869a7\" data-element_type=\"widget\" data-widget_type=\"text-editor.default\">\n\t\t\t\t<div class=\"elementor-widget-container\">\n\t\t\t\t\t\t\t\t\t<p><span style=\"color: #000000;\"><strong>Jean-Luc Garnier<\/strong> es un antiguo rapero del grupo MC Solaar. Atrapado en una vida repleta de violencia y adicciones, su destino cambi\u00f3 por completo el d\u00eda que conoci\u00f3 a Cristo. Tras su conversi\u00f3n al cristianismo, cre\u00f3 <em><strong>\u00abAmen, Oui je croix\u00bb<\/strong><\/em>, un lugar de evangelizaci\u00f3n y organizaci\u00f3n de eventos en el que la gente puede ejercitar sus talentos al servicio del Se\u00f1or.<br \/><\/span><\/p>\t\t\t\t\t\t\t\t<\/div>\n\t\t\t\t<\/div>\n\t\t\t\t\t<\/div>\n\t\t<\/div>\n\t\t\t\t\t<\/div>\n\t\t<\/section>\n\t\t\t\t<section class=\"elementor-section elementor-top-section elementor-element elementor-element-432bb2a elementor-section-boxed elementor-section-height-default elementor-section-height-default\" data-id=\"432bb2a\" data-element_type=\"section\">\n\t\t\t\t\t\t<div class=\"elementor-container elementor-column-gap-default\">\n\t\t\t\t\t<div class=\"elementor-column elementor-col-50 elementor-top-column elementor-element elementor-element-d22b5d1\" data-id=\"d22b5d1\" data-element_type=\"column\">\n\t\t\t<div class=\"elementor-widget-wrap elementor-element-populated\">\n\t\t\t\t\t\t<div class=\"elementor-element elementor-element-a8f5a84 elementor-widget elementor-widget-button\" data-id=\"a8f5a84\" data-element_type=\"widget\" data-widget_type=\"button.default\">\n\t\t\t\t<div class=\"elementor-widget-container\">\n\t\t\t\t\t\t\t\t\t<div class=\"elementor-button-wrapper\">\n\t\t\t\t\t<a class=\"elementor-button elementor-button-link elementor-size-sm\" href=\"https:\/\/www.lourdes-france.com\/es\/peregrino-por-un-dia\/\" target=\"_blank\">\n\t\t\t\t\t\t<span class=\"elementor-button-content-wrapper\">\n\t\t\t\t\t\t\t\t\t<span class=\"elementor-button-text\">Siga todas las actividades que el Santuario ofrece a los peregrinos de Lourdes<\/span>\n\t\t\t\t\t<\/span>\n\t\t\t\t\t<\/a>\n\t\t\t\t<\/div>\n\t\t\t\t\t\t\t\t<\/div>\n\t\t\t\t<\/div>\n\t\t\t\t\t<\/div>\n\t\t<\/div>\n\t\t\t\t<div class=\"elementor-column elementor-col-50 elementor-top-column elementor-element elementor-element-c898938\" data-id=\"c898938\" data-element_type=\"column\">\n\t\t\t<div class=\"elementor-widget-wrap elementor-element-populated\">\n\t\t\t\t\t\t<div class=\"elementor-element elementor-element-7891130 elementor-widget elementor-widget-button\" data-id=\"7891130\" data-element_type=\"widget\" data-widget_type=\"button.default\">\n\t\t\t\t<div class=\"elementor-widget-container\">\n\t\t\t\t\t\t\t\t\t<div class=\"elementor-button-wrapper\">\n\t\t\t\t\t<a class=\"elementor-button elementor-button-link elementor-size-sm\" href=\"https:\/\/www.lourdes-france.com\/es\/lapplicazione-prier-avec-lourdes\/\" target=\"_blank\">\n\t\t\t\t\t\t<span class=\"elementor-button-content-wrapper\">\n\t\t\t\t\t\t\t\t\t<span class=\"elementor-button-text\">Durante el mes de mayo, reciba una oraci\u00f3n diaria al descargar la aplicaci\u00f3n \u00abPrier avec Lourdes\u00bb<\/span>\n\t\t\t\t\t<\/span>\n\t\t\t\t\t<\/a>\n\t\t\t\t<\/div>\n\t\t\t\t\t\t\t\t<\/div>\n\t\t\t\t<\/div>\n\t\t\t\t\t<\/div>\n\t\t<\/div>\n\t\t\t\t\t<\/div>\n\t\t<\/section>\n\t\t\t\t<\/div>\n\t\t","protected":false},"excerpt":{"rendered":"<p>La fiesta de la Ascensi\u00f3n representa la subida de Jes\u00fas hacia Dios, su Padre. Se celebra cuarenta d\u00edas despu\u00e9s de la Resurrecci\u00f3n Pascual y es una de las principales fiestas cristianas, la cual sigue a la Pascua y anuncia Pentecost\u00e9s, conmemorado diez d\u00edas m\u00e1s tarde.<\/p>\n","protected":false},"author":9,"featured_media":824251,"comment_status":"closed","ping_status":"closed","sticky":false,"template":"","format":"standard","meta":{"_acf_changed":false,"footnotes":""},"categories":[31],"tags":[],"class_list":["post-824320","post","type-post","status-publish","format-standard","has-post-thumbnail","hentry","category-en-este-momento"],"acf":[],"yoast_head":"<!-- This site is optimized with the Yoast SEO Premium plugin v24.0 (Yoast SEO v26.3) - https:\/\/yoast.com\/wordpress\/plugins\/seo\/ -->\n<title>Celebrar la Ascensi\u00f3n en Lourdes - Vivre le p\u00e8lerinage de Lourdes<\/title>\n<meta name=\"description\" content=\"El Santuario de Lourdes celebrar\u00e1 la Ascensi\u00f3n con peregrinos de todo el mundo y este a\u00f1o acoger\u00e1 &#039;\u00c9v\u00e8nemenCiel 2024&#039; para los j\u00f3venes.\" \/>\n<meta name=\"robots\" content=\"index, follow, max-snippet:-1, max-image-preview:large, max-video-preview:-1\" \/>\n<link rel=\"canonical\" href=\"https:\/\/www.lourdes-france.com\/es\/celebrar-la-ascension-en-lourdes\/\" \/>\n<meta property=\"og:locale\" content=\"es_ES\" \/>\n<meta property=\"og:type\" content=\"article\" \/>\n<meta property=\"og:title\" content=\"Celebrar la Ascensi\u00f3n en Lourdes\" \/>\n<meta property=\"og:description\" content=\"El Santuario de Lourdes celebrar\u00e1 la Ascensi\u00f3n con peregrinos de todo el mundo y este a\u00f1o acoger\u00e1 &#039;\u00c9v\u00e8nemenCiel 2024&#039; para los j\u00f3venes.\" \/>\n<meta property=\"og:url\" content=\"https:\/\/www.lourdes-france.com\/es\/celebrar-la-ascension-en-lourdes\/\" \/>\n<meta property=\"og:site_name\" content=\"Vivre le p\u00e8lerinage de Lourdes\" \/>\n<meta property=\"article:published_time\" content=\"2024-05-03T06:30:00+00:00\" \/>\n<meta property=\"article:modified_time\" content=\"2024-05-13T08:33:22+00:00\" \/>\n<meta property=\"og:image\" content=\"https:\/\/www.lourdes-france.com\/wp-content\/uploads\/2024\/04\/Ascension2024-1024x685.jpg\" \/>\n\t<meta property=\"og:image:width\" content=\"1024\" \/>\n\t<meta property=\"og:image:height\" content=\"685\" \/>\n\t<meta property=\"og:image:type\" content=\"image\/jpeg\" \/>\n<meta name=\"author\" content=\"communication\" \/>\n<meta name=\"twitter:card\" content=\"summary_large_image\" \/>\n<meta name=\"twitter:label1\" content=\"Escrito por\" \/>\n\t<meta name=\"twitter:data1\" content=\"communication\" \/>\n\t<meta name=\"twitter:label2\" content=\"Tiempo de lectura\" \/>\n\t<meta name=\"twitter:data2\" content=\"1 minuto\" \/>\n<script type=\"application\/ld+json\" class=\"yoast-schema-graph\">{\"@context\":\"https:\/\/schema.org\",\"@graph\":[{\"@type\":\"NewsArticle\",\"@id\":\"https:\/\/www.lourdes-france.com\/es\/celebrar-la-ascension-en-lourdes\/#article\",\"isPartOf\":{\"@id\":\"https:\/\/www.lourdes-france.com\/es\/celebrar-la-ascension-en-lourdes\/\"},\"author\":{\"name\":\"communication\",\"@id\":\"https:\/\/www.lourdes-france.com\/es\/#\/schema\/person\/cec1bc287296b4aed571d4364999fa69\"},\"headline\":\"Celebrar la Ascensi\u00f3n en Lourdes\",\"datePublished\":\"2024-05-03T06:30:00+00:00\",\"dateModified\":\"2024-05-13T08:33:22+00:00\",\"mainEntityOfPage\":{\"@id\":\"https:\/\/www.lourdes-france.com\/es\/celebrar-la-ascension-en-lourdes\/\"},\"wordCount\":464,\"publisher\":{\"@id\":\"https:\/\/www.lourdes-france.com\/es\/#organization\"},\"image\":{\"@id\":\"https:\/\/www.lourdes-france.com\/es\/celebrar-la-ascension-en-lourdes\/#primaryimage\"},\"thumbnailUrl\":\"https:\/\/www.lourdes-france.com\/wp-content\/uploads\/2024\/04\/Ascension2024.jpg\",\"articleSection\":[\"En este momento\"],\"inLanguage\":\"es\"},{\"@type\":\"WebPage\",\"@id\":\"https:\/\/www.lourdes-france.com\/es\/celebrar-la-ascension-en-lourdes\/\",\"url\":\"https:\/\/www.lourdes-france.com\/es\/celebrar-la-ascension-en-lourdes\/\",\"name\":\"Celebrar la Ascensi\u00f3n en Lourdes - Vivre le p\u00e8lerinage de Lourdes\",\"isPartOf\":{\"@id\":\"https:\/\/www.lourdes-france.com\/es\/#website\"},\"primaryImageOfPage\":{\"@id\":\"https:\/\/www.lourdes-france.com\/es\/celebrar-la-ascension-en-lourdes\/#primaryimage\"},\"image\":{\"@id\":\"https:\/\/www.lourdes-france.com\/es\/celebrar-la-ascension-en-lourdes\/#primaryimage\"},\"thumbnailUrl\":\"https:\/\/www.lourdes-france.com\/wp-content\/uploads\/2024\/04\/Ascension2024.jpg\",\"datePublished\":\"2024-05-03T06:30:00+00:00\",\"dateModified\":\"2024-05-13T08:33:22+00:00\",\"description\":\"El Santuario de Lourdes celebrar\u00e1 la Ascensi\u00f3n con peregrinos de todo el mundo y este a\u00f1o acoger\u00e1 '\u00c9v\u00e8nemenCiel 2024' para los j\u00f3venes.\",\"breadcrumb\":{\"@id\":\"https:\/\/www.lourdes-france.com\/es\/celebrar-la-ascension-en-lourdes\/#breadcrumb\"},\"inLanguage\":\"es\",\"potentialAction\":[{\"@type\":\"ReadAction\",\"target\":[\"https:\/\/www.lourdes-france.com\/es\/celebrar-la-ascension-en-lourdes\/\"]}]},{\"@type\":\"ImageObject\",\"inLanguage\":\"es\",\"@id\":\"https:\/\/www.lourdes-france.com\/es\/celebrar-la-ascension-en-lourdes\/#primaryimage\",\"url\":\"https:\/\/www.lourdes-france.com\/wp-content\/uploads\/2024\/04\/Ascension2024.jpg\",\"contentUrl\":\"https:\/\/www.lourdes-france.com\/wp-content\/uploads\/2024\/04\/Ascension2024.jpg\",\"width\":1920,\"height\":1284,\"caption\":\"F\u00eater l\u2019Ascension \u00e0 Lourdes\"},{\"@type\":\"BreadcrumbList\",\"@id\":\"https:\/\/www.lourdes-france.com\/es\/celebrar-la-ascension-en-lourdes\/#breadcrumb\",\"itemListElement\":[{\"@type\":\"ListItem\",\"position\":1,\"name\":\"Accueil\",\"item\":\"https:\/\/www.lourdes-france.com\/es\/\"},{\"@type\":\"ListItem\",\"position\":2,\"name\":\"Celebrar la Ascensi\u00f3n en Lourdes\"}]},{\"@type\":\"WebSite\",\"@id\":\"https:\/\/www.lourdes-france.com\/es\/#website\",\"url\":\"https:\/\/www.lourdes-france.com\/es\/\",\"name\":\"Sanctuaire Notre-Dame de Lourdes\",\"description\":\"\",\"publisher\":{\"@id\":\"https:\/\/www.lourdes-france.com\/es\/#organization\"},\"potentialAction\":[{\"@type\":\"SearchAction\",\"target\":{\"@type\":\"EntryPoint\",\"urlTemplate\":\"https:\/\/www.lourdes-france.com\/es\/?s={search_term_string}\"},\"query-input\":{\"@type\":\"PropertyValueSpecification\",\"valueRequired\":true,\"valueName\":\"search_term_string\"}}],\"inLanguage\":\"es\"},{\"@type\":\"Organization\",\"@id\":\"https:\/\/www.lourdes-france.com\/es\/#organization\",\"name\":\"Sanctuaire Notre-Dame de Lourdes\",\"url\":\"https:\/\/www.lourdes-france.com\/es\/\",\"logo\":{\"@type\":\"ImageObject\",\"inLanguage\":\"es\",\"@id\":\"https:\/\/www.lourdes-france.com\/es\/#\/schema\/logo\/image\/\",\"url\":\"https:\/\/www.lourdes-france.com\/wp-content\/uploads\/2021\/11\/logo-small.png\",\"contentUrl\":\"https:\/\/www.lourdes-france.com\/wp-content\/uploads\/2021\/11\/logo-small.png\",\"width\":834,\"height\":521,\"caption\":\"Sanctuaire Notre-Dame de Lourdes\"},\"image\":{\"@id\":\"https:\/\/www.lourdes-france.com\/es\/#\/schema\/logo\/image\/\"}},{\"@type\":\"Person\",\"@id\":\"https:\/\/www.lourdes-france.com\/es\/#\/schema\/person\/cec1bc287296b4aed571d4364999fa69\",\"name\":\"communication\",\"image\":{\"@type\":\"ImageObject\",\"inLanguage\":\"es\",\"@id\":\"https:\/\/www.lourdes-france.com\/es\/#\/schema\/person\/image\/\",\"url\":\"https:\/\/secure.gravatar.com\/avatar\/c941c552c76e46c27f2de2045e73ee4cc48fa8d96f958f26a2362c0c73aaf425?s=96&d=mm&r=g\",\"contentUrl\":\"https:\/\/secure.gravatar.com\/avatar\/c941c552c76e46c27f2de2045e73ee4cc48fa8d96f958f26a2362c0c73aaf425?s=96&d=mm&r=g\",\"caption\":\"communication\"},\"url\":\"https:\/\/www.lourdes-france.com\/es\/author\/communication\/\"}]}<\/script>\n<!-- \/ Yoast SEO Premium plugin. -->","yoast_head_json":{"title":"Celebrar la Ascensi\u00f3n en Lourdes - Vivre le p\u00e8lerinage de Lourdes","description":"El Santuario de Lourdes celebrar\u00e1 la Ascensi\u00f3n con peregrinos de todo el mundo y este a\u00f1o acoger\u00e1 '\u00c9v\u00e8nemenCiel 2024' para los j\u00f3venes.","robots":{"index":"index","follow":"follow","max-snippet":"max-snippet:-1","max-image-preview":"max-image-preview:large","max-video-preview":"max-video-preview:-1"},"canonical":"https:\/\/www.lourdes-france.com\/es\/celebrar-la-ascension-en-lourdes\/","og_locale":"es_ES","og_type":"article","og_title":"Celebrar la Ascensi\u00f3n en Lourdes","og_description":"El Santuario de Lourdes celebrar\u00e1 la Ascensi\u00f3n con peregrinos de todo el mundo y este a\u00f1o acoger\u00e1 '\u00c9v\u00e8nemenCiel 2024' para los j\u00f3venes.","og_url":"https:\/\/www.lourdes-france.com\/es\/celebrar-la-ascension-en-lourdes\/","og_site_name":"Vivre le p\u00e8lerinage de Lourdes","article_published_time":"2024-05-03T06:30:00+00:00","article_modified_time":"2024-05-13T08:33:22+00:00","og_image":[{"width":1024,"height":685,"url":"https:\/\/www.lourdes-france.com\/wp-content\/uploads\/2024\/04\/Ascension2024-1024x685.jpg","type":"image\/jpeg"}],"author":"communication","twitter_card":"summary_large_image","twitter_misc":{"Escrito por":"communication","Tiempo de lectura":"1 minuto"},"schema":{"@context":"https:\/\/schema.org","@graph":[{"@type":"NewsArticle","@id":"https:\/\/www.lourdes-france.com\/es\/celebrar-la-ascension-en-lourdes\/#article","isPartOf":{"@id":"https:\/\/www.lourdes-france.com\/es\/celebrar-la-ascension-en-lourdes\/"},"author":{"name":"communication","@id":"https:\/\/www.lourdes-france.com\/es\/#\/schema\/person\/cec1bc287296b4aed571d4364999fa69"},"headline":"Celebrar la Ascensi\u00f3n en Lourdes","datePublished":"2024-05-03T06:30:00+00:00","dateModified":"2024-05-13T08:33:22+00:00","mainEntityOfPage":{"@id":"https:\/\/www.lourdes-france.com\/es\/celebrar-la-ascension-en-lourdes\/"},"wordCount":464,"publisher":{"@id":"https:\/\/www.lourdes-france.com\/es\/#organization"},"image":{"@id":"https:\/\/www.lourdes-france.com\/es\/celebrar-la-ascension-en-lourdes\/#primaryimage"},"thumbnailUrl":"https:\/\/www.lourdes-france.com\/wp-content\/uploads\/2024\/04\/Ascension2024.jpg","articleSection":["En este momento"],"inLanguage":"es"},{"@type":"WebPage","@id":"https:\/\/www.lourdes-france.com\/es\/celebrar-la-ascension-en-lourdes\/","url":"https:\/\/www.lourdes-france.com\/es\/celebrar-la-ascension-en-lourdes\/","name":"Celebrar la Ascensi\u00f3n en Lourdes - Vivre le p\u00e8lerinage de Lourdes","isPartOf":{"@id":"https:\/\/www.lourdes-france.com\/es\/#website"},"primaryImageOfPage":{"@id":"https:\/\/www.lourdes-france.com\/es\/celebrar-la-ascension-en-lourdes\/#primaryimage"},"image":{"@id":"https:\/\/www.lourdes-france.com\/es\/celebrar-la-ascension-en-lourdes\/#primaryimage"},"thumbnailUrl":"https:\/\/www.lourdes-france.com\/wp-content\/uploads\/2024\/04\/Ascension2024.jpg","datePublished":"2024-05-03T06:30:00+00:00","dateModified":"2024-05-13T08:33:22+00:00","description":"El Santuario de Lourdes celebrar\u00e1 la Ascensi\u00f3n con peregrinos de todo el mundo y este a\u00f1o acoger\u00e1 '\u00c9v\u00e8nemenCiel 2024' para los j\u00f3venes.","breadcrumb":{"@id":"https:\/\/www.lourdes-france.com\/es\/celebrar-la-ascension-en-lourdes\/#breadcrumb"},"inLanguage":"es","potentialAction":[{"@type":"ReadAction","target":["https:\/\/www.lourdes-france.com\/es\/celebrar-la-ascension-en-lourdes\/"]}]},{"@type":"ImageObject","inLanguage":"es","@id":"https:\/\/www.lourdes-france.com\/es\/celebrar-la-ascension-en-lourdes\/#primaryimage","url":"https:\/\/www.lourdes-france.com\/wp-content\/uploads\/2024\/04\/Ascension2024.jpg","contentUrl":"https:\/\/www.lourdes-france.com\/wp-content\/uploads\/2024\/04\/Ascension2024.jpg","width":1920,"height":1284,"caption":"F\u00eater l\u2019Ascension \u00e0 Lourdes"},{"@type":"BreadcrumbList","@id":"https:\/\/www.lourdes-france.com\/es\/celebrar-la-ascension-en-lourdes\/#breadcrumb","itemListElement":[{"@type":"ListItem","position":1,"name":"Accueil","item":"https:\/\/www.lourdes-france.com\/es\/"},{"@type":"ListItem","position":2,"name":"Celebrar la Ascensi\u00f3n en Lourdes"}]},{"@type":"WebSite","@id":"https:\/\/www.lourdes-france.com\/es\/#website","url":"https:\/\/www.lourdes-france.com\/es\/","name":"Sanctuaire Notre-Dame de Lourdes","description":"","publisher":{"@id":"https:\/\/www.lourdes-france.com\/es\/#organization"},"potentialAction":[{"@type":"SearchAction","target":{"@type":"EntryPoint","urlTemplate":"https:\/\/www.lourdes-france.com\/es\/?s={search_term_string}"},"query-input":{"@type":"PropertyValueSpecification","valueRequired":true,"valueName":"search_term_string"}}],"inLanguage":"es"},{"@type":"Organization","@id":"https:\/\/www.lourdes-france.com\/es\/#organization","name":"Sanctuaire Notre-Dame de Lourdes","url":"https:\/\/www.lourdes-france.com\/es\/","logo":{"@type":"ImageObject","inLanguage":"es","@id":"https:\/\/www.lourdes-france.com\/es\/#\/schema\/logo\/image\/","url":"https:\/\/www.lourdes-france.com\/wp-content\/uploads\/2021\/11\/logo-small.png","contentUrl":"https:\/\/www.lourdes-france.com\/wp-content\/uploads\/2021\/11\/logo-small.png","width":834,"height":521,"caption":"Sanctuaire Notre-Dame de Lourdes"},"image":{"@id":"https:\/\/www.lourdes-france.com\/es\/#\/schema\/logo\/image\/"}},{"@type":"Person","@id":"https:\/\/www.lourdes-france.com\/es\/#\/schema\/person\/cec1bc287296b4aed571d4364999fa69","name":"communication","image":{"@type":"ImageObject","inLanguage":"es","@id":"https:\/\/www.lourdes-france.com\/es\/#\/schema\/person\/image\/","url":"https:\/\/secure.gravatar.com\/avatar\/c941c552c76e46c27f2de2045e73ee4cc48fa8d96f958f26a2362c0c73aaf425?s=96&d=mm&r=g","contentUrl":"https:\/\/secure.gravatar.com\/avatar\/c941c552c76e46c27f2de2045e73ee4cc48fa8d96f958f26a2362c0c73aaf425?s=96&d=mm&r=g","caption":"communication"},"url":"https:\/\/www.lourdes-france.com\/es\/author\/communication\/"}]}},"_links":{"self":[{"href":"https:\/\/www.lourdes-france.com\/es\/wp-json\/wp\/v2\/posts\/824320","targetHints":{"allow":["GET"]}}],"collection":[{"href":"https:\/\/www.lourdes-france.com\/es\/wp-json\/wp\/v2\/posts"}],"about":[{"href":"https:\/\/www.lourdes-france.com\/es\/wp-json\/wp\/v2\/types\/post"}],"author":[{"embeddable":true,"href":"https:\/\/www.lourdes-france.com\/es\/wp-json\/wp\/v2\/users\/9"}],"replies":[{"embeddable":true,"href":"https:\/\/www.lourdes-france.com\/es\/wp-json\/wp\/v2\/comments?post=824320"}],"version-history":[{"count":0,"href":"https:\/\/www.lourdes-france.com\/es\/wp-json\/wp\/v2\/posts\/824320\/revisions"}],"wp:featuredmedia":[{"embeddable":true,"href":"https:\/\/www.lourdes-france.com\/es\/wp-json\/wp\/v2\/media\/824251"}],"wp:attachment":[{"href":"https:\/\/www.lourdes-france.com\/es\/wp-json\/wp\/v2\/media?parent=824320"}],"wp:term":[{"taxonomy":"category","embeddable":true,"href":"https:\/\/www.lourdes-france.com\/es\/wp-json\/wp\/v2\/categories?post=824320"},{"taxonomy":"post_tag","embeddable":true,"href":"https:\/\/www.lourdes-france.com\/es\/wp-json\/wp\/v2\/tags?post=824320"}],"curies":[{"name":"wp","href":"https:\/\/api.w.org\/{rel}","templated":true}]}}