{"id":821402,"date":"2024-04-15T08:56:34","date_gmt":"2024-04-15T06:56:34","guid":{"rendered":"https:\/\/www.lourdes-france.com\/?p=821402"},"modified":"2024-03-25T14:59:16","modified_gmt":"2024-03-25T13:59:16","slug":"venir-a-lourdes","status":"publish","type":"post","link":"https:\/\/www.lourdes-france.com\/es\/venir-a-lourdes\/","title":{"rendered":"Venir a Lourdes y seguir los pasos de Bernardita"},"content":{"rendered":"\t\t<div data-elementor-type=\"wp-post\" data-elementor-id=\"821402\" class=\"elementor elementor-821402 elementor-821154\" data-elementor-post-type=\"post\">\n\t\t\t\t\t\t<section class=\"elementor-section elementor-top-section elementor-element elementor-element-1ee673af elementor-section-boxed elementor-section-height-default elementor-section-height-default\" data-id=\"1ee673af\" data-element_type=\"section\">\n\t\t\t\t\t\t<div class=\"elementor-container elementor-column-gap-no\">\n\t\t\t\t\t<div class=\"elementor-column elementor-col-100 elementor-top-column elementor-element elementor-element-2536afdf\" data-id=\"2536afdf\" data-element_type=\"column\">\n\t\t\t<div class=\"elementor-widget-wrap elementor-element-populated\">\n\t\t\t\t\t\t<div class=\"elementor-element elementor-element-6d46302e elementor-widget elementor-widget-text-editor\" data-id=\"6d46302e\" data-element_type=\"widget\" data-widget_type=\"text-editor.default\">\n\t\t\t\t<div class=\"elementor-widget-container\">\n\t\t\t\t\t\t\t\t\t<p><strong>Una de las mejores maneras de adentrarse en la historia de Lourdes es seguir las huellas de <a href=\"https:\/\/www.lourdes-france.com\/bernadette-soubirous\/\" target=\"_blank\" rel=\"noopener\">Bernardita<\/a> a trav\u00e9s de un circuito que visita los principales lugares donde vivi\u00f3, desde su nacimiento en 1844 hasta su partida hacia Nevers en 1866, y que son el escenario de las apariciones de 1858.<\/strong><\/p>\t\t\t\t\t\t\t\t<\/div>\n\t\t\t\t<\/div>\n\t\t\t\t<div class=\"elementor-element elementor-element-7b15c73c elementor-widget elementor-widget-text-editor\" data-id=\"7b15c73c\" data-element_type=\"widget\" data-widget_type=\"text-editor.default\">\n\t\t\t\t<div class=\"elementor-widget-container\">\n\t\t\t\t\t\t\t\t\t<p>Seguir los pasos de Bernardita en Lourdes implica descubrir los lugares que le fueron familiares: su molino natal, el <strong>molino de Boly<\/strong>; el <strong>calabozo<\/strong> en el que vivi\u00f3 con su familia, sobre todo, durante las apariciones de 1858; el <strong>hospicio<\/strong> en el que se escolariz\u00f3 con las hermanas de Nevers y en el que hizo su primera comuni\u00f3n; la<strong> iglesia parroquial<\/strong> en la que permanecen las pilas bautismales en las que fue bautizada; y la <strong>antigua casa parroquial<\/strong> en la que Bernardita transmiti\u00f3 los mensajes que cambiaron el destino de Lourdes.<\/p>\t\t\t\t\t\t\t\t<\/div>\n\t\t\t\t<\/div>\n\t\t\t\t\t<\/div>\n\t\t<\/div>\n\t\t\t\t\t<\/div>\n\t\t<\/section>\n\t\t\t\t<section class=\"elementor-section elementor-top-section elementor-element elementor-element-a712742 elementor-section-boxed elementor-section-height-default elementor-section-height-default\" data-id=\"a712742\" data-element_type=\"section\">\n\t\t\t\t\t\t<div class=\"elementor-container elementor-column-gap-default\">\n\t\t\t\t\t<div class=\"elementor-column elementor-col-50 elementor-top-column elementor-element elementor-element-a07d11e\" data-id=\"a07d11e\" data-element_type=\"column\">\n\t\t\t<div class=\"elementor-widget-wrap elementor-element-populated\">\n\t\t\t\t\t\t<div class=\"elementor-element elementor-element-467e31e elementor-widget elementor-widget-image\" data-id=\"467e31e\" data-element_type=\"widget\" data-widget_type=\"image.default\">\n\t\t\t\t<div class=\"elementor-widget-container\">\n\t\t\t\t\t\t\t\t\t\t\t\t\t\t\t<img fetchpriority=\"high\" decoding=\"async\" width=\"300\" height=\"200\" src=\"https:\/\/www.lourdes-france.com\/wp-content\/uploads\/2024\/03\/maquettedumusC3A9e-300x200.jpg\" class=\"attachment-medium size-medium wp-image-820830\" alt=\"maquette du mus\u00e9e\" srcset=\"https:\/\/www.lourdes-france.com\/wp-content\/uploads\/2024\/03\/maquettedumusC3A9e-300x200.jpg 300w, https:\/\/www.lourdes-france.com\/wp-content\/uploads\/2024\/03\/maquettedumusC3A9e-1024x683.jpg 1024w, https:\/\/www.lourdes-france.com\/wp-content\/uploads\/2024\/03\/maquettedumusC3A9e-768x512.jpg 768w, https:\/\/www.lourdes-france.com\/wp-content\/uploads\/2024\/03\/maquettedumusC3A9e-1536x1024.jpg 1536w, https:\/\/www.lourdes-france.com\/wp-content\/uploads\/2024\/03\/maquettedumusC3A9e-2048x1365.jpg 2048w\" sizes=\"(max-width: 300px) 100vw, 300px\" \/>\t\t\t\t\t\t\t\t\t\t\t\t\t\t\t<\/div>\n\t\t\t\t<\/div>\n\t\t\t\t\t<\/div>\n\t\t<\/div>\n\t\t\t\t<div class=\"elementor-column elementor-col-50 elementor-top-column elementor-element elementor-element-2252dd2\" data-id=\"2252dd2\" data-element_type=\"column\">\n\t\t\t<div class=\"elementor-widget-wrap elementor-element-populated\">\n\t\t\t\t\t\t<div class=\"elementor-element elementor-element-d173813 elementor-widget elementor-widget-text-editor\" data-id=\"d173813\" data-element_type=\"widget\" data-widget_type=\"text-editor.default\">\n\t\t\t\t<div class=\"elementor-widget-container\">\n\t\t\t\t\t\t\t\t\t<h2 style=\"text-align: center;\"><strong>EL MUSEO BERNADETTE<\/strong><\/h2><p><span style=\"color: #000000;\">Situado a unos metros del Santuario, el <strong>museo <em>Bernadette<\/em> <\/strong>cuenta la vida de Santa Bernardita, la <a style=\"color: #000000;\" href=\"https:\/\/www.lourdes-france.com\/es\/el-mensaje-de-lourdes\/\" target=\"_blank\" rel=\"noopener\"><strong><span style=\"color: #007a9e;\">historia de Lourdes<\/span><\/strong> <\/a>y la <strong>construcci\u00f3n<\/strong> del <strong>Santuario<\/strong>, en especial, gracias a una amplia iconograf\u00eda y objetos que pertenecieron a la Santa de Bigorra.<\/span><br \/><span style=\"color: #000000;\">En el recibidor de la <strong>entrada<\/strong>, podr\u00e1 encontrar una <strong>maqueta<\/strong> que permite visualizar Lourdes en la \u00e9poca de las apariciones y el camino que conduc\u00eda del calabozo a la Gruta de Massabielle.<\/span><\/p>\t\t\t\t\t\t\t\t<\/div>\n\t\t\t\t<\/div>\n\t\t\t\t\t<\/div>\n\t\t<\/div>\n\t\t\t\t\t<\/div>\n\t\t<\/section>\n\t\t\t\t<section class=\"elementor-section elementor-top-section elementor-element elementor-element-c05ed5b elementor-section-boxed elementor-section-height-default elementor-section-height-default\" data-id=\"c05ed5b\" data-element_type=\"section\">\n\t\t\t\t\t\t<div class=\"elementor-container elementor-column-gap-default\">\n\t\t\t\t\t<div class=\"elementor-column elementor-col-50 elementor-top-column elementor-element elementor-element-f4c65e1\" data-id=\"f4c65e1\" data-element_type=\"column\">\n\t\t\t<div class=\"elementor-widget-wrap elementor-element-populated\">\n\t\t\t\t\t\t<div class=\"elementor-element elementor-element-082cd1c elementor-widget elementor-widget-text-editor\" data-id=\"082cd1c\" data-element_type=\"widget\" data-widget_type=\"text-editor.default\">\n\t\t\t\t<div class=\"elementor-widget-container\">\n\t\t\t\t\t\t\t\t\t<h2 style=\"text-align: center;\"><span style=\"color: #997e4c;\"><strong>EL MOLINO DE BOLY<\/strong><\/span><\/h2><p><span style=\"color: #000000;\">Bernardita <strong>nace en el molino de Boly el 7 de enero de 1844<\/strong>. Sus padres, Luisa y Francisco, eran los arrendatarios del molino. All\u00ed, los tres vivieron durante 10 a\u00f1os. Ella lo apod\u00f3 \u00abel molino de la felicidad\u00bb.<\/span><br \/><span style=\"color: #000000;\">En el interior, podr\u00e1 descubrir el <strong>dormitorio en el que Bernardita naci\u00f3, la cocina y el antiguo molino con sus muelas.<\/strong><\/span><br \/><span style=\"color: #000000;\">La primera sala, que no pertenece al molino de Boly, presenta diferentes paneles y fotograf\u00edas y le permitir\u00e1 situar mejor a las personas que Bernardita conoci\u00f3.<\/span><\/p>\t\t\t\t\t\t\t\t<\/div>\n\t\t\t\t<\/div>\n\t\t\t\t\t<\/div>\n\t\t<\/div>\n\t\t\t\t<div class=\"elementor-column elementor-col-50 elementor-top-column elementor-element elementor-element-6d70eef\" data-id=\"6d70eef\" data-element_type=\"column\">\n\t\t\t<div class=\"elementor-widget-wrap elementor-element-populated\">\n\t\t\t\t\t\t<div class=\"elementor-element elementor-element-4e50b62 elementor-widget elementor-widget-image\" data-id=\"4e50b62\" data-element_type=\"widget\" data-widget_type=\"image.default\">\n\t\t\t\t<div class=\"elementor-widget-container\">\n\t\t\t\t\t\t\t\t\t\t\t\t\t\t\t<img decoding=\"async\" width=\"768\" height=\"512\" src=\"https:\/\/www.lourdes-france.com\/wp-content\/uploads\/2024\/03\/pC3A8lerind27unjour-768x512.jpg\" class=\"attachment-medium_large size-medium_large wp-image-820837\" alt=\"\" srcset=\"https:\/\/www.lourdes-france.com\/wp-content\/uploads\/2024\/03\/pC3A8lerind27unjour-768x512.jpg 768w, https:\/\/www.lourdes-france.com\/wp-content\/uploads\/2024\/03\/pC3A8lerind27unjour-300x200.jpg 300w, https:\/\/www.lourdes-france.com\/wp-content\/uploads\/2024\/03\/pC3A8lerind27unjour-1024x683.jpg 1024w, https:\/\/www.lourdes-france.com\/wp-content\/uploads\/2024\/03\/pC3A8lerind27unjour-1536x1024.jpg 1536w, https:\/\/www.lourdes-france.com\/wp-content\/uploads\/2024\/03\/pC3A8lerind27unjour-2048x1365.jpg 2048w\" sizes=\"(max-width: 768px) 100vw, 768px\" \/>\t\t\t\t\t\t\t\t\t\t\t\t\t\t\t<\/div>\n\t\t\t\t<\/div>\n\t\t\t\t\t<\/div>\n\t\t<\/div>\n\t\t\t\t\t<\/div>\n\t\t<\/section>\n\t\t\t\t<section class=\"elementor-section elementor-top-section elementor-element elementor-element-9a56f27 elementor-section-boxed elementor-section-height-default elementor-section-height-default\" data-id=\"9a56f27\" data-element_type=\"section\">\n\t\t\t\t\t\t<div class=\"elementor-container elementor-column-gap-default\">\n\t\t\t\t\t<div class=\"elementor-column elementor-col-50 elementor-top-column elementor-element elementor-element-54ee208\" data-id=\"54ee208\" data-element_type=\"column\">\n\t\t\t<div class=\"elementor-widget-wrap elementor-element-populated\">\n\t\t\t\t\t\t<div class=\"elementor-element elementor-element-d4d0ee7 elementor-widget elementor-widget-image\" data-id=\"d4d0ee7\" data-element_type=\"widget\" data-widget_type=\"image.default\">\n\t\t\t\t<div class=\"elementor-widget-container\">\n\t\t\t\t\t\t\t\t\t\t\t\t\t\t\t<img decoding=\"async\" width=\"300\" height=\"219\" src=\"https:\/\/www.lourdes-france.com\/wp-content\/uploads\/2024\/04\/cachot-300x219.jpg\" class=\"attachment-medium size-medium wp-image-821190\" alt=\"\" srcset=\"https:\/\/www.lourdes-france.com\/wp-content\/uploads\/2024\/04\/cachot-300x219.jpg 300w, https:\/\/www.lourdes-france.com\/wp-content\/uploads\/2024\/04\/cachot-1024x748.jpg 1024w, https:\/\/www.lourdes-france.com\/wp-content\/uploads\/2024\/04\/cachot-768x561.jpg 768w, https:\/\/www.lourdes-france.com\/wp-content\/uploads\/2024\/04\/cachot-1536x1122.jpg 1536w, https:\/\/www.lourdes-france.com\/wp-content\/uploads\/2024\/04\/cachot-2048x1495.jpg 2048w\" sizes=\"(max-width: 300px) 100vw, 300px\" \/>\t\t\t\t\t\t\t\t\t\t\t\t\t\t\t<\/div>\n\t\t\t\t<\/div>\n\t\t\t\t\t<\/div>\n\t\t<\/div>\n\t\t\t\t<div class=\"elementor-column elementor-col-50 elementor-top-column elementor-element elementor-element-4a16ccc\" data-id=\"4a16ccc\" data-element_type=\"column\">\n\t\t\t<div class=\"elementor-widget-wrap elementor-element-populated\">\n\t\t\t\t\t\t<div class=\"elementor-element elementor-element-fac7bf0 elementor-widget elementor-widget-text-editor\" data-id=\"fac7bf0\" data-element_type=\"widget\" data-widget_type=\"text-editor.default\">\n\t\t\t\t<div class=\"elementor-widget-container\">\n\t\t\t\t\t\t\t\t\t<h2 style=\"text-align: center;\"><span style=\"color: #997e4c;\"><strong>EL CALABOZO<\/strong><\/span><\/h2><p><span style=\"color: #000000;\">Debido a una serie de incidentes, la familia Soubirous cae en la pobreza. Durante el invierno de 1857, Francisco tuvo que hacer frente a la p\u00e9rdida de su empleo. La familia se vio obligada a instalarse en el <strong>calabozo<\/strong> (antigua c\u00e1rcel hasta 1824), en una \u00fanica habitaci\u00f3n de 16 m\u00b2, oscura y fr\u00eda, en la que toda la familia se aloj\u00f3 hasta el oto\u00f1o de 1858. <\/span><br \/><span style=\"color: #000000;\">Desde all\u00ed, el 11 de febrero de 1858, Bernardita se dirigi\u00f3 a la Gruta \u00abMassabielle\u00bb para recoger huesos y le\u00f1a seca y vivir una aventura \u00fanica: encontrarse en 18 ocasiones con la Virgen Mar\u00eda<\/span>.<\/p>\t\t\t\t\t\t\t\t<\/div>\n\t\t\t\t<\/div>\n\t\t\t\t\t<\/div>\n\t\t<\/div>\n\t\t\t\t\t<\/div>\n\t\t<\/section>\n\t\t\t\t<section class=\"elementor-section elementor-top-section elementor-element elementor-element-f0637f1 elementor-section-boxed elementor-section-height-default elementor-section-height-default\" data-id=\"f0637f1\" data-element_type=\"section\">\n\t\t\t\t\t\t<div class=\"elementor-container elementor-column-gap-default\">\n\t\t\t\t\t<div class=\"elementor-column elementor-col-50 elementor-top-column elementor-element elementor-element-53e48f5\" data-id=\"53e48f5\" data-element_type=\"column\">\n\t\t\t<div class=\"elementor-widget-wrap elementor-element-populated\">\n\t\t\t\t\t\t<div class=\"elementor-element elementor-element-b20b1e6 elementor-widget elementor-widget-text-editor\" data-id=\"b20b1e6\" data-element_type=\"widget\" data-widget_type=\"text-editor.default\">\n\t\t\t\t<div class=\"elementor-widget-container\">\n\t\t\t\t\t\t\t\t\t<h2 style=\"text-align: center;\"><span style=\"color: #997e4c;\"><strong>LA IGLESIA PARROQUIAL<\/strong><\/span><\/h2><p><span style=\"color: #000000;\">La actual iglesia parroquial se construy\u00f3 entre 1875 y 1903, en sustituci\u00f3n de la iglesia de San Pedro, iglesia a la que asist\u00eda Bernardita Soubirous y que fue destruida por un incendio en 1904. <\/span><\/p><p><span style=\"color: #000000;\"><br \/>Esta contiene las <strong>pilas bautismales<\/strong> sobre las que Bernardita fue bautizada el 9 de enero de 1844 y la tumba de Mons. Peyramale, sacerdote de Lourdes en la \u00e9poca de las apariciones.<br \/><\/span><\/p>\t\t\t\t\t\t\t\t<\/div>\n\t\t\t\t<\/div>\n\t\t\t\t\t<\/div>\n\t\t<\/div>\n\t\t\t\t<div class=\"elementor-column elementor-col-50 elementor-top-column elementor-element elementor-element-d1d74f9\" data-id=\"d1d74f9\" data-element_type=\"column\">\n\t\t\t<div class=\"elementor-widget-wrap elementor-element-populated\">\n\t\t\t\t\t\t<div class=\"elementor-element elementor-element-f465339 elementor-widget elementor-widget-image\" data-id=\"f465339\" data-element_type=\"widget\" data-widget_type=\"image.default\">\n\t\t\t\t<div class=\"elementor-widget-container\">\n\t\t\t\t\t\t\t\t\t\t\t\t\t\t\t<img loading=\"lazy\" decoding=\"async\" width=\"768\" height=\"512\" src=\"https:\/\/www.lourdes-france.com\/wp-content\/uploads\/2024\/03\/Baptistere_EgliseParoissiale_VINCENT-Pierre-768x512.jpg\" class=\"attachment-medium_large size-medium_large wp-image-820858\" alt=\"\" srcset=\"https:\/\/www.lourdes-france.com\/wp-content\/uploads\/2024\/03\/Baptistere_EgliseParoissiale_VINCENT-Pierre-768x512.jpg 768w, https:\/\/www.lourdes-france.com\/wp-content\/uploads\/2024\/03\/Baptistere_EgliseParoissiale_VINCENT-Pierre-300x200.jpg 300w, https:\/\/www.lourdes-france.com\/wp-content\/uploads\/2024\/03\/Baptistere_EgliseParoissiale_VINCENT-Pierre-1024x683.jpg 1024w, https:\/\/www.lourdes-france.com\/wp-content\/uploads\/2024\/03\/Baptistere_EgliseParoissiale_VINCENT-Pierre-1536x1024.jpg 1536w, https:\/\/www.lourdes-france.com\/wp-content\/uploads\/2024\/03\/Baptistere_EgliseParoissiale_VINCENT-Pierre-2048x1365.jpg 2048w\" sizes=\"(max-width: 768px) 100vw, 768px\" \/>\t\t\t\t\t\t\t\t\t\t\t\t\t\t\t<\/div>\n\t\t\t\t<\/div>\n\t\t\t\t\t<\/div>\n\t\t<\/div>\n\t\t\t\t\t<\/div>\n\t\t<\/section>\n\t\t\t\t<section class=\"elementor-section elementor-top-section elementor-element elementor-element-e1ae321 elementor-section-boxed elementor-section-height-default elementor-section-height-default\" data-id=\"e1ae321\" data-element_type=\"section\">\n\t\t\t\t\t\t<div class=\"elementor-container elementor-column-gap-default\">\n\t\t\t\t\t<div class=\"elementor-column elementor-col-50 elementor-top-column elementor-element elementor-element-0594adf\" data-id=\"0594adf\" data-element_type=\"column\">\n\t\t\t<div class=\"elementor-widget-wrap elementor-element-populated\">\n\t\t\t\t\t\t<div class=\"elementor-element elementor-element-30ae617 elementor-widget elementor-widget-image\" data-id=\"30ae617\" data-element_type=\"widget\" data-widget_type=\"image.default\">\n\t\t\t\t<div class=\"elementor-widget-container\">\n\t\t\t\t\t\t\t\t\t\t\t\t\t\t\t<img loading=\"lazy\" decoding=\"async\" width=\"768\" height=\"512\" src=\"https:\/\/www.lourdes-france.com\/wp-content\/uploads\/2024\/03\/massifducheminfleuri-768x512.jpg\" class=\"attachment-medium_large size-medium_large wp-image-820844\" alt=\"\" srcset=\"https:\/\/www.lourdes-france.com\/wp-content\/uploads\/2024\/03\/massifducheminfleuri-768x512.jpg 768w, https:\/\/www.lourdes-france.com\/wp-content\/uploads\/2024\/03\/massifducheminfleuri-300x200.jpg 300w, https:\/\/www.lourdes-france.com\/wp-content\/uploads\/2024\/03\/massifducheminfleuri-1024x683.jpg 1024w, https:\/\/www.lourdes-france.com\/wp-content\/uploads\/2024\/03\/massifducheminfleuri-1536x1024.jpg 1536w, https:\/\/www.lourdes-france.com\/wp-content\/uploads\/2024\/03\/massifducheminfleuri-2048x1365.jpg 2048w\" sizes=\"(max-width: 768px) 100vw, 768px\" \/>\t\t\t\t\t\t\t\t\t\t\t\t\t\t\t<\/div>\n\t\t\t\t<\/div>\n\t\t\t\t\t<\/div>\n\t\t<\/div>\n\t\t\t\t<div class=\"elementor-column elementor-col-50 elementor-top-column elementor-element elementor-element-0b719b8\" data-id=\"0b719b8\" data-element_type=\"column\">\n\t\t\t<div class=\"elementor-widget-wrap elementor-element-populated\">\n\t\t\t\t\t\t<div class=\"elementor-element elementor-element-0fb23ec elementor-widget elementor-widget-text-editor\" data-id=\"0fb23ec\" data-element_type=\"widget\" data-widget_type=\"text-editor.default\">\n\t\t\t\t<div class=\"elementor-widget-container\">\n\t\t\t\t\t\t\t\t\t<h2 style=\"text-align: center;\"><span style=\"color: #997e4c;\"><strong>LA ANTIGUA CASA PARROQUIAL<\/strong><\/span><\/h2><p><span style=\"color: #000000;\">En la antigua casa parroquial de Lourdes, tuvieron lugar los grandes encuentros entre Bernardita y el padre Dominique Peyramale, al cual conoci\u00f3 por primera vez el martes 2 de marzo de 1858. Bernardita fue a esta antigua casa porque ten\u00eda que comunicar un mensaje a los sacerdotes:<a href=\"https:\/\/www.lourdes-france.org\/es\/theme-pastoral\/\" target=\"_blank\" rel=\"noopener\"><em><strong> \u00abVaya a decir a los sacerdotes que se construya aqu\u00ed una capilla y se venga en procesi\u00f3n\u00bb<\/strong><\/em><\/a>.<\/span><br \/><span style=\"color: #000000;\">El 25 de marzo, fiesta de la Anunciaci\u00f3n (16\u00aa aparici\u00f3n), Bernardita regres\u00f3 a la casa parroquial con la respuesta esperada. La aparici\u00f3n al fin mencion\u00f3 su nombre:<a href=\"https:\/\/www.lourdes-france.com\/es\/las-apariciones\/\" target=\"_blank\" rel=\"noopener\"><em><strong> \u00abQue soy era Immaculada Concepciou\u00bb<\/strong><\/em><\/a> (Yo soy la Inmaculada Concepci\u00f3n).<\/span><\/p>\t\t\t\t\t\t\t\t<\/div>\n\t\t\t\t<\/div>\n\t\t\t\t\t<\/div>\n\t\t<\/div>\n\t\t\t\t\t<\/div>\n\t\t<\/section>\n\t\t\t\t<section class=\"elementor-section elementor-top-section elementor-element elementor-element-fbd9d56 elementor-section-boxed elementor-section-height-default elementor-section-height-default\" data-id=\"fbd9d56\" data-element_type=\"section\">\n\t\t\t\t\t\t<div class=\"elementor-container elementor-column-gap-default\">\n\t\t\t\t\t<div class=\"elementor-column elementor-col-50 elementor-top-column elementor-element elementor-element-41eb2ee\" data-id=\"41eb2ee\" data-element_type=\"column\">\n\t\t\t<div class=\"elementor-widget-wrap elementor-element-populated\">\n\t\t\t\t\t\t<div class=\"elementor-element elementor-element-b5ccf9f elementor-widget elementor-widget-text-editor\" data-id=\"b5ccf9f\" data-element_type=\"widget\" data-widget_type=\"text-editor.default\">\n\t\t\t\t<div class=\"elementor-widget-container\">\n\t\t\t\t\t\t\t\t\t<h2 style=\"text-align: center;\"><span style=\"color: #997e4c;\"><strong>EL HOSPICIO<\/strong><\/span><\/h2><p><span style=\"color: #000000;\">Bernardita <strong>comenz\u00f3 sus estudios en la escuela del Hospicio el 17 de enero de 1858<\/strong> e hizo su <strong>primera comuni\u00f3n el 3 de junio<\/strong> en la peque\u00f1a capilla, lugar que hoy en d\u00eda se conoce como el <strong>oratorio<\/strong>.<\/span><br \/><strong><span style=\"color: #000000;\">Vivi\u00f3 en este lugar desde el domingo 15 de julio de 1860 hasta el mi\u00e9rcoles 4 de julio de 1866, d\u00eda en el que se march\u00f3 de Lourdes.<\/span><\/strong><\/p>\t\t\t\t\t\t\t\t<\/div>\n\t\t\t\t<\/div>\n\t\t\t\t\t<\/div>\n\t\t<\/div>\n\t\t\t\t<div class=\"elementor-column elementor-col-50 elementor-top-column elementor-element elementor-element-48643ee\" data-id=\"48643ee\" data-element_type=\"column\">\n\t\t\t<div class=\"elementor-widget-wrap elementor-element-populated\">\n\t\t\t\t\t\t<div class=\"elementor-element elementor-element-1b756f0 elementor-widget elementor-widget-image\" data-id=\"1b756f0\" data-element_type=\"widget\" data-widget_type=\"image.default\">\n\t\t\t\t<div class=\"elementor-widget-container\">\n\t\t\t\t\t\t\t\t\t\t\t\t\t\t\t<img loading=\"lazy\" decoding=\"async\" width=\"300\" height=\"200\" src=\"https:\/\/www.lourdes-france.com\/wp-content\/uploads\/2024\/03\/chapelle-hospice-300x200.jpg\" class=\"attachment-medium size-medium wp-image-820851\" alt=\"\" srcset=\"https:\/\/www.lourdes-france.com\/wp-content\/uploads\/2024\/03\/chapelle-hospice-300x200.jpg 300w, https:\/\/www.lourdes-france.com\/wp-content\/uploads\/2024\/03\/chapelle-hospice-1024x683.jpg 1024w, https:\/\/www.lourdes-france.com\/wp-content\/uploads\/2024\/03\/chapelle-hospice-768x512.jpg 768w, https:\/\/www.lourdes-france.com\/wp-content\/uploads\/2024\/03\/chapelle-hospice-1536x1024.jpg 1536w, https:\/\/www.lourdes-france.com\/wp-content\/uploads\/2024\/03\/chapelle-hospice-2048x1365.jpg 2048w\" sizes=\"(max-width: 300px) 100vw, 300px\" \/>\t\t\t\t\t\t\t\t\t\t\t\t\t\t\t<\/div>\n\t\t\t\t<\/div>\n\t\t\t\t\t<\/div>\n\t\t<\/div>\n\t\t\t\t\t<\/div>\n\t\t<\/section>\n\t\t\t\t<section class=\"elementor-section elementor-top-section elementor-element elementor-element-61e7c5a elementor-section-boxed elementor-section-height-default elementor-section-height-default\" data-id=\"61e7c5a\" data-element_type=\"section\">\n\t\t\t\t\t\t<div class=\"elementor-container elementor-column-gap-default\">\n\t\t\t\t\t<div class=\"elementor-column elementor-col-100 elementor-top-column elementor-element elementor-element-e9ea5b9\" data-id=\"e9ea5b9\" data-element_type=\"column\">\n\t\t\t<div class=\"elementor-widget-wrap elementor-element-populated\">\n\t\t\t\t\t\t<div class=\"elementor-element elementor-element-fe0ce66 elementor-widget elementor-widget-heading\" data-id=\"fe0ce66\" data-element_type=\"widget\" data-widget_type=\"heading.default\">\n\t\t\t\t<div class=\"elementor-widget-container\">\n\t\t\t\t\t<h2 class=\"elementor-heading-title elementor-size-default\"><a href=\"https:\/\/www.lourdes-france.com\/es\/peregrino-por-un-dia\/\" target=\"_blank\">Una jornada t\u00edpica para ser \u00abPeregrino por un d\u00eda\u00bb<\/a><\/h2>\t\t\t\t<\/div>\n\t\t\t\t<\/div>\n\t\t\t\t\t<\/div>\n\t\t<\/div>\n\t\t\t\t\t<\/div>\n\t\t<\/section>\n\t\t\t\t<section class=\"elementor-section elementor-top-section elementor-element elementor-element-b88b8b8 elementor-section-boxed elementor-section-height-default elementor-section-height-default\" data-id=\"b88b8b8\" data-element_type=\"section\">\n\t\t\t\t\t\t<div class=\"elementor-container elementor-column-gap-default\">\n\t\t\t\t\t<div class=\"elementor-column elementor-col-50 elementor-top-column elementor-element elementor-element-e066b9b\" data-id=\"e066b9b\" data-element_type=\"column\">\n\t\t\t<div class=\"elementor-widget-wrap elementor-element-populated\">\n\t\t\t\t\t\t<div class=\"elementor-element elementor-element-428e641 elementor-widget elementor-widget-text-editor\" data-id=\"428e641\" data-element_type=\"widget\" data-widget_type=\"text-editor.default\">\n\t\t\t\t<div class=\"elementor-widget-container\">\n\t\t\t\t\t\t\t\t\t<p><span style=\"text-decoration: underline; color: #000000;\"><em><strong>Por la ma\u00f1ana:<\/strong><\/em><\/span><br \/><span style=\"color: #000000;\">*\u00a0<strong>Pel\u00edcula<\/strong> oficial del Santuario en el Centro de Informaci\u00f3n<\/span><br \/><span style=\"color: #000000;\">*<strong> Visita del Santuario<\/strong> a las 9:30 h, por su cuenta o con un gu\u00eda<\/span><br \/><span style=\"color: #000000;\">* <strong>Misa<\/strong> (ver los horarios en el Centro de Informaci\u00f3n).<\/span><\/p>\t\t\t\t\t\t\t\t<\/div>\n\t\t\t\t<\/div>\n\t\t\t\t\t<\/div>\n\t\t<\/div>\n\t\t\t\t<div class=\"elementor-column elementor-col-50 elementor-top-column elementor-element elementor-element-281e927\" data-id=\"281e927\" data-element_type=\"column\">\n\t\t\t<div class=\"elementor-widget-wrap elementor-element-populated\">\n\t\t\t\t\t\t<div class=\"elementor-element elementor-element-c426fb6 elementor-widget elementor-widget-text-editor\" data-id=\"c426fb6\" data-element_type=\"widget\" data-widget_type=\"text-editor.default\">\n\t\t\t\t<div class=\"elementor-widget-container\">\n\t\t\t\t\t\t\t\t\t<p><span style=\"text-decoration: underline; color: #000000;\"><em><strong>Por la tarde:<\/strong><\/em><\/span><br \/><span style=\"color: #000000;\"><strong>14:30 h:<\/strong> Los pasos de Bernardita<\/span><br \/><span style=\"color: #000000;\"><strong>16:15 h:<\/strong> Rosario en la Gruta<\/span><br \/><span style=\"color: #000000;\"><strong>17:00\u00a0h:<\/strong> Procesi\u00f3n eucar\u00edstica y bendici\u00f3n de las personas enfermas<\/span><br \/><span style=\"color: #000000;\"><strong>21:00\u00a0h:<\/strong> Procesi\u00f3n mariana de las antorchas.<\/span><\/p>\t\t\t\t\t\t\t\t<\/div>\n\t\t\t\t<\/div>\n\t\t\t\t\t<\/div>\n\t\t<\/div>\n\t\t\t\t\t<\/div>\n\t\t<\/section>\n\t\t\t\t<section class=\"elementor-section elementor-top-section elementor-element elementor-element-89bfc97 elementor-section-boxed elementor-section-height-default elementor-section-height-default\" data-id=\"89bfc97\" data-element_type=\"section\">\n\t\t\t\t\t\t<div class=\"elementor-container elementor-column-gap-default\">\n\t\t\t\t\t<div class=\"elementor-column elementor-col-50 elementor-top-column elementor-element elementor-element-dc3d20d\" data-id=\"dc3d20d\" data-element_type=\"column\">\n\t\t\t<div class=\"elementor-widget-wrap elementor-element-populated\">\n\t\t\t\t\t\t<div class=\"elementor-element elementor-element-3457308 elementor-align-center elementor-widget elementor-widget-button\" data-id=\"3457308\" data-element_type=\"widget\" data-widget_type=\"button.default\">\n\t\t\t\t<div class=\"elementor-widget-container\">\n\t\t\t\t\t\t\t\t\t<div class=\"elementor-button-wrapper\">\n\t\t\t\t\t<a class=\"elementor-button elementor-button-link elementor-size-sm\" href=\"https:\/\/www.lourdes-france.com\/es\/aplicacion-movil-oficial\/\" target=\"_blank\">\n\t\t\t\t\t\t<span class=\"elementor-button-content-wrapper\">\n\t\t\t\t\t\t\t\t\t<span class=\"elementor-button-text\">Para m\u00e1s informaci\u00f3n sobre los horarios, descargue la aplicaci\u00f3n m\u00f3vil del Santuario de Nuestra Se\u00f1ora de Lourdes<\/span>\n\t\t\t\t\t<\/span>\n\t\t\t\t\t<\/a>\n\t\t\t\t<\/div>\n\t\t\t\t\t\t\t\t<\/div>\n\t\t\t\t<\/div>\n\t\t\t\t\t<\/div>\n\t\t<\/div>\n\t\t\t\t<div class=\"elementor-column elementor-col-50 elementor-top-column elementor-element elementor-element-6be705f\" data-id=\"6be705f\" data-element_type=\"column\">\n\t\t\t<div class=\"elementor-widget-wrap elementor-element-populated\">\n\t\t\t\t\t\t<div class=\"elementor-element elementor-element-08bad88 elementor-widget elementor-widget-button\" data-id=\"08bad88\" data-element_type=\"widget\" data-widget_type=\"button.default\">\n\t\t\t\t<div class=\"elementor-widget-container\">\n\t\t\t\t\t\t\t\t\t<div class=\"elementor-button-wrapper\">\n\t\t\t\t\t<a class=\"elementor-button elementor-button-link elementor-size-sm\" href=\"https:\/\/www.lourdes-france.com\/es\/lapplicazione-prier-avec-lourdes\/\" target=\"_blank\">\n\t\t\t\t\t\t<span class=\"elementor-button-content-wrapper\">\n\t\t\t\t\t\t\t\t\t<span class=\"elementor-button-text\">\u00danase a la comunidad de oraci\u00f3n del Santuario con la aplicaci\u00f3n m\u00f3vil \u00abPrier avec Lourdes\u00bb<\/span>\n\t\t\t\t\t<\/span>\n\t\t\t\t\t<\/a>\n\t\t\t\t<\/div>\n\t\t\t\t\t\t\t\t<\/div>\n\t\t\t\t<\/div>\n\t\t\t\t\t<\/div>\n\t\t<\/div>\n\t\t\t\t\t<\/div>\n\t\t<\/section>\n\t\t\t\t<section class=\"elementor-section elementor-top-section elementor-element elementor-element-d6a23f9 elementor-section-boxed elementor-section-height-default elementor-section-height-default\" data-id=\"d6a23f9\" data-element_type=\"section\">\n\t\t\t\t\t\t<div class=\"elementor-container elementor-column-gap-default\">\n\t\t\t\t\t<div class=\"elementor-column elementor-col-100 elementor-top-column elementor-element elementor-element-a352cba\" data-id=\"a352cba\" data-element_type=\"column\">\n\t\t\t<div class=\"elementor-widget-wrap elementor-element-populated\">\n\t\t\t\t\t\t<div class=\"elementor-element elementor-element-1fe4a72 elementor-widget elementor-widget-text-editor\" data-id=\"1fe4a72\" data-element_type=\"widget\" data-widget_type=\"text-editor.default\">\n\t\t\t\t<div class=\"elementor-widget-container\">\n\t\t\t\t\t\t\t\t\t<p style=\"text-align: center;\" align=\"left\"><span style=\"color: #000000;\">La Oficina de Turismo de Lourdes tambi\u00e9n propone el camino de Bernardita, el cual se puede realizar siguiendo los clavos que llevan la efigie de Bernardita.<br \/><\/span><\/p>\t\t\t\t\t\t\t\t<\/div>\n\t\t\t\t<\/div>\n\t\t\t\t\t<\/div>\n\t\t<\/div>\n\t\t\t\t\t<\/div>\n\t\t<\/section>\n\t\t\t\t<section class=\"elementor-section elementor-top-section elementor-element elementor-element-c56ff89 elementor-section-boxed elementor-section-height-default elementor-section-height-default\" data-id=\"c56ff89\" data-element_type=\"section\">\n\t\t\t\t\t\t<div class=\"elementor-container elementor-column-gap-default\">\n\t\t\t\t\t<div class=\"elementor-column elementor-col-100 elementor-top-column elementor-element elementor-element-8064945\" data-id=\"8064945\" data-element_type=\"column\">\n\t\t\t<div class=\"elementor-widget-wrap elementor-element-populated\">\n\t\t\t\t\t\t<div class=\"elementor-element elementor-element-3650446 elementor-align-center elementor-widget elementor-widget-button\" data-id=\"3650446\" data-element_type=\"widget\" data-widget_type=\"button.default\">\n\t\t\t\t<div class=\"elementor-widget-container\">\n\t\t\t\t\t\t\t\t\t<div class=\"elementor-button-wrapper\">\n\t\t\t\t\t<a class=\"elementor-button elementor-button-link elementor-size-sm\" href=\"https:\/\/www.lourdes-france.com\/wp-content\/uploads\/2024\/03\/Chemin_bernadette_finaldigital.pdf\" target=\"_blank\">\n\t\t\t\t\t\t<span class=\"elementor-button-content-wrapper\">\n\t\t\t\t\t\t\t\t\t<span class=\"elementor-button-text\">Descargar el folleto del Camino de Bernardita<\/span>\n\t\t\t\t\t<\/span>\n\t\t\t\t\t<\/a>\n\t\t\t\t<\/div>\n\t\t\t\t\t\t\t\t<\/div>\n\t\t\t\t<\/div>\n\t\t\t\t\t<\/div>\n\t\t<\/div>\n\t\t\t\t\t<\/div>\n\t\t<\/section>\n\t\t\t\t<\/div>\n\t\t","protected":false},"excerpt":{"rendered":"<p>Seguir los pasos de Bernardita en Lourdes a trav\u00e9s de un circuito que visita los principales lugares donde vivi\u00f3 en 1858.<\/p>\n","protected":false},"author":9,"featured_media":821163,"comment_status":"closed","ping_status":"closed","sticky":false,"template":"","format":"standard","meta":{"_acf_changed":false,"footnotes":""},"categories":[31],"tags":[],"class_list":["post-821402","post","type-post","status-publish","format-standard","has-post-thumbnail","hentry","category-en-este-momento"],"acf":[],"yoast_head":"<!-- This site is optimized with the Yoast SEO Premium plugin v24.0 (Yoast SEO v26.3) - https:\/\/yoast.com\/wordpress\/plugins\/seo\/ -->\n<title>Venir a Lourdes y seguir los pasos de Bernardita<\/title>\n<meta name=\"description\" content=\"Seguir los pasos de Bernardita en Lourdes a trav\u00e9s de un circuito que visita los principales lugares donde vivi\u00f3 en 1858.\" \/>\n<meta name=\"robots\" content=\"index, follow, max-snippet:-1, max-image-preview:large, max-video-preview:-1\" \/>\n<link rel=\"canonical\" href=\"https:\/\/www.lourdes-france.com\/es\/venir-a-lourdes\/\" \/>\n<meta property=\"og:locale\" content=\"es_ES\" \/>\n<meta property=\"og:type\" content=\"article\" \/>\n<meta property=\"og:title\" content=\"Venir a Lourdes y seguir los pasos de Bernardita\" \/>\n<meta property=\"og:description\" content=\"Seguir los pasos de Bernardita en Lourdes a trav\u00e9s de un circuito que visita los principales lugares donde vivi\u00f3 en 1858.\" \/>\n<meta property=\"og:url\" content=\"https:\/\/www.lourdes-france.com\/es\/venir-a-lourdes\/\" \/>\n<meta property=\"og:site_name\" content=\"Vivre le p\u00e8lerinage de Lourdes\" \/>\n<meta property=\"article:published_time\" content=\"2024-04-15T06:56:34+00:00\" \/>\n<meta property=\"og:image\" content=\"https:\/\/www.lourdes-france.com\/wp-content\/uploads\/2024\/03\/statuedeSteBernadette1.jpg\" \/>\n\t<meta property=\"og:image:width\" content=\"1920\" \/>\n\t<meta property=\"og:image:height\" content=\"1280\" \/>\n\t<meta property=\"og:image:type\" content=\"image\/jpeg\" \/>\n<meta name=\"author\" content=\"communication\" \/>\n<meta name=\"twitter:card\" content=\"summary_large_image\" \/>\n<meta name=\"twitter:label1\" content=\"Escrito por\" \/>\n\t<meta name=\"twitter:data1\" content=\"communication\" \/>\n\t<meta name=\"twitter:label2\" content=\"Tiempo de lectura\" \/>\n\t<meta name=\"twitter:data2\" content=\"6 minutos\" \/>\n<script type=\"application\/ld+json\" class=\"yoast-schema-graph\">{\"@context\":\"https:\/\/schema.org\",\"@graph\":[{\"@type\":\"NewsArticle\",\"@id\":\"https:\/\/www.lourdes-france.com\/es\/venir-a-lourdes\/#article\",\"isPartOf\":{\"@id\":\"https:\/\/www.lourdes-france.com\/es\/venir-a-lourdes\/\"},\"author\":{\"name\":\"communication\",\"@id\":\"https:\/\/www.lourdes-france.com\/es\/#\/schema\/person\/cec1bc287296b4aed571d4364999fa69\"},\"headline\":\"Venir a Lourdes y seguir los pasos de Bernardita\",\"datePublished\":\"2024-04-15T06:56:34+00:00\",\"mainEntityOfPage\":{\"@id\":\"https:\/\/www.lourdes-france.com\/es\/venir-a-lourdes\/\"},\"wordCount\":813,\"publisher\":{\"@id\":\"https:\/\/www.lourdes-france.com\/es\/#organization\"},\"image\":{\"@id\":\"https:\/\/www.lourdes-france.com\/es\/venir-a-lourdes\/#primaryimage\"},\"thumbnailUrl\":\"https:\/\/www.lourdes-france.com\/wp-content\/uploads\/2024\/03\/statuedeSteBernadette1.jpg\",\"articleSection\":[\"En este momento\"],\"inLanguage\":\"es\"},{\"@type\":\"WebPage\",\"@id\":\"https:\/\/www.lourdes-france.com\/es\/venir-a-lourdes\/\",\"url\":\"https:\/\/www.lourdes-france.com\/es\/venir-a-lourdes\/\",\"name\":\"Venir a Lourdes y seguir los pasos de Bernardita\",\"isPartOf\":{\"@id\":\"https:\/\/www.lourdes-france.com\/es\/#website\"},\"primaryImageOfPage\":{\"@id\":\"https:\/\/www.lourdes-france.com\/es\/venir-a-lourdes\/#primaryimage\"},\"image\":{\"@id\":\"https:\/\/www.lourdes-france.com\/es\/venir-a-lourdes\/#primaryimage\"},\"thumbnailUrl\":\"https:\/\/www.lourdes-france.com\/wp-content\/uploads\/2024\/03\/statuedeSteBernadette1.jpg\",\"datePublished\":\"2024-04-15T06:56:34+00:00\",\"description\":\"Seguir los pasos de Bernardita en Lourdes a trav\u00e9s de un circuito que visita los principales lugares donde vivi\u00f3 en 1858.\",\"breadcrumb\":{\"@id\":\"https:\/\/www.lourdes-france.com\/es\/venir-a-lourdes\/#breadcrumb\"},\"inLanguage\":\"es\",\"potentialAction\":[{\"@type\":\"ReadAction\",\"target\":[\"https:\/\/www.lourdes-france.com\/es\/venir-a-lourdes\/\"]}]},{\"@type\":\"ImageObject\",\"inLanguage\":\"es\",\"@id\":\"https:\/\/www.lourdes-france.com\/es\/venir-a-lourdes\/#primaryimage\",\"url\":\"https:\/\/www.lourdes-france.com\/wp-content\/uploads\/2024\/03\/statuedeSteBernadette1.jpg\",\"contentUrl\":\"https:\/\/www.lourdes-france.com\/wp-content\/uploads\/2024\/03\/statuedeSteBernadette1.jpg\",\"width\":1920,\"height\":1280,\"caption\":\"Bernadette \u00e0 l'entr\u00e9e de l'ancien presbyt\u00e8re\"},{\"@type\":\"BreadcrumbList\",\"@id\":\"https:\/\/www.lourdes-france.com\/es\/venir-a-lourdes\/#breadcrumb\",\"itemListElement\":[{\"@type\":\"ListItem\",\"position\":1,\"name\":\"Accueil\",\"item\":\"https:\/\/www.lourdes-france.com\/es\/\"},{\"@type\":\"ListItem\",\"position\":2,\"name\":\"Venir a Lourdes y seguir los pasos de Bernardita\"}]},{\"@type\":\"WebSite\",\"@id\":\"https:\/\/www.lourdes-france.com\/es\/#website\",\"url\":\"https:\/\/www.lourdes-france.com\/es\/\",\"name\":\"Sanctuaire Notre-Dame de Lourdes\",\"description\":\"\",\"publisher\":{\"@id\":\"https:\/\/www.lourdes-france.com\/es\/#organization\"},\"potentialAction\":[{\"@type\":\"SearchAction\",\"target\":{\"@type\":\"EntryPoint\",\"urlTemplate\":\"https:\/\/www.lourdes-france.com\/es\/?s={search_term_string}\"},\"query-input\":{\"@type\":\"PropertyValueSpecification\",\"valueRequired\":true,\"valueName\":\"search_term_string\"}}],\"inLanguage\":\"es\"},{\"@type\":\"Organization\",\"@id\":\"https:\/\/www.lourdes-france.com\/es\/#organization\",\"name\":\"Sanctuaire Notre-Dame de Lourdes\",\"url\":\"https:\/\/www.lourdes-france.com\/es\/\",\"logo\":{\"@type\":\"ImageObject\",\"inLanguage\":\"es\",\"@id\":\"https:\/\/www.lourdes-france.com\/es\/#\/schema\/logo\/image\/\",\"url\":\"https:\/\/www.lourdes-france.com\/wp-content\/uploads\/2021\/11\/logo-small.png\",\"contentUrl\":\"https:\/\/www.lourdes-france.com\/wp-content\/uploads\/2021\/11\/logo-small.png\",\"width\":834,\"height\":521,\"caption\":\"Sanctuaire Notre-Dame de Lourdes\"},\"image\":{\"@id\":\"https:\/\/www.lourdes-france.com\/es\/#\/schema\/logo\/image\/\"}},{\"@type\":\"Person\",\"@id\":\"https:\/\/www.lourdes-france.com\/es\/#\/schema\/person\/cec1bc287296b4aed571d4364999fa69\",\"name\":\"communication\",\"image\":{\"@type\":\"ImageObject\",\"inLanguage\":\"es\",\"@id\":\"https:\/\/www.lourdes-france.com\/es\/#\/schema\/person\/image\/\",\"url\":\"https:\/\/secure.gravatar.com\/avatar\/c941c552c76e46c27f2de2045e73ee4cc48fa8d96f958f26a2362c0c73aaf425?s=96&d=mm&r=g\",\"contentUrl\":\"https:\/\/secure.gravatar.com\/avatar\/c941c552c76e46c27f2de2045e73ee4cc48fa8d96f958f26a2362c0c73aaf425?s=96&d=mm&r=g\",\"caption\":\"communication\"},\"url\":\"https:\/\/www.lourdes-france.com\/es\/author\/communication\/\"}]}<\/script>\n<!-- \/ Yoast SEO Premium plugin. -->","yoast_head_json":{"title":"Venir a Lourdes y seguir los pasos de Bernardita","description":"Seguir los pasos de Bernardita en Lourdes a trav\u00e9s de un circuito que visita los principales lugares donde vivi\u00f3 en 1858.","robots":{"index":"index","follow":"follow","max-snippet":"max-snippet:-1","max-image-preview":"max-image-preview:large","max-video-preview":"max-video-preview:-1"},"canonical":"https:\/\/www.lourdes-france.com\/es\/venir-a-lourdes\/","og_locale":"es_ES","og_type":"article","og_title":"Venir a Lourdes y seguir los pasos de Bernardita","og_description":"Seguir los pasos de Bernardita en Lourdes a trav\u00e9s de un circuito que visita los principales lugares donde vivi\u00f3 en 1858.","og_url":"https:\/\/www.lourdes-france.com\/es\/venir-a-lourdes\/","og_site_name":"Vivre le p\u00e8lerinage de Lourdes","article_published_time":"2024-04-15T06:56:34+00:00","og_image":[{"width":1920,"height":1280,"url":"https:\/\/www.lourdes-france.com\/wp-content\/uploads\/2024\/03\/statuedeSteBernadette1.jpg","type":"image\/jpeg"}],"author":"communication","twitter_card":"summary_large_image","twitter_misc":{"Escrito por":"communication","Tiempo de lectura":"6 minutos"},"schema":{"@context":"https:\/\/schema.org","@graph":[{"@type":"NewsArticle","@id":"https:\/\/www.lourdes-france.com\/es\/venir-a-lourdes\/#article","isPartOf":{"@id":"https:\/\/www.lourdes-france.com\/es\/venir-a-lourdes\/"},"author":{"name":"communication","@id":"https:\/\/www.lourdes-france.com\/es\/#\/schema\/person\/cec1bc287296b4aed571d4364999fa69"},"headline":"Venir a Lourdes y seguir los pasos de Bernardita","datePublished":"2024-04-15T06:56:34+00:00","mainEntityOfPage":{"@id":"https:\/\/www.lourdes-france.com\/es\/venir-a-lourdes\/"},"wordCount":813,"publisher":{"@id":"https:\/\/www.lourdes-france.com\/es\/#organization"},"image":{"@id":"https:\/\/www.lourdes-france.com\/es\/venir-a-lourdes\/#primaryimage"},"thumbnailUrl":"https:\/\/www.lourdes-france.com\/wp-content\/uploads\/2024\/03\/statuedeSteBernadette1.jpg","articleSection":["En este momento"],"inLanguage":"es"},{"@type":"WebPage","@id":"https:\/\/www.lourdes-france.com\/es\/venir-a-lourdes\/","url":"https:\/\/www.lourdes-france.com\/es\/venir-a-lourdes\/","name":"Venir a Lourdes y seguir los pasos de Bernardita","isPartOf":{"@id":"https:\/\/www.lourdes-france.com\/es\/#website"},"primaryImageOfPage":{"@id":"https:\/\/www.lourdes-france.com\/es\/venir-a-lourdes\/#primaryimage"},"image":{"@id":"https:\/\/www.lourdes-france.com\/es\/venir-a-lourdes\/#primaryimage"},"thumbnailUrl":"https:\/\/www.lourdes-france.com\/wp-content\/uploads\/2024\/03\/statuedeSteBernadette1.jpg","datePublished":"2024-04-15T06:56:34+00:00","description":"Seguir los pasos de Bernardita en Lourdes a trav\u00e9s de un circuito que visita los principales lugares donde vivi\u00f3 en 1858.","breadcrumb":{"@id":"https:\/\/www.lourdes-france.com\/es\/venir-a-lourdes\/#breadcrumb"},"inLanguage":"es","potentialAction":[{"@type":"ReadAction","target":["https:\/\/www.lourdes-france.com\/es\/venir-a-lourdes\/"]}]},{"@type":"ImageObject","inLanguage":"es","@id":"https:\/\/www.lourdes-france.com\/es\/venir-a-lourdes\/#primaryimage","url":"https:\/\/www.lourdes-france.com\/wp-content\/uploads\/2024\/03\/statuedeSteBernadette1.jpg","contentUrl":"https:\/\/www.lourdes-france.com\/wp-content\/uploads\/2024\/03\/statuedeSteBernadette1.jpg","width":1920,"height":1280,"caption":"Bernadette \u00e0 l'entr\u00e9e de l'ancien presbyt\u00e8re"},{"@type":"BreadcrumbList","@id":"https:\/\/www.lourdes-france.com\/es\/venir-a-lourdes\/#breadcrumb","itemListElement":[{"@type":"ListItem","position":1,"name":"Accueil","item":"https:\/\/www.lourdes-france.com\/es\/"},{"@type":"ListItem","position":2,"name":"Venir a Lourdes y seguir los pasos de Bernardita"}]},{"@type":"WebSite","@id":"https:\/\/www.lourdes-france.com\/es\/#website","url":"https:\/\/www.lourdes-france.com\/es\/","name":"Sanctuaire Notre-Dame de Lourdes","description":"","publisher":{"@id":"https:\/\/www.lourdes-france.com\/es\/#organization"},"potentialAction":[{"@type":"SearchAction","target":{"@type":"EntryPoint","urlTemplate":"https:\/\/www.lourdes-france.com\/es\/?s={search_term_string}"},"query-input":{"@type":"PropertyValueSpecification","valueRequired":true,"valueName":"search_term_string"}}],"inLanguage":"es"},{"@type":"Organization","@id":"https:\/\/www.lourdes-france.com\/es\/#organization","name":"Sanctuaire Notre-Dame de Lourdes","url":"https:\/\/www.lourdes-france.com\/es\/","logo":{"@type":"ImageObject","inLanguage":"es","@id":"https:\/\/www.lourdes-france.com\/es\/#\/schema\/logo\/image\/","url":"https:\/\/www.lourdes-france.com\/wp-content\/uploads\/2021\/11\/logo-small.png","contentUrl":"https:\/\/www.lourdes-france.com\/wp-content\/uploads\/2021\/11\/logo-small.png","width":834,"height":521,"caption":"Sanctuaire Notre-Dame de Lourdes"},"image":{"@id":"https:\/\/www.lourdes-france.com\/es\/#\/schema\/logo\/image\/"}},{"@type":"Person","@id":"https:\/\/www.lourdes-france.com\/es\/#\/schema\/person\/cec1bc287296b4aed571d4364999fa69","name":"communication","image":{"@type":"ImageObject","inLanguage":"es","@id":"https:\/\/www.lourdes-france.com\/es\/#\/schema\/person\/image\/","url":"https:\/\/secure.gravatar.com\/avatar\/c941c552c76e46c27f2de2045e73ee4cc48fa8d96f958f26a2362c0c73aaf425?s=96&d=mm&r=g","contentUrl":"https:\/\/secure.gravatar.com\/avatar\/c941c552c76e46c27f2de2045e73ee4cc48fa8d96f958f26a2362c0c73aaf425?s=96&d=mm&r=g","caption":"communication"},"url":"https:\/\/www.lourdes-france.com\/es\/author\/communication\/"}]}},"_links":{"self":[{"href":"https:\/\/www.lourdes-france.com\/es\/wp-json\/wp\/v2\/posts\/821402","targetHints":{"allow":["GET"]}}],"collection":[{"href":"https:\/\/www.lourdes-france.com\/es\/wp-json\/wp\/v2\/posts"}],"about":[{"href":"https:\/\/www.lourdes-france.com\/es\/wp-json\/wp\/v2\/types\/post"}],"author":[{"embeddable":true,"href":"https:\/\/www.lourdes-france.com\/es\/wp-json\/wp\/v2\/users\/9"}],"replies":[{"embeddable":true,"href":"https:\/\/www.lourdes-france.com\/es\/wp-json\/wp\/v2\/comments?post=821402"}],"version-history":[{"count":0,"href":"https:\/\/www.lourdes-france.com\/es\/wp-json\/wp\/v2\/posts\/821402\/revisions"}],"wp:featuredmedia":[{"embeddable":true,"href":"https:\/\/www.lourdes-france.com\/es\/wp-json\/wp\/v2\/media\/821163"}],"wp:attachment":[{"href":"https:\/\/www.lourdes-france.com\/es\/wp-json\/wp\/v2\/media?parent=821402"}],"wp:term":[{"taxonomy":"category","embeddable":true,"href":"https:\/\/www.lourdes-france.com\/es\/wp-json\/wp\/v2\/categories?post=821402"},{"taxonomy":"post_tag","embeddable":true,"href":"https:\/\/www.lourdes-france.com\/es\/wp-json\/wp\/v2\/tags?post=821402"}],"curies":[{"name":"wp","href":"https:\/\/api.w.org\/{rel}","templated":true}]}}