{"id":811424,"date":"2023-10-03T09:13:46","date_gmt":"2023-10-03T07:13:46","guid":{"rendered":"https:\/\/www.lourdes-france.com\/6-octobre-dedicace-de-la-basilique-du-rosaire\/"},"modified":"2023-10-05T14:52:31","modified_gmt":"2023-10-05T12:52:31","slug":"6-de-octubre-dedicacion-de-la-basilica-del-rosario","status":"publish","type":"post","link":"https:\/\/www.lourdes-france.com\/es\/6-de-octubre-dedicacion-de-la-basilica-del-rosario\/","title":{"rendered":"<strong>6 de octubre, dedicaci\u00f3n de la bas\u00edlica del Rosario<\/strong>"},"content":{"rendered":"\t\t<div data-elementor-type=\"wp-post\" data-elementor-id=\"811424\" class=\"elementor elementor-811424 elementor-811316\" data-elementor-post-type=\"post\">\n\t\t\t\t\t\t<section class=\"elementor-section elementor-top-section elementor-element elementor-element-421f214a elementor-section-boxed elementor-section-height-default elementor-section-height-default\" data-id=\"421f214a\" data-element_type=\"section\">\n\t\t\t\t\t\t<div class=\"elementor-container elementor-column-gap-no\">\n\t\t\t\t\t<div class=\"elementor-column elementor-col-100 elementor-top-column elementor-element elementor-element-4253a1dc\" data-id=\"4253a1dc\" data-element_type=\"column\">\n\t\t\t<div class=\"elementor-widget-wrap elementor-element-populated\">\n\t\t\t\t\t\t<div class=\"elementor-element elementor-element-31697563 elementor-widget elementor-widget-text-editor\" data-id=\"31697563\" data-element_type=\"widget\" data-widget_type=\"text-editor.default\">\n\t\t\t\t<div class=\"elementor-widget-container\">\n\t\t\t\t\t\t\t\t\t<p lang=\"fr-FR\"><span style=\"font-family: Liberation Serif, serif;\"><span style=\"font-size: medium;\"><span lang=\"es-ES\"><b>A lo largo de este 2023, el Santuario ha hecho memoria de la consagraci\u00f3n de las bas\u00edlicas para definir el tema del a\u00f1o: \u00abVaya a decir a los sacerdotes que se construya aqu\u00ed una capilla\u00bb. La dedicaci\u00f3n de la bas\u00edlica de San P\u00edo X tuvo lugar el 25 de marzo; el 19 de mayo, la dedicaci\u00f3n de la Cripta; el 2 de julio, la de la bas\u00edlica de la Inmaculada Concepci\u00f3n y este 6 de octubre, la de la bas\u00edlica del Rosario.<\/b><\/span><\/span><\/span><\/p>\t\t\t\t\t\t\t\t<\/div>\n\t\t\t\t<\/div>\n\t\t\t\t<div class=\"elementor-element elementor-element-40eaf14a elementor-widget elementor-widget-text-editor\" data-id=\"40eaf14a\" data-element_type=\"widget\" data-widget_type=\"text-editor.default\">\n\t\t\t\t<div class=\"elementor-widget-container\">\n\t\t\t\t\t\t\t\t\t<p><strong>El Santuario conmemorar\u00e1 la dedicaci\u00f3n de la bas\u00edlica del Rosario <span style=\"text-decoration: underline;\">durante la misa de las 11:15\u00a0h en la bas\u00edlica<\/span> y <span style=\"text-decoration: underline;\">al inicio de la procesi\u00f3n<\/span> de las antorchas.<\/strong><\/p>\t\t\t\t\t\t\t\t<\/div>\n\t\t\t\t<\/div>\n\t\t\t\t<div class=\"elementor-element elementor-element-7a9e099 elementor-align-center elementor-widget elementor-widget-button\" data-id=\"7a9e099\" data-element_type=\"widget\" data-widget_type=\"button.default\">\n\t\t\t\t<div class=\"elementor-widget-container\">\n\t\t\t\t\t\t\t\t\t<div class=\"elementor-button-wrapper\">\n\t\t\t\t\t<a class=\"elementor-button elementor-button-link elementor-size-sm\" href=\"https:\/\/www.lourdes-france.org\/es\/horarios\/\" target=\"_blank\">\n\t\t\t\t\t\t<span class=\"elementor-button-content-wrapper\">\n\t\t\t\t\t\t\t\t\t<span class=\"elementor-button-text\">Horarios<\/span>\n\t\t\t\t\t<\/span>\n\t\t\t\t\t<\/a>\n\t\t\t\t<\/div>\n\t\t\t\t\t\t\t\t<\/div>\n\t\t\t\t<\/div>\n\t\t\t\t<div class=\"elementor-element elementor-element-522e7f81 elementor-widget elementor-widget-heading\" data-id=\"522e7f81\" data-element_type=\"widget\" data-widget_type=\"heading.default\">\n\t\t\t\t<div class=\"elementor-widget-container\">\n\t\t\t\t\t<h3 class=\"elementor-heading-title elementor-size-default\">Historia<\/h3>\t\t\t\t<\/div>\n\t\t\t\t<\/div>\n\t\t\t\t<div class=\"elementor-element elementor-element-59e0c764 elementor-widget elementor-widget-text-editor\" data-id=\"59e0c764\" data-element_type=\"widget\" data-widget_type=\"text-editor.default\">\n\t\t\t\t<div class=\"elementor-widget-container\">\n\t\t\t\t\t\t\t\t\t<p>La primera piedra de la nueva iglesia fue colocada hace 140 a\u00f1os, el 16 de julio de 1883, por el cardenal Desprez, arzobispo de Toulouse, con motivo del 25 aniversario de la \u00faltima aparici\u00f3n.<\/p><p>La iglesia no estaba completamente terminada, ya que solo se hab\u00edan acabado cinco mosaicos que representaban los misterios del Rosario. Sin embargo, todas las capillas dispon\u00edan de un altar, por lo que la iglesia pudo consagrarse.<\/p><p>El 16 de julio de 1901, el obispo de Tarbes escribi\u00f3 a los obispos de Francia para invitarles a la ceremonia de la consagraci\u00f3n, fechada <span style=\"text-decoration: underline;\"><strong>el 6 de octubre<\/strong><\/span>. El 25 de julio, escribi\u00f3 al papa Le\u00f3n XIII para pedirle que delegara en el cardenal Lang\u00e9nieux para consagrar en su nombre la iglesia del Rosario \u00abLa nueva iglesia fue la respuesta del mundo cat\u00f3lico a las insistentes exhortaciones que Su Santidad le dirigi\u00f3 en sus inolvidables Enc\u00edclicas para reavivar la devoci\u00f3n al Sant\u00edsimo Rosario\u00bb.<\/p><p>En respuesta, el 8 de septiembre de 1901, Le\u00f3n XIII firm\u00f3 una carta apost\u00f3lica, titulada \u00abParta humano generi\u00bb, sobre la consagraci\u00f3n de la nueva iglesia de la bienaventurada Virgen Mar\u00eda del Sant\u00edsimo Rosario de Lourdes.<\/p>\t\t\t\t\t\t\t\t<\/div>\n\t\t\t\t<\/div>\n\t\t\t\t\t<\/div>\n\t\t<\/div>\n\t\t\t\t\t<\/div>\n\t\t<\/section>\n\t\t\t\t<section class=\"elementor-section elementor-top-section elementor-element elementor-element-0ba7068 elementor-section-boxed elementor-section-height-default elementor-section-height-default\" data-id=\"0ba7068\" data-element_type=\"section\">\n\t\t\t\t\t\t<div class=\"elementor-container elementor-column-gap-default\">\n\t\t\t\t\t<div class=\"elementor-column elementor-col-100 elementor-top-column elementor-element elementor-element-a0d3d0f\" data-id=\"a0d3d0f\" data-element_type=\"column\">\n\t\t\t<div class=\"elementor-widget-wrap elementor-element-populated\">\n\t\t\t\t\t\t<div class=\"elementor-element elementor-element-113ae65 elementor-widget elementor-widget-image\" data-id=\"113ae65\" data-element_type=\"widget\" data-widget_type=\"image.default\">\n\t\t\t\t<div class=\"elementor-widget-container\">\n\t\t\t\t\t\t\t\t\t\t\t\t\t\t\t<img fetchpriority=\"high\" decoding=\"async\" width=\"1024\" height=\"380\" src=\"https:\/\/www.lourdes-france.com\/wp-content\/uploads\/2023\/10\/BasiliqueNotre-DameduRosaire1-1024x380.jpg\" class=\"attachment-large size-large wp-image-811335\" alt=\"\" srcset=\"https:\/\/www.lourdes-france.com\/wp-content\/uploads\/2023\/10\/BasiliqueNotre-DameduRosaire1-1024x380.jpg 1024w, https:\/\/www.lourdes-france.com\/wp-content\/uploads\/2023\/10\/BasiliqueNotre-DameduRosaire1-300x111.jpg 300w, https:\/\/www.lourdes-france.com\/wp-content\/uploads\/2023\/10\/BasiliqueNotre-DameduRosaire1-768x285.jpg 768w, https:\/\/www.lourdes-france.com\/wp-content\/uploads\/2023\/10\/BasiliqueNotre-DameduRosaire1-1536x570.jpg 1536w, https:\/\/www.lourdes-france.com\/wp-content\/uploads\/2023\/10\/BasiliqueNotre-DameduRosaire1.jpg 1920w\" sizes=\"(max-width: 1024px) 100vw, 1024px\" \/>\t\t\t\t\t\t\t\t\t\t\t\t\t\t\t<\/div>\n\t\t\t\t<\/div>\n\t\t\t\t\t<\/div>\n\t\t<\/div>\n\t\t\t\t\t<\/div>\n\t\t<\/section>\n\t\t\t\t<section class=\"elementor-section elementor-top-section elementor-element elementor-element-1796f08 elementor-section-boxed elementor-section-height-default elementor-section-height-default\" data-id=\"1796f08\" data-element_type=\"section\">\n\t\t\t\t\t\t<div class=\"elementor-container elementor-column-gap-default\">\n\t\t\t\t\t<div class=\"elementor-column elementor-col-100 elementor-top-column elementor-element elementor-element-0238f79\" data-id=\"0238f79\" data-element_type=\"column\">\n\t\t\t<div class=\"elementor-widget-wrap elementor-element-populated\">\n\t\t\t\t\t\t<div class=\"elementor-element elementor-element-f12eba0 elementor-widget elementor-widget-text-editor\" data-id=\"f12eba0\" data-element_type=\"widget\" data-widget_type=\"text-editor.default\">\n\t\t\t\t<div class=\"elementor-widget-container\">\n\t\t\t\t\t\t\t\t\t<p><span style=\"color: #000000;\"><span style=\"text-decoration: underline;\"><strong>El domingo 6 de octubre de 1901<\/strong><\/span>, tuvo lugar la consagraci\u00f3n de la iglesia. La ceremonia termin\u00f3 al mediod\u00eda, mientras que la campana de la bas\u00edlica tocaba el \u00c1ngelus. <\/span><br \/><span style=\"color: #000000;\">A continuaci\u00f3n, se celebr\u00f3 la misa. Mgr Enard, obispo de Cahors, pronunci\u00f3 la homil\u00eda y Mons. Lang\u00e9nieux clausur\u00f3 la ceremonia con la bendici\u00f3n papal. A las 13:30\u00a0h, todos los prelados regresaron en procesi\u00f3n a la capilla para almorzar. <\/span><br \/><span style=\"color: #000000;\">25 a\u00f1os m\u00e1s tarde, el papa P\u00edo XI, en un breve apost\u00f3lico del 24 de septiembre de 1926, erigi\u00f3 la iglesia del Rosario en bas\u00edlica menor.<\/span><\/p><p><span style=\"color: #000000;\"><em>Los archivos del santuario de Nuestra Se\u00f1ora de Lourdes conservan los documentos preparatorios a estas ceremonias, as\u00ed como el proceso verbal de la consagraci\u00f3n, firmado por los prelados consagrantes.<\/em><\/span><\/p>\t\t\t\t\t\t\t\t<\/div>\n\t\t\t\t<\/div>\n\t\t\t\t\t<\/div>\n\t\t<\/div>\n\t\t\t\t\t<\/div>\n\t\t<\/section>\n\t\t\t\t<section class=\"elementor-section elementor-top-section elementor-element elementor-element-a845ff9 elementor-section-boxed elementor-section-height-default elementor-section-height-default\" data-id=\"a845ff9\" data-element_type=\"section\">\n\t\t\t\t\t\t<div class=\"elementor-container elementor-column-gap-default\">\n\t\t\t\t\t<div class=\"elementor-column elementor-col-16 elementor-top-column elementor-element elementor-element-0cbce6f\" data-id=\"0cbce6f\" data-element_type=\"column\">\n\t\t\t<div class=\"elementor-widget-wrap elementor-element-populated\">\n\t\t\t\t\t\t<div class=\"elementor-element elementor-element-7a7db46 elementor-widget elementor-widget-image\" data-id=\"7a7db46\" data-element_type=\"widget\" data-widget_type=\"image.default\">\n\t\t\t\t<div class=\"elementor-widget-container\">\n\t\t\t\t\t\t\t\t\t\t\t\t\t\t\t<img decoding=\"async\" width=\"664\" height=\"1024\" src=\"https:\/\/www.lourdes-france.com\/wp-content\/uploads\/2023\/10\/3-B-9-1-PV-Consecration-1-664x1024.jpg\" class=\"attachment-large size-large wp-image-811342\" alt=\"\" srcset=\"https:\/\/www.lourdes-france.com\/wp-content\/uploads\/2023\/10\/3-B-9-1-PV-Consecration-1-664x1024.jpg 664w, https:\/\/www.lourdes-france.com\/wp-content\/uploads\/2023\/10\/3-B-9-1-PV-Consecration-1-194x300.jpg 194w, https:\/\/www.lourdes-france.com\/wp-content\/uploads\/2023\/10\/3-B-9-1-PV-Consecration-1-768x1185.jpg 768w, https:\/\/www.lourdes-france.com\/wp-content\/uploads\/2023\/10\/3-B-9-1-PV-Consecration-1-996x1536.jpg 996w, https:\/\/www.lourdes-france.com\/wp-content\/uploads\/2023\/10\/3-B-9-1-PV-Consecration-1-1328x2048.jpg 1328w, https:\/\/www.lourdes-france.com\/wp-content\/uploads\/2023\/10\/3-B-9-1-PV-Consecration-1-scaled.jpg 1660w\" sizes=\"(max-width: 664px) 100vw, 664px\" \/>\t\t\t\t\t\t\t\t\t\t\t\t\t\t\t<\/div>\n\t\t\t\t<\/div>\n\t\t\t\t\t<\/div>\n\t\t<\/div>\n\t\t\t\t<div class=\"elementor-column elementor-col-16 elementor-top-column elementor-element elementor-element-38e9e42\" data-id=\"38e9e42\" data-element_type=\"column\">\n\t\t\t<div class=\"elementor-widget-wrap elementor-element-populated\">\n\t\t\t\t\t\t<div class=\"elementor-element elementor-element-a149ad6 elementor-widget elementor-widget-image\" data-id=\"a149ad6\" data-element_type=\"widget\" data-widget_type=\"image.default\">\n\t\t\t\t<div class=\"elementor-widget-container\">\n\t\t\t\t\t\t\t\t\t\t\t\t\t\t\t<img decoding=\"async\" width=\"665\" height=\"1024\" src=\"https:\/\/www.lourdes-france.com\/wp-content\/uploads\/2023\/10\/3-B-9-1-PV-Consecration-2-665x1024.jpg\" class=\"attachment-large size-large wp-image-811349\" alt=\"\" srcset=\"https:\/\/www.lourdes-france.com\/wp-content\/uploads\/2023\/10\/3-B-9-1-PV-Consecration-2-665x1024.jpg 665w, https:\/\/www.lourdes-france.com\/wp-content\/uploads\/2023\/10\/3-B-9-1-PV-Consecration-2-195x300.jpg 195w, https:\/\/www.lourdes-france.com\/wp-content\/uploads\/2023\/10\/3-B-9-1-PV-Consecration-2-768x1183.jpg 768w, https:\/\/www.lourdes-france.com\/wp-content\/uploads\/2023\/10\/3-B-9-1-PV-Consecration-2-997x1536.jpg 997w, https:\/\/www.lourdes-france.com\/wp-content\/uploads\/2023\/10\/3-B-9-1-PV-Consecration-2-1330x2048.jpg 1330w, https:\/\/www.lourdes-france.com\/wp-content\/uploads\/2023\/10\/3-B-9-1-PV-Consecration-2-scaled.jpg 1662w\" sizes=\"(max-width: 665px) 100vw, 665px\" \/>\t\t\t\t\t\t\t\t\t\t\t\t\t\t\t<\/div>\n\t\t\t\t<\/div>\n\t\t\t\t\t<\/div>\n\t\t<\/div>\n\t\t\t\t<div class=\"elementor-column elementor-col-16 elementor-top-column elementor-element elementor-element-0dcfaed\" data-id=\"0dcfaed\" data-element_type=\"column\">\n\t\t\t<div class=\"elementor-widget-wrap elementor-element-populated\">\n\t\t\t\t\t\t<div class=\"elementor-element elementor-element-2bf57a4 elementor-widget elementor-widget-image\" data-id=\"2bf57a4\" data-element_type=\"widget\" data-widget_type=\"image.default\">\n\t\t\t\t<div class=\"elementor-widget-container\">\n\t\t\t\t\t\t\t\t\t\t\t\t\t\t\t<img loading=\"lazy\" decoding=\"async\" width=\"664\" height=\"1024\" src=\"https:\/\/www.lourdes-france.com\/wp-content\/uploads\/2023\/10\/3-B-9-1-PV-Consecration-3-664x1024.jpg\" class=\"attachment-large size-large wp-image-811356\" alt=\"\" srcset=\"https:\/\/www.lourdes-france.com\/wp-content\/uploads\/2023\/10\/3-B-9-1-PV-Consecration-3-664x1024.jpg 664w, https:\/\/www.lourdes-france.com\/wp-content\/uploads\/2023\/10\/3-B-9-1-PV-Consecration-3-194x300.jpg 194w, https:\/\/www.lourdes-france.com\/wp-content\/uploads\/2023\/10\/3-B-9-1-PV-Consecration-3-768x1185.jpg 768w, https:\/\/www.lourdes-france.com\/wp-content\/uploads\/2023\/10\/3-B-9-1-PV-Consecration-3-996x1536.jpg 996w, https:\/\/www.lourdes-france.com\/wp-content\/uploads\/2023\/10\/3-B-9-1-PV-Consecration-3-1328x2048.jpg 1328w, https:\/\/www.lourdes-france.com\/wp-content\/uploads\/2023\/10\/3-B-9-1-PV-Consecration-3-scaled.jpg 1659w\" sizes=\"(max-width: 664px) 100vw, 664px\" \/>\t\t\t\t\t\t\t\t\t\t\t\t\t\t\t<\/div>\n\t\t\t\t<\/div>\n\t\t\t\t\t<\/div>\n\t\t<\/div>\n\t\t\t\t<div class=\"elementor-column elementor-col-16 elementor-top-column elementor-element elementor-element-3f84071\" data-id=\"3f84071\" data-element_type=\"column\">\n\t\t\t<div class=\"elementor-widget-wrap elementor-element-populated\">\n\t\t\t\t\t\t<div class=\"elementor-element elementor-element-b964669 elementor-widget elementor-widget-image\" data-id=\"b964669\" data-element_type=\"widget\" data-widget_type=\"image.default\">\n\t\t\t\t<div class=\"elementor-widget-container\">\n\t\t\t\t\t\t\t\t\t\t\t\t\t\t\t<img loading=\"lazy\" decoding=\"async\" width=\"666\" height=\"1024\" src=\"https:\/\/www.lourdes-france.com\/wp-content\/uploads\/2023\/10\/3-B-9-1-PV-Consecration-4-666x1024.jpg\" class=\"attachment-large size-large wp-image-811363\" alt=\"\" srcset=\"https:\/\/www.lourdes-france.com\/wp-content\/uploads\/2023\/10\/3-B-9-1-PV-Consecration-4-666x1024.jpg 666w, https:\/\/www.lourdes-france.com\/wp-content\/uploads\/2023\/10\/3-B-9-1-PV-Consecration-4-195x300.jpg 195w, https:\/\/www.lourdes-france.com\/wp-content\/uploads\/2023\/10\/3-B-9-1-PV-Consecration-4-768x1181.jpg 768w, https:\/\/www.lourdes-france.com\/wp-content\/uploads\/2023\/10\/3-B-9-1-PV-Consecration-4-999x1536.jpg 999w, https:\/\/www.lourdes-france.com\/wp-content\/uploads\/2023\/10\/3-B-9-1-PV-Consecration-4-1332x2048.jpg 1332w, https:\/\/www.lourdes-france.com\/wp-content\/uploads\/2023\/10\/3-B-9-1-PV-Consecration-4-scaled.jpg 1665w\" sizes=\"(max-width: 666px) 100vw, 666px\" \/>\t\t\t\t\t\t\t\t\t\t\t\t\t\t\t<\/div>\n\t\t\t\t<\/div>\n\t\t\t\t\t<\/div>\n\t\t<\/div>\n\t\t\t\t<div class=\"elementor-column elementor-col-16 elementor-top-column elementor-element elementor-element-4607bd1\" data-id=\"4607bd1\" data-element_type=\"column\">\n\t\t\t<div class=\"elementor-widget-wrap elementor-element-populated\">\n\t\t\t\t\t\t<div class=\"elementor-element elementor-element-371ab60 elementor-widget elementor-widget-image\" data-id=\"371ab60\" data-element_type=\"widget\" data-widget_type=\"image.default\">\n\t\t\t\t<div class=\"elementor-widget-container\">\n\t\t\t\t\t\t\t\t\t\t\t\t\t\t\t<img loading=\"lazy\" decoding=\"async\" width=\"664\" height=\"1024\" src=\"https:\/\/www.lourdes-france.com\/wp-content\/uploads\/2023\/10\/3-B-9-1-PV-Consecration-5-664x1024.jpg\" class=\"attachment-large size-large wp-image-811370\" alt=\"\" srcset=\"https:\/\/www.lourdes-france.com\/wp-content\/uploads\/2023\/10\/3-B-9-1-PV-Consecration-5-664x1024.jpg 664w, https:\/\/www.lourdes-france.com\/wp-content\/uploads\/2023\/10\/3-B-9-1-PV-Consecration-5-195x300.jpg 195w, https:\/\/www.lourdes-france.com\/wp-content\/uploads\/2023\/10\/3-B-9-1-PV-Consecration-5-768x1184.jpg 768w, https:\/\/www.lourdes-france.com\/wp-content\/uploads\/2023\/10\/3-B-9-1-PV-Consecration-5-997x1536.jpg 997w, https:\/\/www.lourdes-france.com\/wp-content\/uploads\/2023\/10\/3-B-9-1-PV-Consecration-5-1329x2048.jpg 1329w, https:\/\/www.lourdes-france.com\/wp-content\/uploads\/2023\/10\/3-B-9-1-PV-Consecration-5-scaled.jpg 1661w\" sizes=\"(max-width: 664px) 100vw, 664px\" \/>\t\t\t\t\t\t\t\t\t\t\t\t\t\t\t<\/div>\n\t\t\t\t<\/div>\n\t\t\t\t\t<\/div>\n\t\t<\/div>\n\t\t\t\t<div class=\"elementor-column elementor-col-16 elementor-top-column elementor-element elementor-element-6f7f0e0\" data-id=\"6f7f0e0\" data-element_type=\"column\">\n\t\t\t<div class=\"elementor-widget-wrap elementor-element-populated\">\n\t\t\t\t\t\t<div class=\"elementor-element elementor-element-880b79c elementor-widget elementor-widget-image\" data-id=\"880b79c\" data-element_type=\"widget\" data-widget_type=\"image.default\">\n\t\t\t\t<div class=\"elementor-widget-container\">\n\t\t\t\t\t\t\t\t\t\t\t\t\t\t\t<img loading=\"lazy\" decoding=\"async\" width=\"666\" height=\"1024\" src=\"https:\/\/www.lourdes-france.com\/wp-content\/uploads\/2023\/10\/3-B-9-1-PV-Consecration-6-666x1024.jpg\" class=\"attachment-large size-large wp-image-811377\" alt=\"\" srcset=\"https:\/\/www.lourdes-france.com\/wp-content\/uploads\/2023\/10\/3-B-9-1-PV-Consecration-6-666x1024.jpg 666w, https:\/\/www.lourdes-france.com\/wp-content\/uploads\/2023\/10\/3-B-9-1-PV-Consecration-6-195x300.jpg 195w, https:\/\/www.lourdes-france.com\/wp-content\/uploads\/2023\/10\/3-B-9-1-PV-Consecration-6-768x1181.jpg 768w, https:\/\/www.lourdes-france.com\/wp-content\/uploads\/2023\/10\/3-B-9-1-PV-Consecration-6-999x1536.jpg 999w, https:\/\/www.lourdes-france.com\/wp-content\/uploads\/2023\/10\/3-B-9-1-PV-Consecration-6-1332x2048.jpg 1332w, https:\/\/www.lourdes-france.com\/wp-content\/uploads\/2023\/10\/3-B-9-1-PV-Consecration-6-scaled.jpg 1665w\" sizes=\"(max-width: 666px) 100vw, 666px\" \/>\t\t\t\t\t\t\t\t\t\t\t\t\t\t\t<\/div>\n\t\t\t\t<\/div>\n\t\t\t\t\t<\/div>\n\t\t<\/div>\n\t\t\t\t\t<\/div>\n\t\t<\/section>\n\t\t\t\t<section class=\"elementor-section elementor-top-section elementor-element elementor-element-4ee1c242 elementor-section-boxed elementor-section-height-default elementor-section-height-default\" data-id=\"4ee1c242\" data-element_type=\"section\">\n\t\t\t\t\t\t<div class=\"elementor-container elementor-column-gap-no\">\n\t\t\t\t\t<div class=\"elementor-column elementor-col-100 elementor-top-column elementor-element elementor-element-32b9d764\" data-id=\"32b9d764\" data-element_type=\"column\">\n\t\t\t<div class=\"elementor-widget-wrap elementor-element-populated\">\n\t\t\t\t\t\t<div class=\"elementor-element elementor-element-add534 elementor-widget elementor-widget-heading\" data-id=\"add534\" data-element_type=\"widget\" data-widget_type=\"heading.default\">\n\t\t\t\t<div class=\"elementor-widget-container\">\n\t\t\t\t\t<h3 class=\"elementor-heading-title elementor-size-default\">\u00bfQu\u00e9 es una dedicaci\u00f3n?<\/h3>\t\t\t\t<\/div>\n\t\t\t\t<\/div>\n\t\t\t\t<div class=\"elementor-element elementor-element-197b99a7 elementor-widget elementor-widget-text-editor\" data-id=\"197b99a7\" data-element_type=\"widget\" data-widget_type=\"text-editor.default\">\n\t\t\t\t<div class=\"elementor-widget-container\">\n\t\t\t\t\t\t\t\t\t<p><em>Un edificio religioso debe considerarse como lo que es: no es un teatro, ni un museo, ni un inmueble. Es un edificio religioso, un signo de transcendencia en nuestra sociedad secularizada.<\/em><\/p><p><em>Al consagrar mediante sus ritos un edificio material hecho por manos humanas, la dedicaci\u00f3n expresa el misterio mismo de la Iglesia, templo de Dios construido de piedras vivas. La palabra \u00abiglesia\u00bb, cuya etimolog\u00eda significa \u00abasamblea\u00bb, se atribuye entonces al edificio en el que la comunidad cristiana se re\u00fane para escuchar la palabra de Dios, orar en com\u00fan, realizar los sacramentos y celebrar la Eucarist\u00eda.<\/em><\/p><p>La dedicaci\u00f3n da al edificio en cuesti\u00f3n su finalidad y define su naturaleza. La celebraci\u00f3n de la dedicaci\u00f3n de una iglesia es, quiz\u00e1, la m\u00e1s completa y significativa de todas las ceremonias lit\u00fargicas.<\/p>\t\t\t\t\t\t\t\t<\/div>\n\t\t\t\t<\/div>\n\t\t\t\t\t<\/div>\n\t\t<\/div>\n\t\t\t\t\t<\/div>\n\t\t<\/section>\n\t\t\t\t<section class=\"elementor-section elementor-top-section elementor-element elementor-element-f23009c elementor-section-boxed elementor-section-height-default elementor-section-height-default\" data-id=\"f23009c\" data-element_type=\"section\">\n\t\t\t\t\t\t<div class=\"elementor-container elementor-column-gap-default\">\n\t\t\t\t\t<div class=\"elementor-column elementor-col-100 elementor-top-column elementor-element elementor-element-35563e5\" data-id=\"35563e5\" data-element_type=\"column\">\n\t\t\t<div class=\"elementor-widget-wrap elementor-element-populated\">\n\t\t\t\t\t\t<div class=\"elementor-element elementor-element-440894a elementor-widget elementor-widget-image\" data-id=\"440894a\" data-element_type=\"widget\" data-widget_type=\"image.default\">\n\t\t\t\t<div class=\"elementor-widget-container\">\n\t\t\t\t\t\t\t\t\t\t\t\t\t\t\t<img loading=\"lazy\" decoding=\"async\" width=\"1024\" height=\"683\" src=\"https:\/\/www.lourdes-france.com\/wp-content\/uploads\/2023\/10\/FC3AAtedel27Annonciation-1024x683.jpg\" class=\"attachment-large size-large wp-image-811387\" alt=\"\" srcset=\"https:\/\/www.lourdes-france.com\/wp-content\/uploads\/2023\/10\/FC3AAtedel27Annonciation-1024x683.jpg 1024w, https:\/\/www.lourdes-france.com\/wp-content\/uploads\/2023\/10\/FC3AAtedel27Annonciation-300x200.jpg 300w, https:\/\/www.lourdes-france.com\/wp-content\/uploads\/2023\/10\/FC3AAtedel27Annonciation-768x512.jpg 768w, https:\/\/www.lourdes-france.com\/wp-content\/uploads\/2023\/10\/FC3AAtedel27Annonciation-1536x1024.jpg 1536w, https:\/\/www.lourdes-france.com\/wp-content\/uploads\/2023\/10\/FC3AAtedel27Annonciation-2048x1365.jpg 2048w\" sizes=\"(max-width: 1024px) 100vw, 1024px\" \/>\t\t\t\t\t\t\t\t\t\t\t\t\t\t\t<\/div>\n\t\t\t\t<\/div>\n\t\t\t\t\t<\/div>\n\t\t<\/div>\n\t\t\t\t\t<\/div>\n\t\t<\/section>\n\t\t\t\t<\/div>\n\t\t","protected":false},"excerpt":{"rendered":"<p>A lo largo de este 2023, el Santuario ha hecho memoria de la consagraci\u00f3n de las bas\u00edlicas para definir el tema del a\u00f1o: \u00abVaya a decir a los sacerdotes que se construya aqu\u00ed una capilla\u00bb. La dedicaci\u00f3n de la bas\u00edlica &hellip; <a href=\"https:\/\/www.lourdes-france.com\/es\/6-de-octubre-dedicacion-de-la-basilica-del-rosario\/\">Continuar<\/a><\/p>\n","protected":false},"author":9,"featured_media":811323,"comment_status":"closed","ping_status":"closed","sticky":false,"template":"","format":"standard","meta":{"_acf_changed":false,"footnotes":""},"categories":[31],"tags":[],"class_list":["post-811424","post","type-post","status-publish","format-standard","has-post-thumbnail","hentry","category-en-este-momento"],"acf":[],"yoast_head":"<!-- This site is optimized with the Yoast SEO Premium plugin v24.0 (Yoast SEO v26.3) - https:\/\/yoast.com\/wordpress\/plugins\/seo\/ -->\n<title>6 de octubre, dedicaci\u00f3n de la bas\u00edlica del Rosario - Vivre le p\u00e8lerinage de Lourdes<\/title>\n<meta name=\"description\" content=\"A lo largo de este 2023, el Santuario ha hecho memoria de la consagraci\u00f3n de las bas\u00edlicas para definir el tema del a\u00f1o.\" \/>\n<meta name=\"robots\" content=\"index, follow, max-snippet:-1, max-image-preview:large, max-video-preview:-1\" \/>\n<link rel=\"canonical\" href=\"https:\/\/www.lourdes-france.com\/es\/6-de-octubre-dedicacion-de-la-basilica-del-rosario\/\" \/>\n<meta property=\"og:locale\" content=\"es_ES\" \/>\n<meta property=\"og:type\" content=\"article\" \/>\n<meta property=\"og:title\" content=\"6 de octubre, dedicaci\u00f3n de la bas\u00edlica del Rosario\" \/>\n<meta property=\"og:description\" content=\"A lo largo de este 2023, el Santuario ha hecho memoria de la consagraci\u00f3n de las bas\u00edlicas para definir el tema del a\u00f1o.\" \/>\n<meta property=\"og:url\" content=\"https:\/\/www.lourdes-france.com\/es\/6-de-octubre-dedicacion-de-la-basilica-del-rosario\/\" \/>\n<meta property=\"og:site_name\" content=\"Vivre le p\u00e8lerinage de Lourdes\" \/>\n<meta property=\"article:published_time\" content=\"2023-10-03T07:13:46+00:00\" \/>\n<meta property=\"article:modified_time\" content=\"2023-10-05T12:52:31+00:00\" \/>\n<meta property=\"og:image\" content=\"https:\/\/www.lourdes-france.com\/wp-content\/uploads\/2023\/10\/Rosaire-den-haut.jpg\" \/>\n\t<meta property=\"og:image:width\" content=\"1920\" \/>\n\t<meta property=\"og:image:height\" content=\"1281\" \/>\n\t<meta property=\"og:image:type\" content=\"image\/jpeg\" \/>\n<meta name=\"author\" content=\"communication\" \/>\n<meta name=\"twitter:card\" content=\"summary_large_image\" \/>\n<meta name=\"twitter:label1\" content=\"Escrito por\" \/>\n\t<meta name=\"twitter:data1\" content=\"communication\" \/>\n\t<meta name=\"twitter:label2\" content=\"Tiempo de lectura\" \/>\n\t<meta name=\"twitter:data2\" content=\"5 minutos\" \/>\n<script type=\"application\/ld+json\" class=\"yoast-schema-graph\">{\"@context\":\"https:\/\/schema.org\",\"@graph\":[{\"@type\":\"Article\",\"@id\":\"https:\/\/www.lourdes-france.com\/es\/6-de-octubre-dedicacion-de-la-basilica-del-rosario\/#article\",\"isPartOf\":{\"@id\":\"https:\/\/www.lourdes-france.com\/es\/6-de-octubre-dedicacion-de-la-basilica-del-rosario\/\"},\"author\":{\"name\":\"communication\",\"@id\":\"https:\/\/www.lourdes-france.com\/es\/#\/schema\/person\/cec1bc287296b4aed571d4364999fa69\"},\"headline\":\"6 de octubre, dedicaci\u00f3n de la bas\u00edlica del Rosario\",\"datePublished\":\"2023-10-03T07:13:46+00:00\",\"dateModified\":\"2023-10-05T12:52:31+00:00\",\"mainEntityOfPage\":{\"@id\":\"https:\/\/www.lourdes-france.com\/es\/6-de-octubre-dedicacion-de-la-basilica-del-rosario\/\"},\"wordCount\":604,\"publisher\":{\"@id\":\"https:\/\/www.lourdes-france.com\/es\/#organization\"},\"image\":{\"@id\":\"https:\/\/www.lourdes-france.com\/es\/6-de-octubre-dedicacion-de-la-basilica-del-rosario\/#primaryimage\"},\"thumbnailUrl\":\"https:\/\/www.lourdes-france.com\/wp-content\/uploads\/2023\/10\/Rosaire-den-haut.jpg\",\"articleSection\":[\"En este momento\"],\"inLanguage\":\"es\"},{\"@type\":\"WebPage\",\"@id\":\"https:\/\/www.lourdes-france.com\/es\/6-de-octubre-dedicacion-de-la-basilica-del-rosario\/\",\"url\":\"https:\/\/www.lourdes-france.com\/es\/6-de-octubre-dedicacion-de-la-basilica-del-rosario\/\",\"name\":\"6 de octubre, dedicaci\u00f3n de la bas\u00edlica del Rosario - Vivre le p\u00e8lerinage de Lourdes\",\"isPartOf\":{\"@id\":\"https:\/\/www.lourdes-france.com\/es\/#website\"},\"primaryImageOfPage\":{\"@id\":\"https:\/\/www.lourdes-france.com\/es\/6-de-octubre-dedicacion-de-la-basilica-del-rosario\/#primaryimage\"},\"image\":{\"@id\":\"https:\/\/www.lourdes-france.com\/es\/6-de-octubre-dedicacion-de-la-basilica-del-rosario\/#primaryimage\"},\"thumbnailUrl\":\"https:\/\/www.lourdes-france.com\/wp-content\/uploads\/2023\/10\/Rosaire-den-haut.jpg\",\"datePublished\":\"2023-10-03T07:13:46+00:00\",\"dateModified\":\"2023-10-05T12:52:31+00:00\",\"description\":\"A lo largo de este 2023, el Santuario ha hecho memoria de la consagraci\u00f3n de las bas\u00edlicas para definir el tema del a\u00f1o.\",\"breadcrumb\":{\"@id\":\"https:\/\/www.lourdes-france.com\/es\/6-de-octubre-dedicacion-de-la-basilica-del-rosario\/#breadcrumb\"},\"inLanguage\":\"es\",\"potentialAction\":[{\"@type\":\"ReadAction\",\"target\":[\"https:\/\/www.lourdes-france.com\/es\/6-de-octubre-dedicacion-de-la-basilica-del-rosario\/\"]}]},{\"@type\":\"ImageObject\",\"inLanguage\":\"es\",\"@id\":\"https:\/\/www.lourdes-france.com\/es\/6-de-octubre-dedicacion-de-la-basilica-del-rosario\/#primaryimage\",\"url\":\"https:\/\/www.lourdes-france.com\/wp-content\/uploads\/2023\/10\/Rosaire-den-haut.jpg\",\"contentUrl\":\"https:\/\/www.lourdes-france.com\/wp-content\/uploads\/2023\/10\/Rosaire-den-haut.jpg\",\"width\":1920,\"height\":1281},{\"@type\":\"BreadcrumbList\",\"@id\":\"https:\/\/www.lourdes-france.com\/es\/6-de-octubre-dedicacion-de-la-basilica-del-rosario\/#breadcrumb\",\"itemListElement\":[{\"@type\":\"ListItem\",\"position\":1,\"name\":\"Accueil\",\"item\":\"https:\/\/www.lourdes-france.com\/es\/\"},{\"@type\":\"ListItem\",\"position\":2,\"name\":\"6 de octubre, dedicaci\u00f3n de la bas\u00edlica del Rosario\"}]},{\"@type\":\"WebSite\",\"@id\":\"https:\/\/www.lourdes-france.com\/es\/#website\",\"url\":\"https:\/\/www.lourdes-france.com\/es\/\",\"name\":\"Sanctuaire Notre-Dame de Lourdes\",\"description\":\"\",\"publisher\":{\"@id\":\"https:\/\/www.lourdes-france.com\/es\/#organization\"},\"potentialAction\":[{\"@type\":\"SearchAction\",\"target\":{\"@type\":\"EntryPoint\",\"urlTemplate\":\"https:\/\/www.lourdes-france.com\/es\/?s={search_term_string}\"},\"query-input\":{\"@type\":\"PropertyValueSpecification\",\"valueRequired\":true,\"valueName\":\"search_term_string\"}}],\"inLanguage\":\"es\"},{\"@type\":\"Organization\",\"@id\":\"https:\/\/www.lourdes-france.com\/es\/#organization\",\"name\":\"Sanctuaire Notre-Dame de Lourdes\",\"url\":\"https:\/\/www.lourdes-france.com\/es\/\",\"logo\":{\"@type\":\"ImageObject\",\"inLanguage\":\"es\",\"@id\":\"https:\/\/www.lourdes-france.com\/es\/#\/schema\/logo\/image\/\",\"url\":\"https:\/\/www.lourdes-france.com\/wp-content\/uploads\/2021\/11\/logo-small.png\",\"contentUrl\":\"https:\/\/www.lourdes-france.com\/wp-content\/uploads\/2021\/11\/logo-small.png\",\"width\":834,\"height\":521,\"caption\":\"Sanctuaire Notre-Dame de Lourdes\"},\"image\":{\"@id\":\"https:\/\/www.lourdes-france.com\/es\/#\/schema\/logo\/image\/\"}},{\"@type\":\"Person\",\"@id\":\"https:\/\/www.lourdes-france.com\/es\/#\/schema\/person\/cec1bc287296b4aed571d4364999fa69\",\"name\":\"communication\",\"image\":{\"@type\":\"ImageObject\",\"inLanguage\":\"es\",\"@id\":\"https:\/\/www.lourdes-france.com\/es\/#\/schema\/person\/image\/\",\"url\":\"https:\/\/secure.gravatar.com\/avatar\/c941c552c76e46c27f2de2045e73ee4cc48fa8d96f958f26a2362c0c73aaf425?s=96&d=mm&r=g\",\"contentUrl\":\"https:\/\/secure.gravatar.com\/avatar\/c941c552c76e46c27f2de2045e73ee4cc48fa8d96f958f26a2362c0c73aaf425?s=96&d=mm&r=g\",\"caption\":\"communication\"},\"url\":\"https:\/\/www.lourdes-france.com\/es\/author\/communication\/\"}]}<\/script>\n<!-- \/ Yoast SEO Premium plugin. -->","yoast_head_json":{"title":"6 de octubre, dedicaci\u00f3n de la bas\u00edlica del Rosario - Vivre le p\u00e8lerinage de Lourdes","description":"A lo largo de este 2023, el Santuario ha hecho memoria de la consagraci\u00f3n de las bas\u00edlicas para definir el tema del a\u00f1o.","robots":{"index":"index","follow":"follow","max-snippet":"max-snippet:-1","max-image-preview":"max-image-preview:large","max-video-preview":"max-video-preview:-1"},"canonical":"https:\/\/www.lourdes-france.com\/es\/6-de-octubre-dedicacion-de-la-basilica-del-rosario\/","og_locale":"es_ES","og_type":"article","og_title":"6 de octubre, dedicaci\u00f3n de la bas\u00edlica del Rosario","og_description":"A lo largo de este 2023, el Santuario ha hecho memoria de la consagraci\u00f3n de las bas\u00edlicas para definir el tema del a\u00f1o.","og_url":"https:\/\/www.lourdes-france.com\/es\/6-de-octubre-dedicacion-de-la-basilica-del-rosario\/","og_site_name":"Vivre le p\u00e8lerinage de Lourdes","article_published_time":"2023-10-03T07:13:46+00:00","article_modified_time":"2023-10-05T12:52:31+00:00","og_image":[{"width":1920,"height":1281,"url":"https:\/\/www.lourdes-france.com\/wp-content\/uploads\/2023\/10\/Rosaire-den-haut.jpg","type":"image\/jpeg"}],"author":"communication","twitter_card":"summary_large_image","twitter_misc":{"Escrito por":"communication","Tiempo de lectura":"5 minutos"},"schema":{"@context":"https:\/\/schema.org","@graph":[{"@type":"Article","@id":"https:\/\/www.lourdes-france.com\/es\/6-de-octubre-dedicacion-de-la-basilica-del-rosario\/#article","isPartOf":{"@id":"https:\/\/www.lourdes-france.com\/es\/6-de-octubre-dedicacion-de-la-basilica-del-rosario\/"},"author":{"name":"communication","@id":"https:\/\/www.lourdes-france.com\/es\/#\/schema\/person\/cec1bc287296b4aed571d4364999fa69"},"headline":"6 de octubre, dedicaci\u00f3n de la bas\u00edlica del Rosario","datePublished":"2023-10-03T07:13:46+00:00","dateModified":"2023-10-05T12:52:31+00:00","mainEntityOfPage":{"@id":"https:\/\/www.lourdes-france.com\/es\/6-de-octubre-dedicacion-de-la-basilica-del-rosario\/"},"wordCount":604,"publisher":{"@id":"https:\/\/www.lourdes-france.com\/es\/#organization"},"image":{"@id":"https:\/\/www.lourdes-france.com\/es\/6-de-octubre-dedicacion-de-la-basilica-del-rosario\/#primaryimage"},"thumbnailUrl":"https:\/\/www.lourdes-france.com\/wp-content\/uploads\/2023\/10\/Rosaire-den-haut.jpg","articleSection":["En este momento"],"inLanguage":"es"},{"@type":"WebPage","@id":"https:\/\/www.lourdes-france.com\/es\/6-de-octubre-dedicacion-de-la-basilica-del-rosario\/","url":"https:\/\/www.lourdes-france.com\/es\/6-de-octubre-dedicacion-de-la-basilica-del-rosario\/","name":"6 de octubre, dedicaci\u00f3n de la bas\u00edlica del Rosario - Vivre le p\u00e8lerinage de Lourdes","isPartOf":{"@id":"https:\/\/www.lourdes-france.com\/es\/#website"},"primaryImageOfPage":{"@id":"https:\/\/www.lourdes-france.com\/es\/6-de-octubre-dedicacion-de-la-basilica-del-rosario\/#primaryimage"},"image":{"@id":"https:\/\/www.lourdes-france.com\/es\/6-de-octubre-dedicacion-de-la-basilica-del-rosario\/#primaryimage"},"thumbnailUrl":"https:\/\/www.lourdes-france.com\/wp-content\/uploads\/2023\/10\/Rosaire-den-haut.jpg","datePublished":"2023-10-03T07:13:46+00:00","dateModified":"2023-10-05T12:52:31+00:00","description":"A lo largo de este 2023, el Santuario ha hecho memoria de la consagraci\u00f3n de las bas\u00edlicas para definir el tema del a\u00f1o.","breadcrumb":{"@id":"https:\/\/www.lourdes-france.com\/es\/6-de-octubre-dedicacion-de-la-basilica-del-rosario\/#breadcrumb"},"inLanguage":"es","potentialAction":[{"@type":"ReadAction","target":["https:\/\/www.lourdes-france.com\/es\/6-de-octubre-dedicacion-de-la-basilica-del-rosario\/"]}]},{"@type":"ImageObject","inLanguage":"es","@id":"https:\/\/www.lourdes-france.com\/es\/6-de-octubre-dedicacion-de-la-basilica-del-rosario\/#primaryimage","url":"https:\/\/www.lourdes-france.com\/wp-content\/uploads\/2023\/10\/Rosaire-den-haut.jpg","contentUrl":"https:\/\/www.lourdes-france.com\/wp-content\/uploads\/2023\/10\/Rosaire-den-haut.jpg","width":1920,"height":1281},{"@type":"BreadcrumbList","@id":"https:\/\/www.lourdes-france.com\/es\/6-de-octubre-dedicacion-de-la-basilica-del-rosario\/#breadcrumb","itemListElement":[{"@type":"ListItem","position":1,"name":"Accueil","item":"https:\/\/www.lourdes-france.com\/es\/"},{"@type":"ListItem","position":2,"name":"6 de octubre, dedicaci\u00f3n de la bas\u00edlica del Rosario"}]},{"@type":"WebSite","@id":"https:\/\/www.lourdes-france.com\/es\/#website","url":"https:\/\/www.lourdes-france.com\/es\/","name":"Sanctuaire Notre-Dame de Lourdes","description":"","publisher":{"@id":"https:\/\/www.lourdes-france.com\/es\/#organization"},"potentialAction":[{"@type":"SearchAction","target":{"@type":"EntryPoint","urlTemplate":"https:\/\/www.lourdes-france.com\/es\/?s={search_term_string}"},"query-input":{"@type":"PropertyValueSpecification","valueRequired":true,"valueName":"search_term_string"}}],"inLanguage":"es"},{"@type":"Organization","@id":"https:\/\/www.lourdes-france.com\/es\/#organization","name":"Sanctuaire Notre-Dame de Lourdes","url":"https:\/\/www.lourdes-france.com\/es\/","logo":{"@type":"ImageObject","inLanguage":"es","@id":"https:\/\/www.lourdes-france.com\/es\/#\/schema\/logo\/image\/","url":"https:\/\/www.lourdes-france.com\/wp-content\/uploads\/2021\/11\/logo-small.png","contentUrl":"https:\/\/www.lourdes-france.com\/wp-content\/uploads\/2021\/11\/logo-small.png","width":834,"height":521,"caption":"Sanctuaire Notre-Dame de Lourdes"},"image":{"@id":"https:\/\/www.lourdes-france.com\/es\/#\/schema\/logo\/image\/"}},{"@type":"Person","@id":"https:\/\/www.lourdes-france.com\/es\/#\/schema\/person\/cec1bc287296b4aed571d4364999fa69","name":"communication","image":{"@type":"ImageObject","inLanguage":"es","@id":"https:\/\/www.lourdes-france.com\/es\/#\/schema\/person\/image\/","url":"https:\/\/secure.gravatar.com\/avatar\/c941c552c76e46c27f2de2045e73ee4cc48fa8d96f958f26a2362c0c73aaf425?s=96&d=mm&r=g","contentUrl":"https:\/\/secure.gravatar.com\/avatar\/c941c552c76e46c27f2de2045e73ee4cc48fa8d96f958f26a2362c0c73aaf425?s=96&d=mm&r=g","caption":"communication"},"url":"https:\/\/www.lourdes-france.com\/es\/author\/communication\/"}]}},"_links":{"self":[{"href":"https:\/\/www.lourdes-france.com\/es\/wp-json\/wp\/v2\/posts\/811424","targetHints":{"allow":["GET"]}}],"collection":[{"href":"https:\/\/www.lourdes-france.com\/es\/wp-json\/wp\/v2\/posts"}],"about":[{"href":"https:\/\/www.lourdes-france.com\/es\/wp-json\/wp\/v2\/types\/post"}],"author":[{"embeddable":true,"href":"https:\/\/www.lourdes-france.com\/es\/wp-json\/wp\/v2\/users\/9"}],"replies":[{"embeddable":true,"href":"https:\/\/www.lourdes-france.com\/es\/wp-json\/wp\/v2\/comments?post=811424"}],"version-history":[{"count":0,"href":"https:\/\/www.lourdes-france.com\/es\/wp-json\/wp\/v2\/posts\/811424\/revisions"}],"wp:featuredmedia":[{"embeddable":true,"href":"https:\/\/www.lourdes-france.com\/es\/wp-json\/wp\/v2\/media\/811323"}],"wp:attachment":[{"href":"https:\/\/www.lourdes-france.com\/es\/wp-json\/wp\/v2\/media?parent=811424"}],"wp:term":[{"taxonomy":"category","embeddable":true,"href":"https:\/\/www.lourdes-france.com\/es\/wp-json\/wp\/v2\/categories?post=811424"},{"taxonomy":"post_tag","embeddable":true,"href":"https:\/\/www.lourdes-france.com\/es\/wp-json\/wp\/v2\/tags?post=811424"}],"curies":[{"name":"wp","href":"https:\/\/api.w.org\/{rel}","templated":true}]}}