{"id":807035,"date":"2023-06-28T09:40:46","date_gmt":"2023-06-28T07:40:46","guid":{"rendered":"https:\/\/www.lourdes-france.com\/memoire-de-la-dedicace-de-la-basilique-de-limmaculee-conception-a-lourdes\/"},"modified":"2023-06-30T09:45:23","modified_gmt":"2023-06-30T07:45:23","slug":"memoria-de-la-dedicacion-de-la-basilica-de-la-inmaculada-concepcion-en-lourdes","status":"publish","type":"post","link":"https:\/\/www.lourdes-france.com\/es\/memoria-de-la-dedicacion-de-la-basilica-de-la-inmaculada-concepcion-en-lourdes\/","title":{"rendered":"Memoria de la dedicaci\u00f3n de la bas\u00edlica de la Inmaculada Concepci\u00f3n en Lourdes"},"content":{"rendered":"\t\t<div data-elementor-type=\"wp-post\" data-elementor-id=\"807035\" class=\"elementor elementor-807035 elementor-806887\" data-elementor-post-type=\"post\">\n\t\t\t\t\t\t<section class=\"elementor-section elementor-top-section elementor-element elementor-element-41a2f662 elementor-section-boxed elementor-section-height-default elementor-section-height-default\" data-id=\"41a2f662\" data-element_type=\"section\">\n\t\t\t\t\t\t<div class=\"elementor-container elementor-column-gap-no\">\n\t\t\t\t\t<div class=\"elementor-column elementor-col-100 elementor-top-column elementor-element elementor-element-7c7b004c\" data-id=\"7c7b004c\" data-element_type=\"column\">\n\t\t\t<div class=\"elementor-widget-wrap elementor-element-populated\">\n\t\t\t\t\t\t<div class=\"elementor-element elementor-element-8e6c979 elementor-widget elementor-widget-text-editor\" data-id=\"8e6c979\" data-element_type=\"widget\" data-widget_type=\"text-editor.default\">\n\t\t\t\t<div class=\"elementor-widget-container\">\n\t\t\t\t\t\t\t\t\t<p><strong>En este a\u00f1o en el que los peregrinos de Lourdes meditan la palabra de la Virgen: \u00ab<a href=\"https:\/\/www.lourdes-france.org\/wp-content\/uploads\/2022\/10\/ES-2023-Theme-dannee-.pdf\" target=\"_blank\" rel=\"noopener\">Que se construya aqu\u00ed una capilla<\/a>\u00bb, el Santuario hace memoria este domingo 2 de julio de la dedicaci\u00f3n de la bas\u00edlica de la Inmaculada Concepci\u00f3n. <\/strong><\/p>\t\t\t\t\t\t\t\t<\/div>\n\t\t\t\t<\/div>\n\t\t\t\t<div class=\"elementor-element elementor-element-10f6a182 elementor-widget elementor-widget-text-editor\" data-id=\"10f6a182\" data-element_type=\"widget\" data-widget_type=\"text-editor.default\">\n\t\t\t\t<div class=\"elementor-widget-container\">\n\t\t\t\t\t\t\t\t\t<p><strong>El Santuario tambi\u00e9n ha celebrado la dedicaci\u00f3n de otras bas\u00edlicas: el 25 de marzo, la dedicaci\u00f3n de la bas\u00edlica de San P\u00edo X; el 19 de mayo, la dedicaci\u00f3n de la Cripta; y el pr\u00f3ximo 6 de octubre, la dedicaci\u00f3n de la bas\u00edlica del Rosario.<\/strong><\/p><p><strong>El 2 de julio<\/strong>, el Santuario <strong>conmemora la dedicaci\u00f3n de la bas\u00edlica de la Inmaculada Concepci\u00f3n durante la procesi\u00f3n mariana.<\/strong> Esta procesi\u00f3n ser\u00e1 homenajeada del 7 al 9 de julio, cuando se celebrar\u00e1 el 160 aniversario de las procesiones de las antorchas con los hermanos menores capuchinos.<\/p>\t\t\t\t\t\t\t\t<\/div>\n\t\t\t\t<\/div>\n\t\t\t\t<div class=\"elementor-element elementor-element-abfe1d6 elementor-widget elementor-widget-video\" data-id=\"abfe1d6\" data-element_type=\"widget\" data-settings=\"{&quot;youtube_url&quot;:&quot;https:\\\/\\\/www.youtube.com\\\/watch?v=cOifHMZHVJE&quot;,&quot;video_type&quot;:&quot;youtube&quot;,&quot;controls&quot;:&quot;yes&quot;}\" data-widget_type=\"video.default\">\n\t\t\t\t<div class=\"elementor-widget-container\">\n\t\t\t\t\t\t\t<div class=\"elementor-wrapper elementor-open-inline\">\n\t\t\t<div class=\"elementor-video\"><\/div>\t\t<\/div>\n\t\t\t\t\t\t<\/div>\n\t\t\t\t<\/div>\n\t\t\t\t<div class=\"elementor-element elementor-element-70d37b2 elementor-align-center elementor-widget elementor-widget-button\" data-id=\"70d37b2\" data-element_type=\"widget\" data-widget_type=\"button.default\">\n\t\t\t\t<div class=\"elementor-widget-container\">\n\t\t\t\t\t\t\t\t\t<div class=\"elementor-button-wrapper\">\n\t\t\t\t\t<a class=\"elementor-button elementor-button-link elementor-size-sm\" href=\"https:\/\/www.lourdes-france.org\/es\/horarios\/\" target=\"_blank\">\n\t\t\t\t\t\t<span class=\"elementor-button-content-wrapper\">\n\t\t\t\t\t\t\t\t\t<span class=\"elementor-button-text\">Horarios<\/span>\n\t\t\t\t\t<\/span>\n\t\t\t\t\t<\/a>\n\t\t\t\t<\/div>\n\t\t\t\t\t\t\t\t<\/div>\n\t\t\t\t<\/div>\n\t\t\t\t<div class=\"elementor-element elementor-element-5b07b302 elementor-widget elementor-widget-heading\" data-id=\"5b07b302\" data-element_type=\"widget\" data-widget_type=\"heading.default\">\n\t\t\t\t<div class=\"elementor-widget-container\">\n\t\t\t\t\t<h3 class=\"elementor-heading-title elementor-size-default\">Historia<\/h3>\t\t\t\t<\/div>\n\t\t\t\t<\/div>\n\t\t\t\t<div class=\"elementor-element elementor-element-6031e296 elementor-widget elementor-widget-text-editor\" data-id=\"6031e296\" data-element_type=\"widget\" data-widget_type=\"text-editor.default\">\n\t\t\t\t<div class=\"elementor-widget-container\">\n\t\t\t\t\t\t\t\t\t<p>El 2 de marzo de 1858, durante su decimotercera aparici\u00f3n, la Virgen hab\u00eda pedido a Bernardita Soubirous: \u00abVaya a decir a los sacerdotes que se construya aqu\u00ed una capilla\u00bb, petici\u00f3n que fue reiterada los d\u00edas 3 y 4 de marzo. Bernardita transmiti\u00f3 esta petici\u00f3n al p\u00e1rroco de Lourdes. El P. Peyramale, reticente al principio, fue convencido el 25 de marzo cuando Bernardita le comunic\u00f3 el nombre de la \u00abse\u00f1ora\u00bb que le hab\u00eda dicho: <span style=\"text-decoration: underline;\">\u00abYo soy la Inmaculada Concepci\u00f3<\/span>n\u00bb, expresi\u00f3n que no pod\u00eda haber sido inventada por la joven, ignorante y pr\u00e1cticamente analfabeta.<\/p><p>La<strong> bas\u00edlica de la Inmaculada Concepci\u00f3n<\/strong>, tambi\u00e9n conocida como bas\u00edlica Superior, mide 51 metros de largo, 21 metros de ancho y 19 metros de alto. Consta de una nave dividida en nueve tramos iguales. Construida en estilo ojival del siglo XIII, fue bendecida el 15 de agosto de 1871 y consagrada en julio de 1876. En 1908 fue delimitada por dos campanarios que la unen al Rosario.<br \/>Los<strong> vitrales de la bas\u00edlica de la Inmaculada Concepci\u00f3n rememoran la historia de la Virgen Mar\u00eda hasta la proclamaci\u00f3n del dogma de la Inmaculada Concepci\u00f3n<\/strong> por el papa P\u00edo IX en 1854 y las apariciones de Lourdes en 1858. <br \/>El mismo P\u00edo IX est\u00e1 representado en un medall\u00f3n sobre la entrada de la Cripta.<\/p><p>\u00a0<\/p>\t\t\t\t\t\t\t\t<\/div>\n\t\t\t\t<\/div>\n\t\t\t\t\t<\/div>\n\t\t<\/div>\n\t\t\t\t\t<\/div>\n\t\t<\/section>\n\t\t\t\t<section class=\"elementor-section elementor-top-section elementor-element elementor-element-11d5c269 elementor-section-boxed elementor-section-height-default elementor-section-height-default\" data-id=\"11d5c269\" data-element_type=\"section\">\n\t\t\t\t\t\t<div class=\"elementor-container elementor-column-gap-no\">\n\t\t\t\t\t<div class=\"elementor-column elementor-col-100 elementor-top-column elementor-element elementor-element-6f428a8\" data-id=\"6f428a8\" data-element_type=\"column\">\n\t\t\t<div class=\"elementor-widget-wrap elementor-element-populated\">\n\t\t\t\t\t\t<div class=\"elementor-element elementor-element-39279148 elementor-widget elementor-widget-heading\" data-id=\"39279148\" data-element_type=\"widget\" data-widget_type=\"heading.default\">\n\t\t\t\t<div class=\"elementor-widget-container\">\n\t\t\t\t\t<h3 class=\"elementor-heading-title elementor-size-default\">\u00bfQu\u00e9 es una dedicaci\u00f3n?<\/h3>\t\t\t\t<\/div>\n\t\t\t\t<\/div>\n\t\t\t\t<div class=\"elementor-element elementor-element-64883e84 elementor-widget elementor-widget-text-editor\" data-id=\"64883e84\" data-element_type=\"widget\" data-widget_type=\"text-editor.default\">\n\t\t\t\t<div class=\"elementor-widget-container\">\n\t\t\t\t\t\t\t\t\t<p>Un edificio religioso debe ser considerado como lo que es: no es un teatro, ni un museo, ni un inmueble. <strong>Es un edificio religioso, un signo de trascendencia en nuestra sociedad secularizada.<\/strong> <br \/>Al consagrar mediante sus ritos un edificio material hecho por manos humanas, <strong>la dedicaci\u00f3n expresa el misterio mismo de la Iglesia, templo de Dios construido con piedras vivas<\/strong>. La palabra \u00abiglesia\u00bb, cuya etimolog\u00eda significa \u00abasamblea\u00bb, se atribuye entonces al edificio en el que la comunidad cristiana se re\u00fane para escuchar la palabra de Dios, orar en com\u00fan, realizar los sacramentos y celebrar la Eucarist\u00eda. <br \/><strong>La dedicaci\u00f3n da al edificio en cuesti\u00f3n su finalidad y define su naturaleza. La celebraci\u00f3n de la dedicaci\u00f3n de una iglesia es quiz\u00e1 la m\u00e1s completa y significativa de todas las ceremonias lit\u00fargicas.<\/strong><\/p>\t\t\t\t\t\t\t\t<\/div>\n\t\t\t\t<\/div>\n\t\t\t\t\t<\/div>\n\t\t<\/div>\n\t\t\t\t\t<\/div>\n\t\t<\/section>\n\t\t\t\t<section class=\"elementor-section elementor-top-section elementor-element elementor-element-3d5dfa4 elementor-section-boxed elementor-section-height-default elementor-section-height-default\" data-id=\"3d5dfa4\" data-element_type=\"section\">\n\t\t\t\t\t\t<div class=\"elementor-container elementor-column-gap-default\">\n\t\t\t\t\t<div class=\"elementor-column elementor-col-100 elementor-top-column elementor-element elementor-element-5f85067\" data-id=\"5f85067\" data-element_type=\"column\">\n\t\t\t<div class=\"elementor-widget-wrap elementor-element-populated\">\n\t\t\t\t\t\t<section class=\"elementor-section elementor-inner-section elementor-element elementor-element-d662f95 elementor-section-boxed elementor-section-height-default elementor-section-height-default\" data-id=\"d662f95\" data-element_type=\"section\">\n\t\t\t\t\t\t<div class=\"elementor-container elementor-column-gap-default\">\n\t\t\t\t\t<div class=\"elementor-column elementor-col-50 elementor-inner-column elementor-element elementor-element-70818c3\" data-id=\"70818c3\" data-element_type=\"column\">\n\t\t\t<div class=\"elementor-widget-wrap elementor-element-populated\">\n\t\t\t\t\t\t<div class=\"elementor-element elementor-element-549e817 elementor-widget elementor-widget-image\" data-id=\"549e817\" data-element_type=\"widget\" data-widget_type=\"image.default\">\n\t\t\t\t<div class=\"elementor-widget-container\">\n\t\t\t\t\t\t\t\t\t\t\t\t<figure class=\"wp-caption\">\n\t\t\t\t\t\t\t\t\t\t<img fetchpriority=\"high\" decoding=\"async\" width=\"590\" height=\"1024\" src=\"https:\/\/www.lourdes-france.com\/wp-content\/uploads\/2023\/06\/couronnement_1920h-1-590x1024.jpg\" class=\"attachment-large size-large wp-image-806958\" alt=\"\" srcset=\"https:\/\/www.lourdes-france.com\/wp-content\/uploads\/2023\/06\/couronnement_1920h-1-590x1024.jpg 590w, https:\/\/www.lourdes-france.com\/wp-content\/uploads\/2023\/06\/couronnement_1920h-1-173x300.jpg 173w, https:\/\/www.lourdes-france.com\/wp-content\/uploads\/2023\/06\/couronnement_1920h-1-768x1333.jpg 768w, https:\/\/www.lourdes-france.com\/wp-content\/uploads\/2023\/06\/couronnement_1920h-1-885x1536.jpg 885w, https:\/\/www.lourdes-france.com\/wp-content\/uploads\/2023\/06\/couronnement_1920h-1.jpg 1106w\" sizes=\"(max-width: 590px) 100vw, 590px\" \/>\t\t\t\t\t\t\t\t\t\t\t<figcaption class=\"widget-image-caption wp-caption-text\">Foto de la custodia ofrecida con motivo de la dedicaci\u00f3n y que se encuentra actualmente en \tel tesoro<\/figcaption>\n\t\t\t\t\t\t\t\t\t\t<\/figure>\n\t\t\t\t\t\t\t\t\t<\/div>\n\t\t\t\t<\/div>\n\t\t\t\t\t<\/div>\n\t\t<\/div>\n\t\t\t\t<div class=\"elementor-column elementor-col-50 elementor-inner-column elementor-element elementor-element-8175b73\" data-id=\"8175b73\" data-element_type=\"column\">\n\t\t\t<div class=\"elementor-widget-wrap elementor-element-populated\">\n\t\t\t\t\t\t<div class=\"elementor-element elementor-element-661e9cf elementor-widget elementor-widget-image\" data-id=\"661e9cf\" data-element_type=\"widget\" data-widget_type=\"image.default\">\n\t\t\t\t<div class=\"elementor-widget-container\">\n\t\t\t\t\t\t\t\t\t\t\t\t<figure class=\"wp-caption\">\n\t\t\t\t\t\t\t\t\t\t<img decoding=\"async\" width=\"590\" height=\"1024\" src=\"https:\/\/www.lourdes-france.com\/wp-content\/uploads\/2023\/06\/ostensoir1920h-1-590x1024.jpg\" class=\"attachment-large size-large wp-image-806951\" alt=\"\" srcset=\"https:\/\/www.lourdes-france.com\/wp-content\/uploads\/2023\/06\/ostensoir1920h-1-590x1024.jpg 590w, https:\/\/www.lourdes-france.com\/wp-content\/uploads\/2023\/06\/ostensoir1920h-1-173x300.jpg 173w, https:\/\/www.lourdes-france.com\/wp-content\/uploads\/2023\/06\/ostensoir1920h-1-768x1333.jpg 768w, https:\/\/www.lourdes-france.com\/wp-content\/uploads\/2023\/06\/ostensoir1920h-1-885x1536.jpg 885w, https:\/\/www.lourdes-france.com\/wp-content\/uploads\/2023\/06\/ostensoir1920h-1.jpg 1106w\" sizes=\"(max-width: 590px) 100vw, 590px\" \/>\t\t\t\t\t\t\t\t\t\t\t<figcaption class=\"widget-image-caption wp-caption-text\">Photo de l'ostensoir offert \u00e0 l'occasion de la d\u00e9dicace et qui se trouve au tr\u00e9sor<\/figcaption>\n\t\t\t\t\t\t\t\t\t\t<\/figure>\n\t\t\t\t\t\t\t\t\t<\/div>\n\t\t\t\t<\/div>\n\t\t\t\t\t<\/div>\n\t\t<\/div>\n\t\t\t\t\t<\/div>\n\t\t<\/section>\n\t\t\t\t\t<\/div>\n\t\t<\/div>\n\t\t\t\t\t<\/div>\n\t\t<\/section>\n\t\t\t\t<\/div>\n\t\t","protected":false},"excerpt":{"rendered":"<p>En este a\u00f1o en el que los peregrinos de Lourdes meditan la palabra de la Virgen: \u00abQue se construya aqu\u00ed una capilla\u00bb, el Santuario hace memoria este domingo 2 de julio de la dedicaci\u00f3n de la bas\u00edlica de la Inmaculada &hellip; <a href=\"https:\/\/www.lourdes-france.com\/es\/memoria-de-la-dedicacion-de-la-basilica-de-la-inmaculada-concepcion-en-lourdes\/\">Continuar<\/a><\/p>\n","protected":false},"author":9,"featured_media":806895,"comment_status":"closed","ping_status":"closed","sticky":false,"template":"","format":"standard","meta":{"_acf_changed":false,"footnotes":""},"categories":[31],"tags":[],"class_list":["post-807035","post","type-post","status-publish","format-standard","has-post-thumbnail","hentry","category-en-este-momento"],"acf":[],"yoast_head":"<!-- This site is optimized with the Yoast SEO Premium plugin v24.0 (Yoast SEO v26.3) - https:\/\/yoast.com\/wordpress\/plugins\/seo\/ -->\n<title>Memoria de la dedicaci\u00f3n de la bas\u00edlica de la Inmaculada Concepci\u00f3n en Lourdes - Vivre le p\u00e8lerinage de Lourdes<\/title>\n<meta name=\"description\" content=\"En este a\u00f1o en el que los peregrinos de Lourdes meditan la palabra de la Virgen: \u00abQue se construya aqu\u00ed una capilla\u00bb, el Santuario hace memoria este mi\u00e9rcoles 2 de julio de la dedicaci\u00f3n de la bas\u00edlica de la Inmaculada Concepci\u00f3n.\" \/>\n<meta name=\"robots\" content=\"index, follow, max-snippet:-1, max-image-preview:large, max-video-preview:-1\" \/>\n<link rel=\"canonical\" href=\"https:\/\/www.lourdes-france.com\/es\/memoria-de-la-dedicacion-de-la-basilica-de-la-inmaculada-concepcion-en-lourdes\/\" \/>\n<meta property=\"og:locale\" content=\"es_ES\" \/>\n<meta property=\"og:type\" content=\"article\" \/>\n<meta property=\"og:title\" content=\"Memoria de la dedicaci\u00f3n de la bas\u00edlica de la Inmaculada Concepci\u00f3n en Lourdes\" \/>\n<meta property=\"og:description\" content=\"En este a\u00f1o en el que los peregrinos de Lourdes meditan la palabra de la Virgen: \u00abQue se construya aqu\u00ed una capilla\u00bb, el Santuario hace memoria este mi\u00e9rcoles 2 de julio de la dedicaci\u00f3n de la bas\u00edlica de la Inmaculada Concepci\u00f3n.\" \/>\n<meta property=\"og:url\" content=\"https:\/\/www.lourdes-france.com\/es\/memoria-de-la-dedicacion-de-la-basilica-de-la-inmaculada-concepcion-en-lourdes\/\" \/>\n<meta property=\"og:site_name\" content=\"Vivre le p\u00e8lerinage de Lourdes\" \/>\n<meta property=\"article:published_time\" content=\"2023-06-28T07:40:46+00:00\" \/>\n<meta property=\"article:modified_time\" content=\"2023-06-30T07:45:23+00:00\" \/>\n<meta property=\"og:image\" content=\"https:\/\/www.lourdes-france.com\/wp-content\/uploads\/2023\/06\/bandeau-4.jpg\" \/>\n\t<meta property=\"og:image:width\" content=\"1920\" \/>\n\t<meta property=\"og:image:height\" content=\"1280\" \/>\n\t<meta property=\"og:image:type\" content=\"image\/jpeg\" \/>\n<meta name=\"author\" content=\"communication\" \/>\n<meta name=\"twitter:card\" content=\"summary_large_image\" \/>\n<meta name=\"twitter:label1\" content=\"Escrito por\" \/>\n\t<meta name=\"twitter:data1\" content=\"communication\" \/>\n<script type=\"application\/ld+json\" class=\"yoast-schema-graph\">{\"@context\":\"https:\/\/schema.org\",\"@graph\":[{\"@type\":\"Article\",\"@id\":\"https:\/\/www.lourdes-france.com\/es\/memoria-de-la-dedicacion-de-la-basilica-de-la-inmaculada-concepcion-en-lourdes\/#article\",\"isPartOf\":{\"@id\":\"https:\/\/www.lourdes-france.com\/es\/memoria-de-la-dedicacion-de-la-basilica-de-la-inmaculada-concepcion-en-lourdes\/\"},\"author\":{\"name\":\"communication\",\"@id\":\"https:\/\/www.lourdes-france.com\/es\/#\/schema\/person\/cec1bc287296b4aed571d4364999fa69\"},\"headline\":\"Memoria de la dedicaci\u00f3n de la bas\u00edlica de la Inmaculada Concepci\u00f3n en Lourdes\",\"datePublished\":\"2023-06-28T07:40:46+00:00\",\"dateModified\":\"2023-06-30T07:45:23+00:00\",\"mainEntityOfPage\":{\"@id\":\"https:\/\/www.lourdes-france.com\/es\/memoria-de-la-dedicacion-de-la-basilica-de-la-inmaculada-concepcion-en-lourdes\/\"},\"wordCount\":574,\"publisher\":{\"@id\":\"https:\/\/www.lourdes-france.com\/es\/#organization\"},\"image\":{\"@id\":\"https:\/\/www.lourdes-france.com\/es\/memoria-de-la-dedicacion-de-la-basilica-de-la-inmaculada-concepcion-en-lourdes\/#primaryimage\"},\"thumbnailUrl\":\"https:\/\/www.lourdes-france.com\/wp-content\/uploads\/2023\/06\/bandeau-4.jpg\",\"articleSection\":[\"En este momento\"],\"inLanguage\":\"es\"},{\"@type\":\"WebPage\",\"@id\":\"https:\/\/www.lourdes-france.com\/es\/memoria-de-la-dedicacion-de-la-basilica-de-la-inmaculada-concepcion-en-lourdes\/\",\"url\":\"https:\/\/www.lourdes-france.com\/es\/memoria-de-la-dedicacion-de-la-basilica-de-la-inmaculada-concepcion-en-lourdes\/\",\"name\":\"Memoria de la dedicaci\u00f3n de la bas\u00edlica de la Inmaculada Concepci\u00f3n en Lourdes - Vivre le p\u00e8lerinage de Lourdes\",\"isPartOf\":{\"@id\":\"https:\/\/www.lourdes-france.com\/es\/#website\"},\"primaryImageOfPage\":{\"@id\":\"https:\/\/www.lourdes-france.com\/es\/memoria-de-la-dedicacion-de-la-basilica-de-la-inmaculada-concepcion-en-lourdes\/#primaryimage\"},\"image\":{\"@id\":\"https:\/\/www.lourdes-france.com\/es\/memoria-de-la-dedicacion-de-la-basilica-de-la-inmaculada-concepcion-en-lourdes\/#primaryimage\"},\"thumbnailUrl\":\"https:\/\/www.lourdes-france.com\/wp-content\/uploads\/2023\/06\/bandeau-4.jpg\",\"datePublished\":\"2023-06-28T07:40:46+00:00\",\"dateModified\":\"2023-06-30T07:45:23+00:00\",\"description\":\"En este a\u00f1o en el que los peregrinos de Lourdes meditan la palabra de la Virgen: \u00abQue se construya aqu\u00ed una capilla\u00bb, el Santuario hace memoria este mi\u00e9rcoles 2 de julio de la dedicaci\u00f3n de la bas\u00edlica de la Inmaculada Concepci\u00f3n.\",\"breadcrumb\":{\"@id\":\"https:\/\/www.lourdes-france.com\/es\/memoria-de-la-dedicacion-de-la-basilica-de-la-inmaculada-concepcion-en-lourdes\/#breadcrumb\"},\"inLanguage\":\"es\",\"potentialAction\":[{\"@type\":\"ReadAction\",\"target\":[\"https:\/\/www.lourdes-france.com\/es\/memoria-de-la-dedicacion-de-la-basilica-de-la-inmaculada-concepcion-en-lourdes\/\"]}]},{\"@type\":\"ImageObject\",\"inLanguage\":\"es\",\"@id\":\"https:\/\/www.lourdes-france.com\/es\/memoria-de-la-dedicacion-de-la-basilica-de-la-inmaculada-concepcion-en-lourdes\/#primaryimage\",\"url\":\"https:\/\/www.lourdes-france.com\/wp-content\/uploads\/2023\/06\/bandeau-4.jpg\",\"contentUrl\":\"https:\/\/www.lourdes-france.com\/wp-content\/uploads\/2023\/06\/bandeau-4.jpg\",\"width\":1920,\"height\":1280},{\"@type\":\"BreadcrumbList\",\"@id\":\"https:\/\/www.lourdes-france.com\/es\/memoria-de-la-dedicacion-de-la-basilica-de-la-inmaculada-concepcion-en-lourdes\/#breadcrumb\",\"itemListElement\":[{\"@type\":\"ListItem\",\"position\":1,\"name\":\"Accueil\",\"item\":\"https:\/\/www.lourdes-france.com\/es\/\"},{\"@type\":\"ListItem\",\"position\":2,\"name\":\"Memoria de la dedicaci\u00f3n de la bas\u00edlica de la Inmaculada Concepci\u00f3n en Lourdes\"}]},{\"@type\":\"WebSite\",\"@id\":\"https:\/\/www.lourdes-france.com\/es\/#website\",\"url\":\"https:\/\/www.lourdes-france.com\/es\/\",\"name\":\"Sanctuaire Notre-Dame de Lourdes\",\"description\":\"\",\"publisher\":{\"@id\":\"https:\/\/www.lourdes-france.com\/es\/#organization\"},\"potentialAction\":[{\"@type\":\"SearchAction\",\"target\":{\"@type\":\"EntryPoint\",\"urlTemplate\":\"https:\/\/www.lourdes-france.com\/es\/?s={search_term_string}\"},\"query-input\":{\"@type\":\"PropertyValueSpecification\",\"valueRequired\":true,\"valueName\":\"search_term_string\"}}],\"inLanguage\":\"es\"},{\"@type\":\"Organization\",\"@id\":\"https:\/\/www.lourdes-france.com\/es\/#organization\",\"name\":\"Sanctuaire Notre-Dame de Lourdes\",\"url\":\"https:\/\/www.lourdes-france.com\/es\/\",\"logo\":{\"@type\":\"ImageObject\",\"inLanguage\":\"es\",\"@id\":\"https:\/\/www.lourdes-france.com\/es\/#\/schema\/logo\/image\/\",\"url\":\"https:\/\/www.lourdes-france.com\/wp-content\/uploads\/2021\/11\/logo-small.png\",\"contentUrl\":\"https:\/\/www.lourdes-france.com\/wp-content\/uploads\/2021\/11\/logo-small.png\",\"width\":834,\"height\":521,\"caption\":\"Sanctuaire Notre-Dame de Lourdes\"},\"image\":{\"@id\":\"https:\/\/www.lourdes-france.com\/es\/#\/schema\/logo\/image\/\"}},{\"@type\":\"Person\",\"@id\":\"https:\/\/www.lourdes-france.com\/es\/#\/schema\/person\/cec1bc287296b4aed571d4364999fa69\",\"name\":\"communication\",\"image\":{\"@type\":\"ImageObject\",\"inLanguage\":\"es\",\"@id\":\"https:\/\/www.lourdes-france.com\/es\/#\/schema\/person\/image\/\",\"url\":\"https:\/\/secure.gravatar.com\/avatar\/c941c552c76e46c27f2de2045e73ee4cc48fa8d96f958f26a2362c0c73aaf425?s=96&d=mm&r=g\",\"contentUrl\":\"https:\/\/secure.gravatar.com\/avatar\/c941c552c76e46c27f2de2045e73ee4cc48fa8d96f958f26a2362c0c73aaf425?s=96&d=mm&r=g\",\"caption\":\"communication\"},\"url\":\"https:\/\/www.lourdes-france.com\/es\/author\/communication\/\"}]}<\/script>\n<!-- \/ Yoast SEO Premium plugin. -->","yoast_head_json":{"title":"Memoria de la dedicaci\u00f3n de la bas\u00edlica de la Inmaculada Concepci\u00f3n en Lourdes - Vivre le p\u00e8lerinage de Lourdes","description":"En este a\u00f1o en el que los peregrinos de Lourdes meditan la palabra de la Virgen: \u00abQue se construya aqu\u00ed una capilla\u00bb, el Santuario hace memoria este mi\u00e9rcoles 2 de julio de la dedicaci\u00f3n de la bas\u00edlica de la Inmaculada Concepci\u00f3n.","robots":{"index":"index","follow":"follow","max-snippet":"max-snippet:-1","max-image-preview":"max-image-preview:large","max-video-preview":"max-video-preview:-1"},"canonical":"https:\/\/www.lourdes-france.com\/es\/memoria-de-la-dedicacion-de-la-basilica-de-la-inmaculada-concepcion-en-lourdes\/","og_locale":"es_ES","og_type":"article","og_title":"Memoria de la dedicaci\u00f3n de la bas\u00edlica de la Inmaculada Concepci\u00f3n en Lourdes","og_description":"En este a\u00f1o en el que los peregrinos de Lourdes meditan la palabra de la Virgen: \u00abQue se construya aqu\u00ed una capilla\u00bb, el Santuario hace memoria este mi\u00e9rcoles 2 de julio de la dedicaci\u00f3n de la bas\u00edlica de la Inmaculada Concepci\u00f3n.","og_url":"https:\/\/www.lourdes-france.com\/es\/memoria-de-la-dedicacion-de-la-basilica-de-la-inmaculada-concepcion-en-lourdes\/","og_site_name":"Vivre le p\u00e8lerinage de Lourdes","article_published_time":"2023-06-28T07:40:46+00:00","article_modified_time":"2023-06-30T07:45:23+00:00","og_image":[{"width":1920,"height":1280,"url":"https:\/\/www.lourdes-france.com\/wp-content\/uploads\/2023\/06\/bandeau-4.jpg","type":"image\/jpeg"}],"author":"communication","twitter_card":"summary_large_image","twitter_misc":{"Escrito por":"communication"},"schema":{"@context":"https:\/\/schema.org","@graph":[{"@type":"Article","@id":"https:\/\/www.lourdes-france.com\/es\/memoria-de-la-dedicacion-de-la-basilica-de-la-inmaculada-concepcion-en-lourdes\/#article","isPartOf":{"@id":"https:\/\/www.lourdes-france.com\/es\/memoria-de-la-dedicacion-de-la-basilica-de-la-inmaculada-concepcion-en-lourdes\/"},"author":{"name":"communication","@id":"https:\/\/www.lourdes-france.com\/es\/#\/schema\/person\/cec1bc287296b4aed571d4364999fa69"},"headline":"Memoria de la dedicaci\u00f3n de la bas\u00edlica de la Inmaculada Concepci\u00f3n en Lourdes","datePublished":"2023-06-28T07:40:46+00:00","dateModified":"2023-06-30T07:45:23+00:00","mainEntityOfPage":{"@id":"https:\/\/www.lourdes-france.com\/es\/memoria-de-la-dedicacion-de-la-basilica-de-la-inmaculada-concepcion-en-lourdes\/"},"wordCount":574,"publisher":{"@id":"https:\/\/www.lourdes-france.com\/es\/#organization"},"image":{"@id":"https:\/\/www.lourdes-france.com\/es\/memoria-de-la-dedicacion-de-la-basilica-de-la-inmaculada-concepcion-en-lourdes\/#primaryimage"},"thumbnailUrl":"https:\/\/www.lourdes-france.com\/wp-content\/uploads\/2023\/06\/bandeau-4.jpg","articleSection":["En este momento"],"inLanguage":"es"},{"@type":"WebPage","@id":"https:\/\/www.lourdes-france.com\/es\/memoria-de-la-dedicacion-de-la-basilica-de-la-inmaculada-concepcion-en-lourdes\/","url":"https:\/\/www.lourdes-france.com\/es\/memoria-de-la-dedicacion-de-la-basilica-de-la-inmaculada-concepcion-en-lourdes\/","name":"Memoria de la dedicaci\u00f3n de la bas\u00edlica de la Inmaculada Concepci\u00f3n en Lourdes - Vivre le p\u00e8lerinage de Lourdes","isPartOf":{"@id":"https:\/\/www.lourdes-france.com\/es\/#website"},"primaryImageOfPage":{"@id":"https:\/\/www.lourdes-france.com\/es\/memoria-de-la-dedicacion-de-la-basilica-de-la-inmaculada-concepcion-en-lourdes\/#primaryimage"},"image":{"@id":"https:\/\/www.lourdes-france.com\/es\/memoria-de-la-dedicacion-de-la-basilica-de-la-inmaculada-concepcion-en-lourdes\/#primaryimage"},"thumbnailUrl":"https:\/\/www.lourdes-france.com\/wp-content\/uploads\/2023\/06\/bandeau-4.jpg","datePublished":"2023-06-28T07:40:46+00:00","dateModified":"2023-06-30T07:45:23+00:00","description":"En este a\u00f1o en el que los peregrinos de Lourdes meditan la palabra de la Virgen: \u00abQue se construya aqu\u00ed una capilla\u00bb, el Santuario hace memoria este mi\u00e9rcoles 2 de julio de la dedicaci\u00f3n de la bas\u00edlica de la Inmaculada Concepci\u00f3n.","breadcrumb":{"@id":"https:\/\/www.lourdes-france.com\/es\/memoria-de-la-dedicacion-de-la-basilica-de-la-inmaculada-concepcion-en-lourdes\/#breadcrumb"},"inLanguage":"es","potentialAction":[{"@type":"ReadAction","target":["https:\/\/www.lourdes-france.com\/es\/memoria-de-la-dedicacion-de-la-basilica-de-la-inmaculada-concepcion-en-lourdes\/"]}]},{"@type":"ImageObject","inLanguage":"es","@id":"https:\/\/www.lourdes-france.com\/es\/memoria-de-la-dedicacion-de-la-basilica-de-la-inmaculada-concepcion-en-lourdes\/#primaryimage","url":"https:\/\/www.lourdes-france.com\/wp-content\/uploads\/2023\/06\/bandeau-4.jpg","contentUrl":"https:\/\/www.lourdes-france.com\/wp-content\/uploads\/2023\/06\/bandeau-4.jpg","width":1920,"height":1280},{"@type":"BreadcrumbList","@id":"https:\/\/www.lourdes-france.com\/es\/memoria-de-la-dedicacion-de-la-basilica-de-la-inmaculada-concepcion-en-lourdes\/#breadcrumb","itemListElement":[{"@type":"ListItem","position":1,"name":"Accueil","item":"https:\/\/www.lourdes-france.com\/es\/"},{"@type":"ListItem","position":2,"name":"Memoria de la dedicaci\u00f3n de la bas\u00edlica de la Inmaculada Concepci\u00f3n en Lourdes"}]},{"@type":"WebSite","@id":"https:\/\/www.lourdes-france.com\/es\/#website","url":"https:\/\/www.lourdes-france.com\/es\/","name":"Sanctuaire Notre-Dame de Lourdes","description":"","publisher":{"@id":"https:\/\/www.lourdes-france.com\/es\/#organization"},"potentialAction":[{"@type":"SearchAction","target":{"@type":"EntryPoint","urlTemplate":"https:\/\/www.lourdes-france.com\/es\/?s={search_term_string}"},"query-input":{"@type":"PropertyValueSpecification","valueRequired":true,"valueName":"search_term_string"}}],"inLanguage":"es"},{"@type":"Organization","@id":"https:\/\/www.lourdes-france.com\/es\/#organization","name":"Sanctuaire Notre-Dame de Lourdes","url":"https:\/\/www.lourdes-france.com\/es\/","logo":{"@type":"ImageObject","inLanguage":"es","@id":"https:\/\/www.lourdes-france.com\/es\/#\/schema\/logo\/image\/","url":"https:\/\/www.lourdes-france.com\/wp-content\/uploads\/2021\/11\/logo-small.png","contentUrl":"https:\/\/www.lourdes-france.com\/wp-content\/uploads\/2021\/11\/logo-small.png","width":834,"height":521,"caption":"Sanctuaire Notre-Dame de Lourdes"},"image":{"@id":"https:\/\/www.lourdes-france.com\/es\/#\/schema\/logo\/image\/"}},{"@type":"Person","@id":"https:\/\/www.lourdes-france.com\/es\/#\/schema\/person\/cec1bc287296b4aed571d4364999fa69","name":"communication","image":{"@type":"ImageObject","inLanguage":"es","@id":"https:\/\/www.lourdes-france.com\/es\/#\/schema\/person\/image\/","url":"https:\/\/secure.gravatar.com\/avatar\/c941c552c76e46c27f2de2045e73ee4cc48fa8d96f958f26a2362c0c73aaf425?s=96&d=mm&r=g","contentUrl":"https:\/\/secure.gravatar.com\/avatar\/c941c552c76e46c27f2de2045e73ee4cc48fa8d96f958f26a2362c0c73aaf425?s=96&d=mm&r=g","caption":"communication"},"url":"https:\/\/www.lourdes-france.com\/es\/author\/communication\/"}]}},"_links":{"self":[{"href":"https:\/\/www.lourdes-france.com\/es\/wp-json\/wp\/v2\/posts\/807035","targetHints":{"allow":["GET"]}}],"collection":[{"href":"https:\/\/www.lourdes-france.com\/es\/wp-json\/wp\/v2\/posts"}],"about":[{"href":"https:\/\/www.lourdes-france.com\/es\/wp-json\/wp\/v2\/types\/post"}],"author":[{"embeddable":true,"href":"https:\/\/www.lourdes-france.com\/es\/wp-json\/wp\/v2\/users\/9"}],"replies":[{"embeddable":true,"href":"https:\/\/www.lourdes-france.com\/es\/wp-json\/wp\/v2\/comments?post=807035"}],"version-history":[{"count":0,"href":"https:\/\/www.lourdes-france.com\/es\/wp-json\/wp\/v2\/posts\/807035\/revisions"}],"wp:featuredmedia":[{"embeddable":true,"href":"https:\/\/www.lourdes-france.com\/es\/wp-json\/wp\/v2\/media\/806895"}],"wp:attachment":[{"href":"https:\/\/www.lourdes-france.com\/es\/wp-json\/wp\/v2\/media?parent=807035"}],"wp:term":[{"taxonomy":"category","embeddable":true,"href":"https:\/\/www.lourdes-france.com\/es\/wp-json\/wp\/v2\/categories?post=807035"},{"taxonomy":"post_tag","embeddable":true,"href":"https:\/\/www.lourdes-france.com\/es\/wp-json\/wp\/v2\/tags?post=807035"}],"curies":[{"name":"wp","href":"https:\/\/api.w.org\/{rel}","templated":true}]}}