{"id":800135,"date":"2023-03-20T10:12:08","date_gmt":"2023-03-20T09:12:08","guid":{"rendered":"https:\/\/www.lourdes-france.com\/paques-premieres-processions-de-lannee\/"},"modified":"2023-03-22T10:14:41","modified_gmt":"2023-03-22T09:14:41","slug":"paques-premieres-processions-de-lannee","status":"publish","type":"post","link":"https:\/\/www.lourdes-france.com\/es\/paques-premieres-processions-de-lannee\/","title":{"rendered":"<strong>Domingo de Pascua, primera procesi\u00f3n el a\u00f1o<\/strong>"},"content":{"rendered":"\t\t<div data-elementor-type=\"wp-post\" data-elementor-id=\"800135\" class=\"elementor elementor-800135 elementor-800063\" data-elementor-post-type=\"post\">\n\t\t\t\t\t\t<section class=\"elementor-section elementor-top-section elementor-element elementor-element-6d75ef9c elementor-section-boxed elementor-section-height-default elementor-section-height-default\" data-id=\"6d75ef9c\" data-element_type=\"section\">\n\t\t\t\t\t\t<div class=\"elementor-container elementor-column-gap-no\">\n\t\t\t\t\t<div class=\"elementor-column elementor-col-100 elementor-top-column elementor-element elementor-element-1c99f266\" data-id=\"1c99f266\" data-element_type=\"column\">\n\t\t\t<div class=\"elementor-widget-wrap elementor-element-populated\">\n\t\t\t\t\t\t<div class=\"elementor-element elementor-element-ef44a68 elementor-widget elementor-widget-text-editor\" data-id=\"ef44a68\" data-element_type=\"widget\" data-widget_type=\"text-editor.default\">\n\t\t\t\t<div class=\"elementor-widget-container\">\n\t\t\t\t\t\t\t\t\t<p><strong>La forma m\u00e1s conocida, y sin duda la m\u00e1s conmovedora, de \u00abvenir aqu\u00ed en procesi\u00f3n\u00bb, como nos pide la Virgen Mar\u00eda, es participar en la <a href=\"https:\/\/www.lourdes-france.com\/es\/peregrino-por-un-dia\/procesion-mariana-de-las-antorchas\/\" target=\"_blank\" rel=\"noopener\">Procesi\u00f3n de las Antorchas<\/a>. <br \/>Con peregrinos de todo el mundo, rezando el rosario y cantando el Ave Mar\u00eda de Lourdes, seguimos y llevamos la luz de Cristo para reavivar nuestra fe y fortalecer nuestra esperanza.<\/strong><\/p>\t\t\t\t\t\t\t\t<\/div>\n\t\t\t\t<\/div>\n\t\t\t\t<div class=\"elementor-element elementor-element-3f3a830 elementor-align-center elementor-widget elementor-widget-button\" data-id=\"3f3a830\" data-element_type=\"widget\" data-widget_type=\"button.default\">\n\t\t\t\t<div class=\"elementor-widget-container\">\n\t\t\t\t\t\t\t\t\t<div class=\"elementor-button-wrapper\">\n\t\t\t\t\t<a class=\"elementor-button elementor-button-link elementor-size-sm\" href=\"https:\/\/www.lourdes-france.com\/es\/peregrino-por-un-dia\/semana-santa-y-pascua-en-lourdes\/\" target=\"_blank\">\n\t\t\t\t\t\t<span class=\"elementor-button-content-wrapper\">\n\t\t\t\t\t\t\t\t\t<span class=\"elementor-button-text\">Programa para la Semana Santa<\/span>\n\t\t\t\t\t<\/span>\n\t\t\t\t\t<\/a>\n\t\t\t\t<\/div>\n\t\t\t\t\t\t\t\t<\/div>\n\t\t\t\t<\/div>\n\t\t\t\t<div class=\"elementor-element elementor-element-67b362fa elementor-widget elementor-widget-text-editor\" data-id=\"67b362fa\" data-element_type=\"widget\" data-widget_type=\"text-editor.default\">\n\t\t\t\t<div class=\"elementor-widget-container\">\n\t\t\t\t\t\t\t\t\t<p><strong>El d\u00eda de Pascua, 9 de abril, el Santuario de Lourdes invita a los socio profesionales de Lourdes a la primera procesi\u00f3n de la temporada de peregrinaciones.<\/strong><\/p>\t\t\t\t\t\t\t\t<\/div>\n\t\t\t\t<\/div>\n\t\t\t\t<div class=\"elementor-element elementor-element-11282cb5 elementor-widget elementor-widget-heading\" data-id=\"11282cb5\" data-element_type=\"widget\" data-widget_type=\"heading.default\">\n\t\t\t\t<div class=\"elementor-widget-container\">\n\t\t\t\t\t<h3 class=\"elementor-heading-title elementor-size-default\">Programa del D\u00eda de Pascua<\/h3>\t\t\t\t<\/div>\n\t\t\t\t<\/div>\n\t\t\t\t\t<\/div>\n\t\t<\/div>\n\t\t\t\t\t<\/div>\n\t\t<\/section>\n\t\t\t\t<section class=\"elementor-section elementor-top-section elementor-element elementor-element-a3f94c3 elementor-section-boxed elementor-section-height-default elementor-section-height-default\" data-id=\"a3f94c3\" data-element_type=\"section\">\n\t\t\t\t\t\t<div class=\"elementor-container elementor-column-gap-default\">\n\t\t\t\t\t<div class=\"elementor-column elementor-col-100 elementor-top-column elementor-element elementor-element-f75ec8a\" data-id=\"f75ec8a\" data-element_type=\"column\">\n\t\t\t<div class=\"elementor-widget-wrap elementor-element-populated\">\n\t\t\t\t\t\t<section class=\"elementor-section elementor-inner-section elementor-element elementor-element-567d0cb elementor-section-boxed elementor-section-height-default elementor-section-height-default\" data-id=\"567d0cb\" data-element_type=\"section\">\n\t\t\t\t\t\t<div class=\"elementor-container elementor-column-gap-default\">\n\t\t\t\t\t<div class=\"elementor-column elementor-col-50 elementor-inner-column elementor-element elementor-element-f045d6f\" data-id=\"f045d6f\" data-element_type=\"column\">\n\t\t\t<div class=\"elementor-widget-wrap elementor-element-populated\">\n\t\t\t\t\t\t<div class=\"elementor-element elementor-element-0cf42f8 elementor-widget elementor-widget-image\" data-id=\"0cf42f8\" data-element_type=\"widget\" data-widget_type=\"image.default\">\n\t\t\t\t<div class=\"elementor-widget-container\">\n\t\t\t\t\t\t\t\t\t\t\t\t\t\t\t<img fetchpriority=\"high\" decoding=\"async\" width=\"1024\" height=\"872\" src=\"https:\/\/www.lourdes-france.com\/wp-content\/uploads\/2023\/03\/Resurrection-1024x872.jpg\" class=\"attachment-large size-large wp-image-799766\" alt=\"\" srcset=\"https:\/\/www.lourdes-france.com\/wp-content\/uploads\/2023\/03\/Resurrection-1024x872.jpg 1024w, https:\/\/www.lourdes-france.com\/wp-content\/uploads\/2023\/03\/Resurrection-300x256.jpg 300w, https:\/\/www.lourdes-france.com\/wp-content\/uploads\/2023\/03\/Resurrection-768x654.jpg 768w, https:\/\/www.lourdes-france.com\/wp-content\/uploads\/2023\/03\/Resurrection-1536x1308.jpg 1536w, https:\/\/www.lourdes-france.com\/wp-content\/uploads\/2023\/03\/Resurrection-2048x1744.jpg 2048w\" sizes=\"(max-width: 1024px) 100vw, 1024px\" \/>\t\t\t\t\t\t\t\t\t\t\t\t\t\t\t<\/div>\n\t\t\t\t<\/div>\n\t\t\t\t\t<\/div>\n\t\t<\/div>\n\t\t\t\t<div class=\"elementor-column elementor-col-50 elementor-inner-column elementor-element elementor-element-c721263\" data-id=\"c721263\" data-element_type=\"column\">\n\t\t\t<div class=\"elementor-widget-wrap elementor-element-populated\">\n\t\t\t\t\t\t<div class=\"elementor-element elementor-element-a5da61d elementor-widget elementor-widget-text-editor\" data-id=\"a5da61d\" data-element_type=\"widget\" data-widget_type=\"text-editor.default\">\n\t\t\t\t<div class=\"elementor-widget-container\">\n\t\t\t\t\t\t\t\t\t<p><strong>7.00: Misa en la Cripta<\/strong><br \/><strong>8.00: Misa en la capilla de la Adoraci\u00f3n<\/strong><br \/><strong>9.00: Misa en la bas\u00edlica de la Inmaculada Concepci\u00f3n<\/strong><br \/><strong>9.30: <span style=\"text-decoration: underline;\">Misa internacional en la bas\u00edlica de San P\u00edo X<\/span><\/strong><br \/><strong>10.00: Misa en la Gruta<\/strong><br \/><strong>11.15: <span style=\"text-decoration: underline;\">Misa en la capilla de San Jos\u00e9<\/span> (ES)<\/strong><\/p><p><strong>15.00: Rosario en la Gruta (ingl\u00e9s), en directo por TV Lourdes<\/strong><br \/><strong>15.30: Rosario en la Gruta (franc\u00e9s), en directo por TV Lourdes<\/strong><br \/><strong>16.15:Rosario en la Gruta (espa\u00f1ol), en <a href=\"https:\/\/www.lourdes-france.org\/es\/tv-lourdes\/\" target=\"_blank\" rel=\"noopener\">directo por TV Lourdes<\/a><\/strong><\/p><p><strong>17.00: <span style=\"text-decoration: underline;\">Procesi\u00f3n del Sant\u00edsimo y bendici\u00f3n de los enfermos<\/span><\/strong><br \/><strong>18.00: Rosario en la Gruta (italiano), en directo por TV Lourdes <\/strong><br \/><strong>18.30: Misa en la bas \u00edlica del Rosario<\/strong><\/p><p><strong>21.00: <span style=\"text-decoration: underline;\">Procesi\u00f3n mariana de las antorchas<\/span><\/strong><\/p>\t\t\t\t\t\t\t\t<\/div>\n\t\t\t\t<\/div>\n\t\t\t\t\t<\/div>\n\t\t<\/div>\n\t\t\t\t\t<\/div>\n\t\t<\/section>\n\t\t\t\t\t<\/div>\n\t\t<\/div>\n\t\t\t\t\t<\/div>\n\t\t<\/section>\n\t\t\t\t<section class=\"elementor-section elementor-top-section elementor-element elementor-element-5479b79 elementor-section-boxed elementor-section-height-default elementor-section-height-default\" data-id=\"5479b79\" data-element_type=\"section\">\n\t\t\t\t\t\t<div class=\"elementor-container elementor-column-gap-default\">\n\t\t\t\t\t<div class=\"elementor-column elementor-col-100 elementor-top-column elementor-element elementor-element-8b51661\" data-id=\"8b51661\" data-element_type=\"column\">\n\t\t\t<div class=\"elementor-widget-wrap elementor-element-populated\">\n\t\t\t\t\t\t<div class=\"elementor-element elementor-element-61bb86a elementor-widget elementor-widget-text-editor\" data-id=\"61bb86a\" data-element_type=\"widget\" data-widget_type=\"text-editor.default\">\n\t\t\t\t<div class=\"elementor-widget-container\">\n\t\t\t\t\t\t\t\t\t<p><strong>A esta hora de entrada en la noche, la tierra llena de luz parece tocar suavemente el cielo, acogiendo su misterio y su claridad. La <a href=\"https:\/\/www.lourdes-france.com\/es\/peregrino-por-un-dia\/procesion-mariana-de-las-antorchas\/\" target=\"_blank\" rel=\"noopener\">Procesi\u00f3n de las Antorchas<\/a>, tambi\u00e9n conocida como Procesi\u00f3n Mariana, tiene lugar todos los d\u00edas a las 21:00 horas y ofrece una de las caras m\u00e1s bellas de Lourdes.<\/strong><\/p>\t\t\t\t\t\t\t\t<\/div>\n\t\t\t\t<\/div>\n\t\t\t\t\t<\/div>\n\t\t<\/div>\n\t\t\t\t\t<\/div>\n\t\t<\/section>\n\t\t\t\t<section class=\"elementor-section elementor-top-section elementor-element elementor-element-fb449d5 elementor-section-boxed elementor-section-height-default elementor-section-height-default\" data-id=\"fb449d5\" data-element_type=\"section\">\n\t\t\t\t\t\t<div class=\"elementor-container elementor-column-gap-default\">\n\t\t\t\t\t<div class=\"elementor-column elementor-col-100 elementor-top-column elementor-element elementor-element-b250c58\" data-id=\"b250c58\" data-element_type=\"column\">\n\t\t\t<div class=\"elementor-widget-wrap elementor-element-populated\">\n\t\t\t\t\t\t<div class=\"elementor-element elementor-element-d65f2c7 elementor-widget elementor-widget-image\" data-id=\"d65f2c7\" data-element_type=\"widget\" data-widget_type=\"image.default\">\n\t\t\t\t<div class=\"elementor-widget-container\">\n\t\t\t\t\t\t\t\t\t\t\t\t\t\t\t<img decoding=\"async\" width=\"1024\" height=\"683\" src=\"https:\/\/www.lourdes-france.com\/wp-content\/uploads\/2023\/03\/Procession-1024x683.jpg\" class=\"attachment-large size-large wp-image-800083\" alt=\"\" srcset=\"https:\/\/www.lourdes-france.com\/wp-content\/uploads\/2023\/03\/Procession-1024x683.jpg 1024w, https:\/\/www.lourdes-france.com\/wp-content\/uploads\/2023\/03\/Procession-300x200.jpg 300w, https:\/\/www.lourdes-france.com\/wp-content\/uploads\/2023\/03\/Procession-768x512.jpg 768w, https:\/\/www.lourdes-france.com\/wp-content\/uploads\/2023\/03\/Procession-1536x1024.jpg 1536w, https:\/\/www.lourdes-france.com\/wp-content\/uploads\/2023\/03\/Procession-2048x1365.jpg 2048w\" sizes=\"(max-width: 1024px) 100vw, 1024px\" \/>\t\t\t\t\t\t\t\t\t\t\t\t\t\t\t<\/div>\n\t\t\t\t<\/div>\n\t\t\t\t\t<\/div>\n\t\t<\/div>\n\t\t\t\t\t<\/div>\n\t\t<\/section>\n\t\t\t\t<section class=\"elementor-section elementor-top-section elementor-element elementor-element-47a0363 elementor-section-boxed elementor-section-height-default elementor-section-height-default\" data-id=\"47a0363\" data-element_type=\"section\">\n\t\t\t\t\t\t<div class=\"elementor-container elementor-column-gap-default\">\n\t\t\t\t\t<div class=\"elementor-column elementor-col-100 elementor-top-column elementor-element elementor-element-8d3d5fc\" data-id=\"8d3d5fc\" data-element_type=\"column\">\n\t\t\t<div class=\"elementor-widget-wrap elementor-element-populated\">\n\t\t\t\t\t\t<div class=\"elementor-element elementor-element-b0325d3 elementor-widget elementor-widget-heading\" data-id=\"b0325d3\" data-element_type=\"widget\" data-widget_type=\"heading.default\">\n\t\t\t\t<div class=\"elementor-widget-container\">\n\t\t\t\t\t<h2 class=\"elementor-heading-title elementor-size-default\">Informaci\u00f3n:<\/h2>\t\t\t\t<\/div>\n\t\t\t\t<\/div>\n\t\t\t\t\t<\/div>\n\t\t<\/div>\n\t\t\t\t\t<\/div>\n\t\t<\/section>\n\t\t\t\t<section class=\"elementor-section elementor-top-section elementor-element elementor-element-f2db346 elementor-section-boxed elementor-section-height-default elementor-section-height-default\" data-id=\"f2db346\" data-element_type=\"section\">\n\t\t\t\t\t\t<div class=\"elementor-container elementor-column-gap-default\">\n\t\t\t\t\t<div class=\"elementor-column elementor-col-33 elementor-top-column elementor-element elementor-element-1d5ed8c\" data-id=\"1d5ed8c\" data-element_type=\"column\">\n\t\t\t<div class=\"elementor-widget-wrap elementor-element-populated\">\n\t\t\t\t\t\t<div class=\"elementor-element elementor-element-cf36143 elementor-widget elementor-widget-image\" data-id=\"cf36143\" data-element_type=\"widget\" data-widget_type=\"image.default\">\n\t\t\t\t<div class=\"elementor-widget-container\">\n\t\t\t\t\t\t\t\t\t\t\t\t\t\t\t<img decoding=\"async\" width=\"933\" height=\"1024\" src=\"https:\/\/www.lourdes-france.com\/wp-content\/uploads\/2023\/03\/National_201821-933x1024.jpg\" class=\"attachment-large size-large wp-image-800110\" alt=\"\" srcset=\"https:\/\/www.lourdes-france.com\/wp-content\/uploads\/2023\/03\/National_201821-933x1024.jpg 933w, https:\/\/www.lourdes-france.com\/wp-content\/uploads\/2023\/03\/National_201821-273x300.jpg 273w, https:\/\/www.lourdes-france.com\/wp-content\/uploads\/2023\/03\/National_201821-768x843.jpg 768w, https:\/\/www.lourdes-france.com\/wp-content\/uploads\/2023\/03\/National_201821-1400x1536.jpg 1400w, https:\/\/www.lourdes-france.com\/wp-content\/uploads\/2023\/03\/National_201821-1867x2048.jpg 1867w\" sizes=\"(max-width: 933px) 100vw, 933px\" \/>\t\t\t\t\t\t\t\t\t\t\t\t\t\t\t<\/div>\n\t\t\t\t<\/div>\n\t\t\t\t\t<\/div>\n\t\t<\/div>\n\t\t\t\t<div class=\"elementor-column elementor-col-33 elementor-top-column elementor-element elementor-element-019347c\" data-id=\"019347c\" data-element_type=\"column\">\n\t\t\t<div class=\"elementor-widget-wrap elementor-element-populated\">\n\t\t\t\t\t\t<div class=\"elementor-element elementor-element-7ae2942 elementor-widget elementor-widget-text-editor\" data-id=\"7ae2942\" data-element_type=\"widget\" data-widget_type=\"text-editor.default\">\n\t\t\t\t<div class=\"elementor-widget-container\">\n\t\t\t\t\t\t\t\t\t<h5><strong>2023 es un a\u00f1o especial para los Hermanos Menores Capuchinos (capellanes de Nuestra Se\u00f1ora de Lourdes), ya que celebran 160 a\u00f1os de la Procesi\u00f3n de las Antorchas. En efecto, la procesi\u00f3n de las antorchas, tal como la conocemos hoy, se debe al P. Marie-Antoine de Lavaur, tambi\u00e9n llamado el Santo de Toulouse. La Asociaci\u00f3n para la Memoria del Padre Marie-Antoine (APMA), los Grupos de Oraci\u00f3n Padre P\u00edo y toda la familia capuchina les invitan a Lourdes para conmemorar este acontecimiento los d\u00edas <span style=\"text-decoration: underline;\">7, 8 y 9 de julio de 2023<\/span>.<\/strong><\/h5>\t\t\t\t\t\t\t\t<\/div>\n\t\t\t\t<\/div>\n\t\t\t\t\t<\/div>\n\t\t<\/div>\n\t\t\t\t<div class=\"elementor-column elementor-col-33 elementor-top-column elementor-element elementor-element-35d9c81\" data-id=\"35d9c81\" data-element_type=\"column\">\n\t\t\t<div class=\"elementor-widget-wrap elementor-element-populated\">\n\t\t\t\t\t\t<div class=\"elementor-element elementor-element-0c22d63 elementor-widget elementor-widget-image\" data-id=\"0c22d63\" data-element_type=\"widget\" data-widget_type=\"image.default\">\n\t\t\t\t<div class=\"elementor-widget-container\">\n\t\t\t\t\t\t\t\t\t\t\t\t\t\t\t<img loading=\"lazy\" decoding=\"async\" width=\"958\" height=\"1024\" src=\"https:\/\/www.lourdes-france.com\/wp-content\/uploads\/2023\/03\/Capucins1-958x1024.jpg\" class=\"attachment-large size-large wp-image-800104\" alt=\"\" srcset=\"https:\/\/www.lourdes-france.com\/wp-content\/uploads\/2023\/03\/Capucins1-958x1024.jpg 958w, https:\/\/www.lourdes-france.com\/wp-content\/uploads\/2023\/03\/Capucins1-281x300.jpg 281w, https:\/\/www.lourdes-france.com\/wp-content\/uploads\/2023\/03\/Capucins1-768x821.jpg 768w, https:\/\/www.lourdes-france.com\/wp-content\/uploads\/2023\/03\/Capucins1-1438x1536.jpg 1438w, https:\/\/www.lourdes-france.com\/wp-content\/uploads\/2023\/03\/Capucins1-1917x2048.jpg 1917w\" sizes=\"(max-width: 958px) 100vw, 958px\" \/>\t\t\t\t\t\t\t\t\t\t\t\t\t\t\t<\/div>\n\t\t\t\t<\/div>\n\t\t\t\t\t<\/div>\n\t\t<\/div>\n\t\t\t\t\t<\/div>\n\t\t<\/section>\n\t\t\t\t<section class=\"elementor-section elementor-top-section elementor-element elementor-element-dd4d675 elementor-section-boxed elementor-section-height-default elementor-section-height-default\" data-id=\"dd4d675\" data-element_type=\"section\">\n\t\t\t\t\t\t<div class=\"elementor-container elementor-column-gap-default\">\n\t\t\t\t\t<div class=\"elementor-column elementor-col-100 elementor-top-column elementor-element elementor-element-5d4c151\" data-id=\"5d4c151\" data-element_type=\"column\">\n\t\t\t<div class=\"elementor-widget-wrap elementor-element-populated\">\n\t\t\t\t\t\t<div class=\"elementor-element elementor-element-65b9f83 elementor-widget elementor-widget-image\" data-id=\"65b9f83\" data-element_type=\"widget\" data-widget_type=\"image.default\">\n\t\t\t\t<div class=\"elementor-widget-container\">\n\t\t\t\t\t\t\t\t\t\t\t\t\t\t\t<img loading=\"lazy\" decoding=\"async\" width=\"908\" height=\"1024\" src=\"https:\/\/www.lourdes-france.com\/wp-content\/uploads\/2023\/03\/Pere_Marie-Antoine2-908x1024.jpg\" class=\"attachment-large size-large wp-image-800116\" alt=\"\" srcset=\"https:\/\/www.lourdes-france.com\/wp-content\/uploads\/2023\/03\/Pere_Marie-Antoine2-908x1024.jpg 908w, https:\/\/www.lourdes-france.com\/wp-content\/uploads\/2023\/03\/Pere_Marie-Antoine2-266x300.jpg 266w, https:\/\/www.lourdes-france.com\/wp-content\/uploads\/2023\/03\/Pere_Marie-Antoine2-768x866.jpg 768w, https:\/\/www.lourdes-france.com\/wp-content\/uploads\/2023\/03\/Pere_Marie-Antoine2-1361x1536.jpg 1361w, https:\/\/www.lourdes-france.com\/wp-content\/uploads\/2023\/03\/Pere_Marie-Antoine2-1815x2048.jpg 1815w, https:\/\/www.lourdes-france.com\/wp-content\/uploads\/2023\/03\/Pere_Marie-Antoine2.jpg 1864w\" sizes=\"(max-width: 908px) 100vw, 908px\" \/>\t\t\t\t\t\t\t\t\t\t\t\t\t\t\t<\/div>\n\t\t\t\t<\/div>\n\t\t\t\t<div class=\"elementor-element elementor-element-2cbb6e6 elementor-widget elementor-widget-text-editor\" data-id=\"2cbb6e6\" data-element_type=\"widget\" data-widget_type=\"text-editor.default\">\n\t\t\t\t<div class=\"elementor-widget-container\">\n\t\t\t\t\t\t\t\t\t<p style=\"text-align: center;\" align=\"justify\"><span style=\"font-family: Liberation Serif, serif;\"><span style=\"color: #000000;\"><span lang=\"fr-FR\">Busto del P. Marie-Antoine de Lavaur al final del V\u00edacrucis llamado de \u201cEsp\u00e9lugues\u201d.<\/span><\/span><\/span><\/p>\t\t\t\t\t\t\t\t<\/div>\n\t\t\t\t<\/div>\n\t\t\t\t\t<\/div>\n\t\t<\/div>\n\t\t\t\t\t<\/div>\n\t\t<\/section>\n\t\t\t\t<\/div>\n\t\t","protected":false},"excerpt":{"rendered":"<p>La forma m\u00e1s conocida, y sin duda la m\u00e1s conmovedora, de \u00abvenir aqu\u00ed en procesi\u00f3n\u00bb, como nos pide la Virgen Mar\u00eda, es participar en la Procesi\u00f3n de las Antorchas. Con peregrinos de todo el mundo, rezando el rosario y cantando &hellip; <a href=\"https:\/\/www.lourdes-france.com\/es\/paques-premieres-processions-de-lannee\/\">Continuar<\/a><\/p>\n","protected":false},"author":9,"featured_media":800069,"comment_status":"closed","ping_status":"closed","sticky":false,"template":"","format":"standard","meta":{"_acf_changed":false,"footnotes":""},"categories":[31],"tags":[],"class_list":["post-800135","post","type-post","status-publish","format-standard","has-post-thumbnail","hentry","category-en-este-momento"],"acf":[],"yoast_head":"<!-- This site is optimized with the Yoast SEO Premium plugin v24.0 (Yoast SEO v26.3) - https:\/\/yoast.com\/wordpress\/plugins\/seo\/ -->\n<title>Domingo de Pascua, primera procesi\u00f3n el a\u00f1o - Vivre le p\u00e8lerinage de Lourdes<\/title>\n<meta name=\"description\" content=\"La Procesi\u00f3n de las Antorchas, tiene lugar todos los d\u00edas a las 21:00 horas y ofrece una de las caras m\u00e1s bellas de Lourdes.\" \/>\n<meta name=\"robots\" content=\"index, follow, max-snippet:-1, max-image-preview:large, max-video-preview:-1\" \/>\n<link rel=\"canonical\" href=\"https:\/\/www.lourdes-france.com\/es\/paques-premieres-processions-de-lannee\/\" \/>\n<meta property=\"og:locale\" content=\"es_ES\" \/>\n<meta property=\"og:type\" content=\"article\" \/>\n<meta property=\"og:title\" content=\"Domingo de Pascua, primera procesi\u00f3n el a\u00f1o\" \/>\n<meta property=\"og:description\" content=\"La Procesi\u00f3n de las Antorchas, tiene lugar todos los d\u00edas a las 21:00 horas y ofrece una de las caras m\u00e1s bellas de Lourdes.\" \/>\n<meta property=\"og:url\" content=\"https:\/\/www.lourdes-france.com\/es\/paques-premieres-processions-de-lannee\/\" \/>\n<meta property=\"og:site_name\" content=\"Vivre le p\u00e8lerinage de Lourdes\" \/>\n<meta property=\"article:published_time\" content=\"2023-03-20T09:12:08+00:00\" \/>\n<meta property=\"article:modified_time\" content=\"2023-03-22T09:14:41+00:00\" \/>\n<meta property=\"og:image\" content=\"https:\/\/www.lourdes-france.com\/wp-content\/uploads\/2023\/03\/image-bandeau.jpg\" \/>\n\t<meta property=\"og:image:width\" content=\"1920\" \/>\n\t<meta property=\"og:image:height\" content=\"1280\" \/>\n\t<meta property=\"og:image:type\" content=\"image\/jpeg\" \/>\n<meta name=\"author\" content=\"communication\" \/>\n<meta name=\"twitter:card\" content=\"summary_large_image\" \/>\n<meta name=\"twitter:label1\" content=\"Escrito por\" \/>\n\t<meta name=\"twitter:data1\" content=\"communication\" \/>\n<script type=\"application\/ld+json\" class=\"yoast-schema-graph\">{\"@context\":\"https:\/\/schema.org\",\"@graph\":[{\"@type\":\"Article\",\"@id\":\"https:\/\/www.lourdes-france.com\/es\/paques-premieres-processions-de-lannee\/#article\",\"isPartOf\":{\"@id\":\"https:\/\/www.lourdes-france.com\/es\/paques-premieres-processions-de-lannee\/\"},\"author\":{\"name\":\"communication\",\"@id\":\"https:\/\/www.lourdes-france.com\/es\/#\/schema\/person\/cec1bc287296b4aed571d4364999fa69\"},\"headline\":\"Domingo de Pascua, primera procesi\u00f3n el a\u00f1o\",\"datePublished\":\"2023-03-20T09:12:08+00:00\",\"dateModified\":\"2023-03-22T09:14:41+00:00\",\"mainEntityOfPage\":{\"@id\":\"https:\/\/www.lourdes-france.com\/es\/paques-premieres-processions-de-lannee\/\"},\"wordCount\":394,\"publisher\":{\"@id\":\"https:\/\/www.lourdes-france.com\/es\/#organization\"},\"image\":{\"@id\":\"https:\/\/www.lourdes-france.com\/es\/paques-premieres-processions-de-lannee\/#primaryimage\"},\"thumbnailUrl\":\"https:\/\/www.lourdes-france.com\/wp-content\/uploads\/2023\/03\/image-bandeau.jpg\",\"articleSection\":[\"En este momento\"],\"inLanguage\":\"es\"},{\"@type\":\"WebPage\",\"@id\":\"https:\/\/www.lourdes-france.com\/es\/paques-premieres-processions-de-lannee\/\",\"url\":\"https:\/\/www.lourdes-france.com\/es\/paques-premieres-processions-de-lannee\/\",\"name\":\"Domingo de Pascua, primera procesi\u00f3n el a\u00f1o - Vivre le p\u00e8lerinage de Lourdes\",\"isPartOf\":{\"@id\":\"https:\/\/www.lourdes-france.com\/es\/#website\"},\"primaryImageOfPage\":{\"@id\":\"https:\/\/www.lourdes-france.com\/es\/paques-premieres-processions-de-lannee\/#primaryimage\"},\"image\":{\"@id\":\"https:\/\/www.lourdes-france.com\/es\/paques-premieres-processions-de-lannee\/#primaryimage\"},\"thumbnailUrl\":\"https:\/\/www.lourdes-france.com\/wp-content\/uploads\/2023\/03\/image-bandeau.jpg\",\"datePublished\":\"2023-03-20T09:12:08+00:00\",\"dateModified\":\"2023-03-22T09:14:41+00:00\",\"description\":\"La Procesi\u00f3n de las Antorchas, tiene lugar todos los d\u00edas a las 21:00 horas y ofrece una de las caras m\u00e1s bellas de Lourdes.\",\"breadcrumb\":{\"@id\":\"https:\/\/www.lourdes-france.com\/es\/paques-premieres-processions-de-lannee\/#breadcrumb\"},\"inLanguage\":\"es\",\"potentialAction\":[{\"@type\":\"ReadAction\",\"target\":[\"https:\/\/www.lourdes-france.com\/es\/paques-premieres-processions-de-lannee\/\"]}]},{\"@type\":\"ImageObject\",\"inLanguage\":\"es\",\"@id\":\"https:\/\/www.lourdes-france.com\/es\/paques-premieres-processions-de-lannee\/#primaryimage\",\"url\":\"https:\/\/www.lourdes-france.com\/wp-content\/uploads\/2023\/03\/image-bandeau.jpg\",\"contentUrl\":\"https:\/\/www.lourdes-france.com\/wp-content\/uploads\/2023\/03\/image-bandeau.jpg\",\"width\":1920,\"height\":1280},{\"@type\":\"BreadcrumbList\",\"@id\":\"https:\/\/www.lourdes-france.com\/es\/paques-premieres-processions-de-lannee\/#breadcrumb\",\"itemListElement\":[{\"@type\":\"ListItem\",\"position\":1,\"name\":\"Accueil\",\"item\":\"https:\/\/www.lourdes-france.com\/es\/\"},{\"@type\":\"ListItem\",\"position\":2,\"name\":\"Domingo de Pascua, primera procesi\u00f3n el a\u00f1o\"}]},{\"@type\":\"WebSite\",\"@id\":\"https:\/\/www.lourdes-france.com\/es\/#website\",\"url\":\"https:\/\/www.lourdes-france.com\/es\/\",\"name\":\"Sanctuaire Notre-Dame de Lourdes\",\"description\":\"\",\"publisher\":{\"@id\":\"https:\/\/www.lourdes-france.com\/es\/#organization\"},\"potentialAction\":[{\"@type\":\"SearchAction\",\"target\":{\"@type\":\"EntryPoint\",\"urlTemplate\":\"https:\/\/www.lourdes-france.com\/es\/?s={search_term_string}\"},\"query-input\":{\"@type\":\"PropertyValueSpecification\",\"valueRequired\":true,\"valueName\":\"search_term_string\"}}],\"inLanguage\":\"es\"},{\"@type\":\"Organization\",\"@id\":\"https:\/\/www.lourdes-france.com\/es\/#organization\",\"name\":\"Sanctuaire Notre-Dame de Lourdes\",\"url\":\"https:\/\/www.lourdes-france.com\/es\/\",\"logo\":{\"@type\":\"ImageObject\",\"inLanguage\":\"es\",\"@id\":\"https:\/\/www.lourdes-france.com\/es\/#\/schema\/logo\/image\/\",\"url\":\"https:\/\/www.lourdes-france.com\/wp-content\/uploads\/2021\/11\/logo-small.png\",\"contentUrl\":\"https:\/\/www.lourdes-france.com\/wp-content\/uploads\/2021\/11\/logo-small.png\",\"width\":834,\"height\":521,\"caption\":\"Sanctuaire Notre-Dame de Lourdes\"},\"image\":{\"@id\":\"https:\/\/www.lourdes-france.com\/es\/#\/schema\/logo\/image\/\"}},{\"@type\":\"Person\",\"@id\":\"https:\/\/www.lourdes-france.com\/es\/#\/schema\/person\/cec1bc287296b4aed571d4364999fa69\",\"name\":\"communication\",\"image\":{\"@type\":\"ImageObject\",\"inLanguage\":\"es\",\"@id\":\"https:\/\/www.lourdes-france.com\/es\/#\/schema\/person\/image\/\",\"url\":\"https:\/\/secure.gravatar.com\/avatar\/c941c552c76e46c27f2de2045e73ee4cc48fa8d96f958f26a2362c0c73aaf425?s=96&d=mm&r=g\",\"contentUrl\":\"https:\/\/secure.gravatar.com\/avatar\/c941c552c76e46c27f2de2045e73ee4cc48fa8d96f958f26a2362c0c73aaf425?s=96&d=mm&r=g\",\"caption\":\"communication\"},\"url\":\"https:\/\/www.lourdes-france.com\/es\/author\/communication\/\"}]}<\/script>\n<!-- \/ Yoast SEO Premium plugin. -->","yoast_head_json":{"title":"Domingo de Pascua, primera procesi\u00f3n el a\u00f1o - Vivre le p\u00e8lerinage de Lourdes","description":"La Procesi\u00f3n de las Antorchas, tiene lugar todos los d\u00edas a las 21:00 horas y ofrece una de las caras m\u00e1s bellas de Lourdes.","robots":{"index":"index","follow":"follow","max-snippet":"max-snippet:-1","max-image-preview":"max-image-preview:large","max-video-preview":"max-video-preview:-1"},"canonical":"https:\/\/www.lourdes-france.com\/es\/paques-premieres-processions-de-lannee\/","og_locale":"es_ES","og_type":"article","og_title":"Domingo de Pascua, primera procesi\u00f3n el a\u00f1o","og_description":"La Procesi\u00f3n de las Antorchas, tiene lugar todos los d\u00edas a las 21:00 horas y ofrece una de las caras m\u00e1s bellas de Lourdes.","og_url":"https:\/\/www.lourdes-france.com\/es\/paques-premieres-processions-de-lannee\/","og_site_name":"Vivre le p\u00e8lerinage de Lourdes","article_published_time":"2023-03-20T09:12:08+00:00","article_modified_time":"2023-03-22T09:14:41+00:00","og_image":[{"width":1920,"height":1280,"url":"https:\/\/www.lourdes-france.com\/wp-content\/uploads\/2023\/03\/image-bandeau.jpg","type":"image\/jpeg"}],"author":"communication","twitter_card":"summary_large_image","twitter_misc":{"Escrito por":"communication"},"schema":{"@context":"https:\/\/schema.org","@graph":[{"@type":"Article","@id":"https:\/\/www.lourdes-france.com\/es\/paques-premieres-processions-de-lannee\/#article","isPartOf":{"@id":"https:\/\/www.lourdes-france.com\/es\/paques-premieres-processions-de-lannee\/"},"author":{"name":"communication","@id":"https:\/\/www.lourdes-france.com\/es\/#\/schema\/person\/cec1bc287296b4aed571d4364999fa69"},"headline":"Domingo de Pascua, primera procesi\u00f3n el a\u00f1o","datePublished":"2023-03-20T09:12:08+00:00","dateModified":"2023-03-22T09:14:41+00:00","mainEntityOfPage":{"@id":"https:\/\/www.lourdes-france.com\/es\/paques-premieres-processions-de-lannee\/"},"wordCount":394,"publisher":{"@id":"https:\/\/www.lourdes-france.com\/es\/#organization"},"image":{"@id":"https:\/\/www.lourdes-france.com\/es\/paques-premieres-processions-de-lannee\/#primaryimage"},"thumbnailUrl":"https:\/\/www.lourdes-france.com\/wp-content\/uploads\/2023\/03\/image-bandeau.jpg","articleSection":["En este momento"],"inLanguage":"es"},{"@type":"WebPage","@id":"https:\/\/www.lourdes-france.com\/es\/paques-premieres-processions-de-lannee\/","url":"https:\/\/www.lourdes-france.com\/es\/paques-premieres-processions-de-lannee\/","name":"Domingo de Pascua, primera procesi\u00f3n el a\u00f1o - Vivre le p\u00e8lerinage de Lourdes","isPartOf":{"@id":"https:\/\/www.lourdes-france.com\/es\/#website"},"primaryImageOfPage":{"@id":"https:\/\/www.lourdes-france.com\/es\/paques-premieres-processions-de-lannee\/#primaryimage"},"image":{"@id":"https:\/\/www.lourdes-france.com\/es\/paques-premieres-processions-de-lannee\/#primaryimage"},"thumbnailUrl":"https:\/\/www.lourdes-france.com\/wp-content\/uploads\/2023\/03\/image-bandeau.jpg","datePublished":"2023-03-20T09:12:08+00:00","dateModified":"2023-03-22T09:14:41+00:00","description":"La Procesi\u00f3n de las Antorchas, tiene lugar todos los d\u00edas a las 21:00 horas y ofrece una de las caras m\u00e1s bellas de Lourdes.","breadcrumb":{"@id":"https:\/\/www.lourdes-france.com\/es\/paques-premieres-processions-de-lannee\/#breadcrumb"},"inLanguage":"es","potentialAction":[{"@type":"ReadAction","target":["https:\/\/www.lourdes-france.com\/es\/paques-premieres-processions-de-lannee\/"]}]},{"@type":"ImageObject","inLanguage":"es","@id":"https:\/\/www.lourdes-france.com\/es\/paques-premieres-processions-de-lannee\/#primaryimage","url":"https:\/\/www.lourdes-france.com\/wp-content\/uploads\/2023\/03\/image-bandeau.jpg","contentUrl":"https:\/\/www.lourdes-france.com\/wp-content\/uploads\/2023\/03\/image-bandeau.jpg","width":1920,"height":1280},{"@type":"BreadcrumbList","@id":"https:\/\/www.lourdes-france.com\/es\/paques-premieres-processions-de-lannee\/#breadcrumb","itemListElement":[{"@type":"ListItem","position":1,"name":"Accueil","item":"https:\/\/www.lourdes-france.com\/es\/"},{"@type":"ListItem","position":2,"name":"Domingo de Pascua, primera procesi\u00f3n el a\u00f1o"}]},{"@type":"WebSite","@id":"https:\/\/www.lourdes-france.com\/es\/#website","url":"https:\/\/www.lourdes-france.com\/es\/","name":"Sanctuaire Notre-Dame de Lourdes","description":"","publisher":{"@id":"https:\/\/www.lourdes-france.com\/es\/#organization"},"potentialAction":[{"@type":"SearchAction","target":{"@type":"EntryPoint","urlTemplate":"https:\/\/www.lourdes-france.com\/es\/?s={search_term_string}"},"query-input":{"@type":"PropertyValueSpecification","valueRequired":true,"valueName":"search_term_string"}}],"inLanguage":"es"},{"@type":"Organization","@id":"https:\/\/www.lourdes-france.com\/es\/#organization","name":"Sanctuaire Notre-Dame de Lourdes","url":"https:\/\/www.lourdes-france.com\/es\/","logo":{"@type":"ImageObject","inLanguage":"es","@id":"https:\/\/www.lourdes-france.com\/es\/#\/schema\/logo\/image\/","url":"https:\/\/www.lourdes-france.com\/wp-content\/uploads\/2021\/11\/logo-small.png","contentUrl":"https:\/\/www.lourdes-france.com\/wp-content\/uploads\/2021\/11\/logo-small.png","width":834,"height":521,"caption":"Sanctuaire Notre-Dame de Lourdes"},"image":{"@id":"https:\/\/www.lourdes-france.com\/es\/#\/schema\/logo\/image\/"}},{"@type":"Person","@id":"https:\/\/www.lourdes-france.com\/es\/#\/schema\/person\/cec1bc287296b4aed571d4364999fa69","name":"communication","image":{"@type":"ImageObject","inLanguage":"es","@id":"https:\/\/www.lourdes-france.com\/es\/#\/schema\/person\/image\/","url":"https:\/\/secure.gravatar.com\/avatar\/c941c552c76e46c27f2de2045e73ee4cc48fa8d96f958f26a2362c0c73aaf425?s=96&d=mm&r=g","contentUrl":"https:\/\/secure.gravatar.com\/avatar\/c941c552c76e46c27f2de2045e73ee4cc48fa8d96f958f26a2362c0c73aaf425?s=96&d=mm&r=g","caption":"communication"},"url":"https:\/\/www.lourdes-france.com\/es\/author\/communication\/"}]}},"_links":{"self":[{"href":"https:\/\/www.lourdes-france.com\/es\/wp-json\/wp\/v2\/posts\/800135","targetHints":{"allow":["GET"]}}],"collection":[{"href":"https:\/\/www.lourdes-france.com\/es\/wp-json\/wp\/v2\/posts"}],"about":[{"href":"https:\/\/www.lourdes-france.com\/es\/wp-json\/wp\/v2\/types\/post"}],"author":[{"embeddable":true,"href":"https:\/\/www.lourdes-france.com\/es\/wp-json\/wp\/v2\/users\/9"}],"replies":[{"embeddable":true,"href":"https:\/\/www.lourdes-france.com\/es\/wp-json\/wp\/v2\/comments?post=800135"}],"version-history":[{"count":0,"href":"https:\/\/www.lourdes-france.com\/es\/wp-json\/wp\/v2\/posts\/800135\/revisions"}],"wp:featuredmedia":[{"embeddable":true,"href":"https:\/\/www.lourdes-france.com\/es\/wp-json\/wp\/v2\/media\/800069"}],"wp:attachment":[{"href":"https:\/\/www.lourdes-france.com\/es\/wp-json\/wp\/v2\/media?parent=800135"}],"wp:term":[{"taxonomy":"category","embeddable":true,"href":"https:\/\/www.lourdes-france.com\/es\/wp-json\/wp\/v2\/categories?post=800135"},{"taxonomy":"post_tag","embeddable":true,"href":"https:\/\/www.lourdes-france.com\/es\/wp-json\/wp\/v2\/tags?post=800135"}],"curies":[{"name":"wp","href":"https:\/\/api.w.org\/{rel}","templated":true}]}}