{"id":799490,"date":"2026-03-09T14:12:00","date_gmt":"2026-03-09T13:12:00","guid":{"rendered":"https:\/\/www.lourdes-france.com\/saint-joseph-patron-of-fathers-of-families\/"},"modified":"2026-03-13T10:46:02","modified_gmt":"2026-03-13T09:46:02","slug":"san-jose-patron-de-todos-los-padres","status":"publish","type":"post","link":"https:\/\/www.lourdes-france.com\/es\/san-jose-patron-de-todos-los-padres\/","title":{"rendered":"San Jos\u00e9, patr\u00f3n de todos los padres"},"content":{"rendered":"\t\t<div data-elementor-type=\"wp-post\" data-elementor-id=\"799490\" class=\"elementor elementor-799490 elementor-799444\" data-elementor-post-type=\"post\">\n\t\t\t\t\t\t<section class=\"elementor-section elementor-top-section elementor-element elementor-element-1fd3b75 elementor-section-boxed elementor-section-height-default elementor-section-height-default\" data-id=\"1fd3b75\" data-element_type=\"section\">\n\t\t\t\t\t\t<div class=\"elementor-container elementor-column-gap-default\">\n\t\t\t\t\t<div class=\"elementor-column elementor-col-100 elementor-top-column elementor-element elementor-element-2645c2a\" data-id=\"2645c2a\" data-element_type=\"column\">\n\t\t\t<div class=\"elementor-widget-wrap elementor-element-populated\">\n\t\t\t\t\t\t<div class=\"elementor-element elementor-element-f1e4cb5 elementor-widget elementor-widget-text-editor\" data-id=\"f1e4cb5\" data-element_type=\"widget\" data-widget_type=\"text-editor.default\">\n\t\t\t\t<div class=\"elementor-widget-container\">\n\t\t\t\t\t\t\t\t\t<p><strong>Se considera al padre de Jes\u00fas como santo patr\u00f3n de todos los padres. El <a href=\"https:\/\/www.lourdes-france.com\/es\/\" target=\"_blank\" rel=\"noopener\">Santuario<\/a> les invita a celebrar a san Jos\u00e9 en Lourdes el 19 de marzo.<\/strong><\/p>\t\t\t\t\t\t\t\t<\/div>\n\t\t\t\t<\/div>\n\t\t\t\t\t<\/div>\n\t\t<\/div>\n\t\t\t\t\t<\/div>\n\t\t<\/section>\n\t\t\t\t<section class=\"elementor-section elementor-top-section elementor-element elementor-element-d16112d elementor-section-boxed elementor-section-height-default elementor-section-height-default\" data-id=\"d16112d\" data-element_type=\"section\">\n\t\t\t\t\t\t<div class=\"elementor-container elementor-column-gap-default\">\n\t\t\t\t\t<div class=\"elementor-column elementor-col-100 elementor-top-column elementor-element elementor-element-579634e\" data-id=\"579634e\" data-element_type=\"column\">\n\t\t\t<div class=\"elementor-widget-wrap elementor-element-populated\">\n\t\t\t\t\t\t<div class=\"elementor-element elementor-element-ed43b4c elementor-widget elementor-widget-text-editor\" data-id=\"ed43b4c\" data-element_type=\"widget\" data-widget_type=\"text-editor.default\">\n\t\t\t\t<div class=\"elementor-widget-container\">\n\t\t\t\t\t\t\t\t\t<p>Esposo de la Virgen Mar\u00eda,<strong> el dulce san Jos\u00e9<\/strong>, el padre adoptivo, el padre educador, sigue siendo un modelo para todos los padres de la tierra, tanto para Jes\u00fas como para la Sagrada Familia.<br \/>El D\u00eda del Padre no es una celebraci\u00f3n especialmente reciente. Algunos pa\u00edses europeos -como Espa\u00f1a, Italia o Portugal- han mantenido la costumbre de celebrar a los padres en esta fecha. Otros, como Francia, Canad\u00e1 y el Reino Unido, han adoptado la tradici\u00f3n de Estados Unidos, que dedica el tercer domingo de junio a los padres.<\/p>\t\t\t\t\t\t\t\t<\/div>\n\t\t\t\t<\/div>\n\t\t\t\t\t<\/div>\n\t\t<\/div>\n\t\t\t\t\t<\/div>\n\t\t<\/section>\n\t\t\t\t<section class=\"elementor-section elementor-top-section elementor-element elementor-element-c69a255 elementor-section-boxed elementor-section-height-default elementor-section-height-default\" data-id=\"c69a255\" data-element_type=\"section\">\n\t\t\t\t\t\t<div class=\"elementor-container elementor-column-gap-default\">\n\t\t\t\t\t<div class=\"elementor-column elementor-col-100 elementor-top-column elementor-element elementor-element-c493c0e\" data-id=\"c493c0e\" data-element_type=\"column\">\n\t\t\t<div class=\"elementor-widget-wrap elementor-element-populated\">\n\t\t\t\t\t\t<div class=\"elementor-element elementor-element-eae7420 elementor-widget elementor-widget-heading\" data-id=\"eae7420\" data-element_type=\"widget\" data-widget_type=\"heading.default\">\n\t\t\t\t<div class=\"elementor-widget-container\">\n\t\t\t\t\t<h3 class=\"elementor-heading-title elementor-size-default\">Horario de las celebraciones del 19 de marzo<\/h3>\t\t\t\t<\/div>\n\t\t\t\t<\/div>\n\t\t\t\t<section class=\"elementor-section elementor-inner-section elementor-element elementor-element-874c48a elementor-section-boxed elementor-section-height-default elementor-section-height-default\" data-id=\"874c48a\" data-element_type=\"section\">\n\t\t\t\t\t\t<div class=\"elementor-container elementor-column-gap-default\">\n\t\t\t\t\t<div class=\"elementor-column elementor-col-50 elementor-inner-column elementor-element elementor-element-ddb317c\" data-id=\"ddb317c\" data-element_type=\"column\">\n\t\t\t<div class=\"elementor-widget-wrap elementor-element-populated\">\n\t\t\t\t\t\t<div class=\"elementor-element elementor-element-551524e elementor-widget elementor-widget-text-editor\" data-id=\"551524e\" data-element_type=\"widget\" data-widget_type=\"text-editor.default\">\n\t\t\t\t<div class=\"elementor-widget-container\">\n\t\t\t\t\t\t\t\t\t<p><strong>10:00<\/strong> Misa en la Gruta (FR)<\/p><p><strong>11.15<\/strong> Misa en la Cripta<\/p><p><strong>14.30<\/strong> <a href=\"https:\/\/www.lourdes-france.com\/es\/peregrino-por-un-dia\/siguiendo-los-pasos-de-bernardita\/\" target=\"_blank\" rel=\"noopener\">Pasos de Bernardita<\/a><\/p><p><strong>16.15<\/strong> <a href=\"https:\/\/www.lourdes-france.com\/es\/lourdesplus\/\" target=\"_blank\" rel=\"noopener\">Rosario<\/a> en la Gruta<\/p><p><strong>17.30<\/strong> Misa en la Bas\u00edlica de Nuestra Se\u00f1ora del Rosario, seguida de las v\u00edsperas de la solemnidad de San Jos\u00e9 (FR)<\/p>\t\t\t\t\t\t\t\t<\/div>\n\t\t\t\t<\/div>\n\t\t\t\t\t<\/div>\n\t\t<\/div>\n\t\t\t\t<div class=\"elementor-column elementor-col-50 elementor-inner-column elementor-element elementor-element-2d29055\" data-id=\"2d29055\" data-element_type=\"column\">\n\t\t\t<div class=\"elementor-widget-wrap elementor-element-populated\">\n\t\t\t\t\t\t<div class=\"elementor-element elementor-element-800ab51 elementor-widget__width-initial elementor-widget elementor-widget-image\" data-id=\"800ab51\" data-element_type=\"widget\" data-widget_type=\"image.default\">\n\t\t\t\t<div class=\"elementor-widget-container\">\n\t\t\t\t\t\t\t\t\t\t\t\t\t\t\t<img fetchpriority=\"high\" decoding=\"async\" width=\"1024\" height=\"683\" src=\"https:\/\/www.lourdes-france.com\/wp-content\/uploads\/2024\/03\/04-05statuestJospeh13-28vinceNT29-1024x683.jpg\" class=\"attachment-large size-large wp-image-819281\" alt=\"\" srcset=\"https:\/\/www.lourdes-france.com\/wp-content\/uploads\/2024\/03\/04-05statuestJospeh13-28vinceNT29-1024x683.jpg 1024w, https:\/\/www.lourdes-france.com\/wp-content\/uploads\/2024\/03\/04-05statuestJospeh13-28vinceNT29-300x200.jpg 300w, https:\/\/www.lourdes-france.com\/wp-content\/uploads\/2024\/03\/04-05statuestJospeh13-28vinceNT29-768x512.jpg 768w, https:\/\/www.lourdes-france.com\/wp-content\/uploads\/2024\/03\/04-05statuestJospeh13-28vinceNT29-1536x1024.jpg 1536w, https:\/\/www.lourdes-france.com\/wp-content\/uploads\/2024\/03\/04-05statuestJospeh13-28vinceNT29-2048x1365.jpg 2048w\" sizes=\"(max-width: 1024px) 100vw, 1024px\" \/>\t\t\t\t\t\t\t\t\t\t\t\t\t\t\t<\/div>\n\t\t\t\t<\/div>\n\t\t\t\t\t<\/div>\n\t\t<\/div>\n\t\t\t\t\t<\/div>\n\t\t<\/section>\n\t\t\t\t\t<\/div>\n\t\t<\/div>\n\t\t\t\t\t<\/div>\n\t\t<\/section>\n\t\t\t\t<section class=\"elementor-section elementor-top-section elementor-element elementor-element-e647acb elementor-section-boxed elementor-section-height-default elementor-section-height-default\" data-id=\"e647acb\" data-element_type=\"section\">\n\t\t\t\t\t\t<div class=\"elementor-container elementor-column-gap-default\">\n\t\t\t\t\t<div class=\"elementor-column elementor-col-100 elementor-top-column elementor-element elementor-element-4dafd28\" data-id=\"4dafd28\" data-element_type=\"column\">\n\t\t\t<div class=\"elementor-widget-wrap elementor-element-populated\">\n\t\t\t\t\t\t<div class=\"elementor-element elementor-element-d360d21 elementor-widget elementor-widget-heading\" data-id=\"d360d21\" data-element_type=\"widget\" data-widget_type=\"heading.default\">\n\t\t\t\t<div class=\"elementor-widget-container\">\n\t\t\t\t\t<h3 class=\"elementor-heading-title elementor-size-default\">Bernardita y san Jos\u00e9 <\/h3>\t\t\t\t<\/div>\n\t\t\t\t<\/div>\n\t\t\t\t<section class=\"elementor-section elementor-inner-section elementor-element elementor-element-f787c5b elementor-section-boxed elementor-section-height-default elementor-section-height-default\" data-id=\"f787c5b\" data-element_type=\"section\">\n\t\t\t\t\t\t<div class=\"elementor-container elementor-column-gap-default\">\n\t\t\t\t\t<div class=\"elementor-column elementor-col-50 elementor-inner-column elementor-element elementor-element-c9ba814\" data-id=\"c9ba814\" data-element_type=\"column\">\n\t\t\t<div class=\"elementor-widget-wrap elementor-element-populated\">\n\t\t\t\t\t\t<div class=\"elementor-element elementor-element-889d826 elementor-widget elementor-widget-image\" data-id=\"889d826\" data-element_type=\"widget\" data-widget_type=\"image.default\">\n\t\t\t\t<div class=\"elementor-widget-container\">\n\t\t\t\t\t\t\t\t\t\t\t\t\t\t\t<img decoding=\"async\" width=\"683\" height=\"1024\" src=\"https:\/\/www.lourdes-france.com\/wp-content\/uploads\/2023\/03\/Statue_de_saint_Joseph-1-683x1024.jpg\" class=\"attachment-large size-large wp-image-799470\" alt=\"Statue de saint Joseph\" srcset=\"https:\/\/www.lourdes-france.com\/wp-content\/uploads\/2023\/03\/Statue_de_saint_Joseph-1-683x1024.jpg 683w, https:\/\/www.lourdes-france.com\/wp-content\/uploads\/2023\/03\/Statue_de_saint_Joseph-1-200x300.jpg 200w, https:\/\/www.lourdes-france.com\/wp-content\/uploads\/2023\/03\/Statue_de_saint_Joseph-1-768x1152.jpg 768w, https:\/\/www.lourdes-france.com\/wp-content\/uploads\/2023\/03\/Statue_de_saint_Joseph-1-1024x1536.jpg 1024w, https:\/\/www.lourdes-france.com\/wp-content\/uploads\/2023\/03\/Statue_de_saint_Joseph-1-1365x2048.jpg 1365w, https:\/\/www.lourdes-france.com\/wp-content\/uploads\/2023\/03\/Statue_de_saint_Joseph-1-scaled.jpg 1707w\" sizes=\"(max-width: 683px) 100vw, 683px\" \/>\t\t\t\t\t\t\t\t\t\t\t\t\t\t\t<\/div>\n\t\t\t\t<\/div>\n\t\t\t\t\t<\/div>\n\t\t<\/div>\n\t\t\t\t<div class=\"elementor-column elementor-col-50 elementor-inner-column elementor-element elementor-element-5b1f57a\" data-id=\"5b1f57a\" data-element_type=\"column\">\n\t\t\t<div class=\"elementor-widget-wrap elementor-element-populated\">\n\t\t\t\t\t\t<div class=\"elementor-element elementor-element-65593b6 elementor-widget elementor-widget-text-editor\" data-id=\"65593b6\" data-element_type=\"widget\" data-widget_type=\"text-editor.default\">\n\t\t\t\t<div class=\"elementor-widget-container\">\n\t\t\t\t\t\t\t\t\t<p>En 1866, en el convento donde <a href=\"https:\/\/www.lourdes-france.com\/es\/bernardita-soubirous\/\" target=\"_blank\" rel=\"noopener\"><strong>Bernardita Soubirous<\/strong><\/a> acababa de tomar el h\u00e1bito de las Hermanas de la Caridad de Nevers, la joven novicia fue sorprendida un d\u00eda rezando el rosario, \u00a1arrodillada ante una estatua de san Jos\u00e9!<\/p><p>&#8211; \u201cEst\u00e1 despistada\u00bb, dijo una hermana.<br \/>&#8211; \u201cLa Sant\u00edsima Virgen y san Jos\u00e9 est\u00e1n perfectamente de acuerdo, \u00a1y en el cielo no hay celos!\u201d, responde Bernardita.<\/p><p><strong>Fran\u00e7ois Soubirous, el padre de Bernardita, muri\u00f3 el 4 de marzo de 1871 y sabemos lo importante que era para su hija.<\/strong> \u201cEra\u201d, dec\u00eda Bernardita, \u00ab<em>el que m\u00e1s quer\u00eda en el mundo<\/em>\u00ab. Fue entonces cuando Bernardita se dio cuenta de que san Jos\u00e9 se hab\u00eda convertido de alguna manera en su padre espiritual. Ella hizo una confidencia en agosto de 1872. Estaba en la enfermer\u00eda y dijo a las personas presentes:<br \/>&#8211; \u201cSean buenas, voy a visitar a mi padre&#8230;<br \/>&#8211; \u00bfSu padre?<br \/>&#8211; \u00bfNo saben que mi padre ahora es san Jos\u00e9?\u201d<br \/>Bernardita dijo desde entonces: \u00ab<em>San Jos\u00e9 es mi padre y el patr\u00f3n de la buena muerte<\/em>\u00ab. Encuentra en Jos\u00e9 a su padre de la Tierra que ya no est\u00e1 con ella. Y dice que este padre se le apareci\u00f3 en un momento importante de su propia vida, \u00ab<em>ahora y en la hora de la muerte<\/em>\u00ab.<\/p><p>\u00ab<em>A\u00fan hoy existen suficientes motivos para encomendar a todos los hombres a san Jos\u00e9\u00bb<\/em>, escribi\u00f3 Juan Pablo II en 1989 en la Carta Apost\u00f3lica <em>Redemptoris custos<\/em> sobre este gran santo.<br \/><strong>La solemnidad del esposo de la Virgen Mar\u00eda y padre adoptivo de Jes\u00fas, el 19 de marzo, es una buena ocasi\u00f3n para volver los ojos hacia el justo Jos\u00e9.<\/strong><\/p>\t\t\t\t\t\t\t\t<\/div>\n\t\t\t\t<\/div>\n\t\t\t\t\t<\/div>\n\t\t<\/div>\n\t\t\t\t\t<\/div>\n\t\t<\/section>\n\t\t\t\t\t<\/div>\n\t\t<\/div>\n\t\t\t\t\t<\/div>\n\t\t<\/section>\n\t\t\t\t<section class=\"elementor-section elementor-top-section elementor-element elementor-element-a938456 elementor-section-boxed elementor-section-height-default elementor-section-height-default\" data-id=\"a938456\" data-element_type=\"section\">\n\t\t\t\t\t\t<div class=\"elementor-container elementor-column-gap-default\">\n\t\t\t\t\t<div class=\"elementor-column elementor-col-100 elementor-top-column elementor-element elementor-element-4e27c86\" data-id=\"4e27c86\" data-element_type=\"column\">\n\t\t\t<div class=\"elementor-widget-wrap elementor-element-populated\">\n\t\t\t\t\t\t<div class=\"elementor-element elementor-element-91375c3 elementor-widget elementor-widget-heading\" data-id=\"91375c3\" data-element_type=\"widget\" data-widget_type=\"heading.default\">\n\t\t\t\t<div class=\"elementor-widget-container\">\n\t\t\t\t\t<h3 class=\"elementor-heading-title elementor-size-default\">Oraci\u00f3n a san Jos\u00e9<\/h3>\t\t\t\t<\/div>\n\t\t\t\t<\/div>\n\t\t\t\t<section class=\"elementor-section elementor-inner-section elementor-element elementor-element-cb8bb1a elementor-section-boxed elementor-section-height-default elementor-section-height-default\" data-id=\"cb8bb1a\" data-element_type=\"section\">\n\t\t\t\t\t\t<div class=\"elementor-container elementor-column-gap-default\">\n\t\t\t\t\t<div class=\"elementor-column elementor-col-50 elementor-inner-column elementor-element elementor-element-e66624c\" data-id=\"e66624c\" data-element_type=\"column\">\n\t\t\t<div class=\"elementor-widget-wrap elementor-element-populated\">\n\t\t\t\t\t\t<div class=\"elementor-element elementor-element-97e6ea5 elementor-widget elementor-widget-text-editor\" data-id=\"97e6ea5\" data-element_type=\"widget\" data-widget_type=\"text-editor.default\">\n\t\t\t\t<div class=\"elementor-widget-container\">\n\t\t\t\t\t\t\t\t\t<p>\u00abDios te salve, Jos\u00e9, lleno de la gracia divina.<br \/><br \/>Entre tus brazos descans\u00f3 El Salvador y ante tus ojos creci\u00f3.<br \/>Bendito eres entre todos los hombres,<br \/>y bendito es Jes\u00fas, el hijo divino de tu Virginal Esposa.<br \/>San Jos\u00e9, padre adoptivo de Jes\u00fas,<br \/>ay\u00fadanos en nuestras necesidades familiares, de salud y de trabajo,<br \/>hasta el fin de nuestros d\u00edas, y soc\u00f3rrenos a la hora de nuestra muerte.<br \/><br \/>Am\u00e9n.\u00bb<\/p>\t\t\t\t\t\t\t\t<\/div>\n\t\t\t\t<\/div>\n\t\t\t\t\t<\/div>\n\t\t<\/div>\n\t\t\t\t<div class=\"elementor-column elementor-col-50 elementor-inner-column elementor-element elementor-element-6fc9cbc\" data-id=\"6fc9cbc\" data-element_type=\"column\">\n\t\t\t<div class=\"elementor-widget-wrap elementor-element-populated\">\n\t\t\t\t\t\t<div class=\"elementor-element elementor-element-92b49db elementor-widget elementor-widget-image\" data-id=\"92b49db\" data-element_type=\"widget\" data-widget_type=\"image.default\">\n\t\t\t\t<div class=\"elementor-widget-container\">\n\t\t\t\t\t\t\t\t\t\t\t\t\t\t\t<img decoding=\"async\" width=\"768\" height=\"594\" src=\"https:\/\/www.lourdes-france.com\/wp-content\/uploads\/2024\/03\/joyeux_2_vincent-768x594.jpg\" class=\"attachment-medium_large size-medium_large wp-image-819274\" alt=\"\" srcset=\"https:\/\/www.lourdes-france.com\/wp-content\/uploads\/2024\/03\/joyeux_2_vincent-768x594.jpg 768w, https:\/\/www.lourdes-france.com\/wp-content\/uploads\/2024\/03\/joyeux_2_vincent-300x232.jpg 300w, https:\/\/www.lourdes-france.com\/wp-content\/uploads\/2024\/03\/joyeux_2_vincent-1024x792.jpg 1024w, https:\/\/www.lourdes-france.com\/wp-content\/uploads\/2024\/03\/joyeux_2_vincent.jpg 1464w\" sizes=\"(max-width: 768px) 100vw, 768px\" \/>\t\t\t\t\t\t\t\t\t\t\t\t\t\t\t<\/div>\n\t\t\t\t<\/div>\n\t\t\t\t\t<\/div>\n\t\t<\/div>\n\t\t\t\t\t<\/div>\n\t\t<\/section>\n\t\t\t\t\t<\/div>\n\t\t<\/div>\n\t\t\t\t\t<\/div>\n\t\t<\/section>\n\t\t\t\t<\/div>\n\t\t","protected":false},"excerpt":{"rendered":"<p>Se considera al padre de Jes\u00fas como santo patr\u00f3n de todos los padres. El Santuario les invita a celebrar a san Jos\u00e9 en Lourdes el 19 de marzo. Esposo de la Virgen Mar\u00eda, el dulce san Jos\u00e9, el padre adoptivo, &hellip; <a href=\"https:\/\/www.lourdes-france.com\/es\/san-jose-patron-de-todos-los-padres\/\">Continuar<\/a><\/p>\n","protected":false},"author":9,"featured_media":799450,"comment_status":"closed","ping_status":"closed","sticky":false,"template":"","format":"standard","meta":{"_acf_changed":false,"footnotes":""},"categories":[31],"tags":[],"class_list":["post-799490","post","type-post","status-publish","format-standard","has-post-thumbnail","hentry","category-en-este-momento"],"acf":[],"yoast_head":"<!-- This site is optimized with the Yoast SEO Premium plugin v24.0 (Yoast SEO v26.3) - https:\/\/yoast.com\/wordpress\/plugins\/seo\/ -->\n<title>San Jos\u00e9, patr\u00f3n de todos los padres - Vivre le p\u00e8lerinage de Lourdes<\/title>\n<meta name=\"description\" content=\"Se considera al padre de Jes\u00fas como santo patr\u00f3n de todos los padres. El Santuario les invita a celebrar a san Jos\u00e9, patr\u00f3n de todos los padres, en Lourdes.\" \/>\n<meta name=\"robots\" content=\"index, follow, max-snippet:-1, max-image-preview:large, max-video-preview:-1\" \/>\n<link rel=\"canonical\" href=\"https:\/\/www.lourdes-france.com\/es\/san-jose-patron-de-todos-los-padres\/\" \/>\n<meta property=\"og:locale\" content=\"es_ES\" \/>\n<meta property=\"og:type\" content=\"article\" \/>\n<meta property=\"og:title\" content=\"San Jos\u00e9, patr\u00f3n de todos los padres\" \/>\n<meta property=\"og:description\" content=\"Se considera al padre de Jes\u00fas como santo patr\u00f3n de todos los padres. El Santuario les invita a celebrar a san Jos\u00e9, patr\u00f3n de todos los padres, en Lourdes.\" \/>\n<meta property=\"og:url\" content=\"https:\/\/www.lourdes-france.com\/es\/san-jose-patron-de-todos-los-padres\/\" \/>\n<meta property=\"og:site_name\" content=\"Vivre le p\u00e8lerinage de Lourdes\" \/>\n<meta property=\"article:published_time\" content=\"2026-03-09T13:12:00+00:00\" \/>\n<meta property=\"article:modified_time\" content=\"2026-03-13T09:46:02+00:00\" \/>\n<meta property=\"og:image\" content=\"https:\/\/www.lourdes-france.com\/wp-content\/uploads\/2023\/03\/mise-en-avant.jpg\" \/>\n\t<meta property=\"og:image:width\" content=\"2560\" \/>\n\t<meta property=\"og:image:height\" content=\"1707\" \/>\n\t<meta property=\"og:image:type\" content=\"image\/jpeg\" \/>\n<meta name=\"author\" content=\"communication\" \/>\n<meta name=\"twitter:card\" content=\"summary_large_image\" \/>\n<meta name=\"twitter:label1\" content=\"Escrito por\" \/>\n\t<meta name=\"twitter:data1\" content=\"communication\" \/>\n\t<meta name=\"twitter:label2\" content=\"Tiempo de lectura\" \/>\n\t<meta name=\"twitter:data2\" content=\"4 minutos\" \/>\n<script type=\"application\/ld+json\" class=\"yoast-schema-graph\">{\"@context\":\"https:\/\/schema.org\",\"@graph\":[{\"@type\":\"Article\",\"@id\":\"https:\/\/www.lourdes-france.com\/es\/san-jose-patron-de-todos-los-padres\/#article\",\"isPartOf\":{\"@id\":\"https:\/\/www.lourdes-france.com\/es\/san-jose-patron-de-todos-los-padres\/\"},\"author\":{\"name\":\"communication\",\"@id\":\"https:\/\/www.lourdes-france.com\/es\/#\/schema\/person\/cec1bc287296b4aed571d4364999fa69\"},\"headline\":\"San Jos\u00e9, patr\u00f3n de todos los padres\",\"datePublished\":\"2026-03-09T13:12:00+00:00\",\"dateModified\":\"2026-03-13T09:46:02+00:00\",\"mainEntityOfPage\":{\"@id\":\"https:\/\/www.lourdes-france.com\/es\/san-jose-patron-de-todos-los-padres\/\"},\"wordCount\":543,\"publisher\":{\"@id\":\"https:\/\/www.lourdes-france.com\/es\/#organization\"},\"image\":{\"@id\":\"https:\/\/www.lourdes-france.com\/es\/san-jose-patron-de-todos-los-padres\/#primaryimage\"},\"thumbnailUrl\":\"https:\/\/www.lourdes-france.com\/wp-content\/uploads\/2023\/03\/mise-en-avant.jpg\",\"articleSection\":[\"En este momento\"],\"inLanguage\":\"es\"},{\"@type\":\"WebPage\",\"@id\":\"https:\/\/www.lourdes-france.com\/es\/san-jose-patron-de-todos-los-padres\/\",\"url\":\"https:\/\/www.lourdes-france.com\/es\/san-jose-patron-de-todos-los-padres\/\",\"name\":\"San Jos\u00e9, patr\u00f3n de todos los padres - Vivre le p\u00e8lerinage de Lourdes\",\"isPartOf\":{\"@id\":\"https:\/\/www.lourdes-france.com\/es\/#website\"},\"primaryImageOfPage\":{\"@id\":\"https:\/\/www.lourdes-france.com\/es\/san-jose-patron-de-todos-los-padres\/#primaryimage\"},\"image\":{\"@id\":\"https:\/\/www.lourdes-france.com\/es\/san-jose-patron-de-todos-los-padres\/#primaryimage\"},\"thumbnailUrl\":\"https:\/\/www.lourdes-france.com\/wp-content\/uploads\/2023\/03\/mise-en-avant.jpg\",\"datePublished\":\"2026-03-09T13:12:00+00:00\",\"dateModified\":\"2026-03-13T09:46:02+00:00\",\"description\":\"Se considera al padre de Jes\u00fas como santo patr\u00f3n de todos los padres. El Santuario les invita a celebrar a san Jos\u00e9, patr\u00f3n de todos los padres, en Lourdes.\",\"breadcrumb\":{\"@id\":\"https:\/\/www.lourdes-france.com\/es\/san-jose-patron-de-todos-los-padres\/#breadcrumb\"},\"inLanguage\":\"es\",\"potentialAction\":[{\"@type\":\"ReadAction\",\"target\":[\"https:\/\/www.lourdes-france.com\/es\/san-jose-patron-de-todos-los-padres\/\"]}]},{\"@type\":\"ImageObject\",\"inLanguage\":\"es\",\"@id\":\"https:\/\/www.lourdes-france.com\/es\/san-jose-patron-de-todos-los-padres\/#primaryimage\",\"url\":\"https:\/\/www.lourdes-france.com\/wp-content\/uploads\/2023\/03\/mise-en-avant.jpg\",\"contentUrl\":\"https:\/\/www.lourdes-france.com\/wp-content\/uploads\/2023\/03\/mise-en-avant.jpg\",\"width\":2560,\"height\":1707,\"caption\":\"Saint Joseph, patron des p\u00e8res de famille\"},{\"@type\":\"BreadcrumbList\",\"@id\":\"https:\/\/www.lourdes-france.com\/es\/san-jose-patron-de-todos-los-padres\/#breadcrumb\",\"itemListElement\":[{\"@type\":\"ListItem\",\"position\":1,\"name\":\"Accueil\",\"item\":\"https:\/\/www.lourdes-france.com\/es\/\"},{\"@type\":\"ListItem\",\"position\":2,\"name\":\"San Jos\u00e9, patr\u00f3n de todos los padres\"}]},{\"@type\":\"WebSite\",\"@id\":\"https:\/\/www.lourdes-france.com\/es\/#website\",\"url\":\"https:\/\/www.lourdes-france.com\/es\/\",\"name\":\"Sanctuaire Notre-Dame de Lourdes\",\"description\":\"\",\"publisher\":{\"@id\":\"https:\/\/www.lourdes-france.com\/es\/#organization\"},\"potentialAction\":[{\"@type\":\"SearchAction\",\"target\":{\"@type\":\"EntryPoint\",\"urlTemplate\":\"https:\/\/www.lourdes-france.com\/es\/?s={search_term_string}\"},\"query-input\":{\"@type\":\"PropertyValueSpecification\",\"valueRequired\":true,\"valueName\":\"search_term_string\"}}],\"inLanguage\":\"es\"},{\"@type\":\"Organization\",\"@id\":\"https:\/\/www.lourdes-france.com\/es\/#organization\",\"name\":\"Sanctuaire Notre-Dame de Lourdes\",\"url\":\"https:\/\/www.lourdes-france.com\/es\/\",\"logo\":{\"@type\":\"ImageObject\",\"inLanguage\":\"es\",\"@id\":\"https:\/\/www.lourdes-france.com\/es\/#\/schema\/logo\/image\/\",\"url\":\"https:\/\/www.lourdes-france.com\/wp-content\/uploads\/2021\/11\/logo-small.png\",\"contentUrl\":\"https:\/\/www.lourdes-france.com\/wp-content\/uploads\/2021\/11\/logo-small.png\",\"width\":834,\"height\":521,\"caption\":\"Sanctuaire Notre-Dame de Lourdes\"},\"image\":{\"@id\":\"https:\/\/www.lourdes-france.com\/es\/#\/schema\/logo\/image\/\"}},{\"@type\":\"Person\",\"@id\":\"https:\/\/www.lourdes-france.com\/es\/#\/schema\/person\/cec1bc287296b4aed571d4364999fa69\",\"name\":\"communication\",\"image\":{\"@type\":\"ImageObject\",\"inLanguage\":\"es\",\"@id\":\"https:\/\/www.lourdes-france.com\/es\/#\/schema\/person\/image\/\",\"url\":\"https:\/\/secure.gravatar.com\/avatar\/c941c552c76e46c27f2de2045e73ee4cc48fa8d96f958f26a2362c0c73aaf425?s=96&d=mm&r=g\",\"contentUrl\":\"https:\/\/secure.gravatar.com\/avatar\/c941c552c76e46c27f2de2045e73ee4cc48fa8d96f958f26a2362c0c73aaf425?s=96&d=mm&r=g\",\"caption\":\"communication\"},\"url\":\"https:\/\/www.lourdes-france.com\/es\/author\/communication\/\"}]}<\/script>\n<!-- \/ Yoast SEO Premium plugin. -->","yoast_head_json":{"title":"San Jos\u00e9, patr\u00f3n de todos los padres - Vivre le p\u00e8lerinage de Lourdes","description":"Se considera al padre de Jes\u00fas como santo patr\u00f3n de todos los padres. El Santuario les invita a celebrar a san Jos\u00e9, patr\u00f3n de todos los padres, en Lourdes.","robots":{"index":"index","follow":"follow","max-snippet":"max-snippet:-1","max-image-preview":"max-image-preview:large","max-video-preview":"max-video-preview:-1"},"canonical":"https:\/\/www.lourdes-france.com\/es\/san-jose-patron-de-todos-los-padres\/","og_locale":"es_ES","og_type":"article","og_title":"San Jos\u00e9, patr\u00f3n de todos los padres","og_description":"Se considera al padre de Jes\u00fas como santo patr\u00f3n de todos los padres. El Santuario les invita a celebrar a san Jos\u00e9, patr\u00f3n de todos los padres, en Lourdes.","og_url":"https:\/\/www.lourdes-france.com\/es\/san-jose-patron-de-todos-los-padres\/","og_site_name":"Vivre le p\u00e8lerinage de Lourdes","article_published_time":"2026-03-09T13:12:00+00:00","article_modified_time":"2026-03-13T09:46:02+00:00","og_image":[{"width":2560,"height":1707,"url":"https:\/\/www.lourdes-france.com\/wp-content\/uploads\/2023\/03\/mise-en-avant.jpg","type":"image\/jpeg"}],"author":"communication","twitter_card":"summary_large_image","twitter_misc":{"Escrito por":"communication","Tiempo de lectura":"4 minutos"},"schema":{"@context":"https:\/\/schema.org","@graph":[{"@type":"Article","@id":"https:\/\/www.lourdes-france.com\/es\/san-jose-patron-de-todos-los-padres\/#article","isPartOf":{"@id":"https:\/\/www.lourdes-france.com\/es\/san-jose-patron-de-todos-los-padres\/"},"author":{"name":"communication","@id":"https:\/\/www.lourdes-france.com\/es\/#\/schema\/person\/cec1bc287296b4aed571d4364999fa69"},"headline":"San Jos\u00e9, patr\u00f3n de todos los padres","datePublished":"2026-03-09T13:12:00+00:00","dateModified":"2026-03-13T09:46:02+00:00","mainEntityOfPage":{"@id":"https:\/\/www.lourdes-france.com\/es\/san-jose-patron-de-todos-los-padres\/"},"wordCount":543,"publisher":{"@id":"https:\/\/www.lourdes-france.com\/es\/#organization"},"image":{"@id":"https:\/\/www.lourdes-france.com\/es\/san-jose-patron-de-todos-los-padres\/#primaryimage"},"thumbnailUrl":"https:\/\/www.lourdes-france.com\/wp-content\/uploads\/2023\/03\/mise-en-avant.jpg","articleSection":["En este momento"],"inLanguage":"es"},{"@type":"WebPage","@id":"https:\/\/www.lourdes-france.com\/es\/san-jose-patron-de-todos-los-padres\/","url":"https:\/\/www.lourdes-france.com\/es\/san-jose-patron-de-todos-los-padres\/","name":"San Jos\u00e9, patr\u00f3n de todos los padres - Vivre le p\u00e8lerinage de Lourdes","isPartOf":{"@id":"https:\/\/www.lourdes-france.com\/es\/#website"},"primaryImageOfPage":{"@id":"https:\/\/www.lourdes-france.com\/es\/san-jose-patron-de-todos-los-padres\/#primaryimage"},"image":{"@id":"https:\/\/www.lourdes-france.com\/es\/san-jose-patron-de-todos-los-padres\/#primaryimage"},"thumbnailUrl":"https:\/\/www.lourdes-france.com\/wp-content\/uploads\/2023\/03\/mise-en-avant.jpg","datePublished":"2026-03-09T13:12:00+00:00","dateModified":"2026-03-13T09:46:02+00:00","description":"Se considera al padre de Jes\u00fas como santo patr\u00f3n de todos los padres. El Santuario les invita a celebrar a san Jos\u00e9, patr\u00f3n de todos los padres, en Lourdes.","breadcrumb":{"@id":"https:\/\/www.lourdes-france.com\/es\/san-jose-patron-de-todos-los-padres\/#breadcrumb"},"inLanguage":"es","potentialAction":[{"@type":"ReadAction","target":["https:\/\/www.lourdes-france.com\/es\/san-jose-patron-de-todos-los-padres\/"]}]},{"@type":"ImageObject","inLanguage":"es","@id":"https:\/\/www.lourdes-france.com\/es\/san-jose-patron-de-todos-los-padres\/#primaryimage","url":"https:\/\/www.lourdes-france.com\/wp-content\/uploads\/2023\/03\/mise-en-avant.jpg","contentUrl":"https:\/\/www.lourdes-france.com\/wp-content\/uploads\/2023\/03\/mise-en-avant.jpg","width":2560,"height":1707,"caption":"Saint Joseph, patron des p\u00e8res de famille"},{"@type":"BreadcrumbList","@id":"https:\/\/www.lourdes-france.com\/es\/san-jose-patron-de-todos-los-padres\/#breadcrumb","itemListElement":[{"@type":"ListItem","position":1,"name":"Accueil","item":"https:\/\/www.lourdes-france.com\/es\/"},{"@type":"ListItem","position":2,"name":"San Jos\u00e9, patr\u00f3n de todos los padres"}]},{"@type":"WebSite","@id":"https:\/\/www.lourdes-france.com\/es\/#website","url":"https:\/\/www.lourdes-france.com\/es\/","name":"Sanctuaire Notre-Dame de Lourdes","description":"","publisher":{"@id":"https:\/\/www.lourdes-france.com\/es\/#organization"},"potentialAction":[{"@type":"SearchAction","target":{"@type":"EntryPoint","urlTemplate":"https:\/\/www.lourdes-france.com\/es\/?s={search_term_string}"},"query-input":{"@type":"PropertyValueSpecification","valueRequired":true,"valueName":"search_term_string"}}],"inLanguage":"es"},{"@type":"Organization","@id":"https:\/\/www.lourdes-france.com\/es\/#organization","name":"Sanctuaire Notre-Dame de Lourdes","url":"https:\/\/www.lourdes-france.com\/es\/","logo":{"@type":"ImageObject","inLanguage":"es","@id":"https:\/\/www.lourdes-france.com\/es\/#\/schema\/logo\/image\/","url":"https:\/\/www.lourdes-france.com\/wp-content\/uploads\/2021\/11\/logo-small.png","contentUrl":"https:\/\/www.lourdes-france.com\/wp-content\/uploads\/2021\/11\/logo-small.png","width":834,"height":521,"caption":"Sanctuaire Notre-Dame de Lourdes"},"image":{"@id":"https:\/\/www.lourdes-france.com\/es\/#\/schema\/logo\/image\/"}},{"@type":"Person","@id":"https:\/\/www.lourdes-france.com\/es\/#\/schema\/person\/cec1bc287296b4aed571d4364999fa69","name":"communication","image":{"@type":"ImageObject","inLanguage":"es","@id":"https:\/\/www.lourdes-france.com\/es\/#\/schema\/person\/image\/","url":"https:\/\/secure.gravatar.com\/avatar\/c941c552c76e46c27f2de2045e73ee4cc48fa8d96f958f26a2362c0c73aaf425?s=96&d=mm&r=g","contentUrl":"https:\/\/secure.gravatar.com\/avatar\/c941c552c76e46c27f2de2045e73ee4cc48fa8d96f958f26a2362c0c73aaf425?s=96&d=mm&r=g","caption":"communication"},"url":"https:\/\/www.lourdes-france.com\/es\/author\/communication\/"}]}},"_links":{"self":[{"href":"https:\/\/www.lourdes-france.com\/es\/wp-json\/wp\/v2\/posts\/799490","targetHints":{"allow":["GET"]}}],"collection":[{"href":"https:\/\/www.lourdes-france.com\/es\/wp-json\/wp\/v2\/posts"}],"about":[{"href":"https:\/\/www.lourdes-france.com\/es\/wp-json\/wp\/v2\/types\/post"}],"author":[{"embeddable":true,"href":"https:\/\/www.lourdes-france.com\/es\/wp-json\/wp\/v2\/users\/9"}],"replies":[{"embeddable":true,"href":"https:\/\/www.lourdes-france.com\/es\/wp-json\/wp\/v2\/comments?post=799490"}],"version-history":[{"count":10,"href":"https:\/\/www.lourdes-france.com\/es\/wp-json\/wp\/v2\/posts\/799490\/revisions"}],"predecessor-version":[{"id":873257,"href":"https:\/\/www.lourdes-france.com\/es\/wp-json\/wp\/v2\/posts\/799490\/revisions\/873257"}],"wp:featuredmedia":[{"embeddable":true,"href":"https:\/\/www.lourdes-france.com\/es\/wp-json\/wp\/v2\/media\/799450"}],"wp:attachment":[{"href":"https:\/\/www.lourdes-france.com\/es\/wp-json\/wp\/v2\/media?parent=799490"}],"wp:term":[{"taxonomy":"category","embeddable":true,"href":"https:\/\/www.lourdes-france.com\/es\/wp-json\/wp\/v2\/categories?post=799490"},{"taxonomy":"post_tag","embeddable":true,"href":"https:\/\/www.lourdes-france.com\/es\/wp-json\/wp\/v2\/tags?post=799490"}],"curies":[{"name":"wp","href":"https:\/\/api.w.org\/{rel}","templated":true}]}}