{"id":791102,"date":"2022-10-12T09:48:15","date_gmt":"2022-10-12T07:48:15","guid":{"rendered":"https:\/\/www.lourdes-france.com\/27-30-octobre-2022-foi-et-lumiere-fete-son-jubile-dor\/"},"modified":"2022-10-25T11:46:00","modified_gmt":"2022-10-25T09:46:00","slug":"27-30-de-octubre-de-2022-fe-y-luz-celebra-sus-bodas-de-oro","status":"publish","type":"post","link":"https:\/\/www.lourdes-france.com\/es\/27-30-de-octubre-de-2022-fe-y-luz-celebra-sus-bodas-de-oro\/","title":{"rendered":"27-30 de octubre de 2022: Fe y Luz celebra sus bodas de oro"},"content":{"rendered":"\t\t<div data-elementor-type=\"wp-post\" data-elementor-id=\"791102\" class=\"elementor elementor-791102 elementor-790645\" data-elementor-post-type=\"post\">\n\t\t\t\t\t\t<section class=\"elementor-section elementor-top-section elementor-element elementor-element-3dc0d37 elementor-section-boxed elementor-section-height-default elementor-section-height-default\" data-id=\"3dc0d37\" data-element_type=\"section\">\n\t\t\t\t\t\t<div class=\"elementor-container elementor-column-gap-default\">\n\t\t\t\t\t<div class=\"elementor-column elementor-col-100 elementor-top-column elementor-element elementor-element-9bd0e44\" data-id=\"9bd0e44\" data-element_type=\"column\">\n\t\t\t<div class=\"elementor-widget-wrap elementor-element-populated\">\n\t\t\t\t\t\t<div class=\"elementor-element elementor-element-2363ae0 elementor-widget elementor-widget-text-editor\" data-id=\"2363ae0\" data-element_type=\"widget\" data-widget_type=\"text-editor.default\">\n\t\t\t\t<div class=\"elementor-widget-container\">\n\t\t\t\t\t\t\t\t\t<h5>Fe y Luz naci\u00f3 durante la peregrinaci\u00f3n de Semana Santa de 1971 a Lourdes. En 2021 se cumple el 50\u00ba aniversario del movimiento. \u00a1Fe y Luz rompe las barreras de la indiferencia y el miedo! Fe y Luz tiene un sentido de celebraci\u00f3n, porque las personas con una discapacidad mental la tienen en s\u00ed de forma intuitiva y fraternal.<\/h5>\t\t\t\t\t\t\t\t<\/div>\n\t\t\t\t<\/div>\n\t\t\t\t\t<\/div>\n\t\t<\/div>\n\t\t\t\t\t<\/div>\n\t\t<\/section>\n\t\t\t\t<section class=\"elementor-section elementor-top-section elementor-element elementor-element-88ed2d5 elementor-section-boxed elementor-section-height-default elementor-section-height-default\" data-id=\"88ed2d5\" data-element_type=\"section\">\n\t\t\t\t\t\t<div class=\"elementor-container elementor-column-gap-default\">\n\t\t\t\t\t<div class=\"elementor-column elementor-col-100 elementor-top-column elementor-element elementor-element-c340265\" data-id=\"c340265\" data-element_type=\"column\">\n\t\t\t<div class=\"elementor-widget-wrap elementor-element-populated\">\n\t\t\t\t\t\t<div class=\"elementor-element elementor-element-a8c03a5 elementor-widget elementor-widget-video\" data-id=\"a8c03a5\" data-element_type=\"widget\" data-settings=\"{&quot;video_type&quot;:&quot;hosted&quot;,&quot;controls&quot;:&quot;yes&quot;}\" data-widget_type=\"video.default\">\n\t\t\t\t<div class=\"elementor-widget-container\">\n\t\t\t\t\t\t\t<div class=\"e-hosted-video elementor-wrapper elementor-open-inline\">\n\t\t\t\t\t<video class=\"elementor-video\" src=\"https:\/\/www.lourdes-france.com\/wp-content\/uploads\/2022\/10\/autorun-final-modif.mp4\" controls=\"\" preload=\"metadata\" controlsList=\"nodownload\"><\/video>\n\t\t\t\t<\/div>\n\t\t\t\t\t\t<\/div>\n\t\t\t\t<\/div>\n\t\t\t\t\t<\/div>\n\t\t<\/div>\n\t\t\t\t\t<\/div>\n\t\t<\/section>\n\t\t\t\t<section class=\"elementor-section elementor-top-section elementor-element elementor-element-504b010 elementor-section-boxed elementor-section-height-default elementor-section-height-default\" data-id=\"504b010\" data-element_type=\"section\">\n\t\t\t\t\t\t<div class=\"elementor-container elementor-column-gap-default\">\n\t\t\t\t\t<div class=\"elementor-column elementor-col-100 elementor-top-column elementor-element elementor-element-b170730\" data-id=\"b170730\" data-element_type=\"column\">\n\t\t\t<div class=\"elementor-widget-wrap elementor-element-populated\">\n\t\t\t\t\t\t<div class=\"elementor-element elementor-element-e873094 elementor-widget elementor-widget-text-editor\" data-id=\"e873094\" data-element_type=\"widget\" data-widget_type=\"text-editor.default\">\n\t\t\t\t<div class=\"elementor-widget-container\">\n\t\t\t\t\t\t\t\t\t<p>Con motivo de estas bodas de oro, se organizar\u00e1n numerosos actos de celebraci\u00f3n y agradecimiento, en presencia de <strong>Marie-H\u00e9l\u00e8ne Mathieu<\/strong> (fundadora de Fe y Luz). <strong>Ra\u00fal Izquierdo<\/strong>, coordinador internacional, escribe en la hoja de ruta 2020-21: <em>\u00ab\u00a1Nuestras peque\u00f1as comunidades formadas por personas de gran coraz\u00f3n cumplen cincuenta a\u00f1os! Esto deber\u00eda ser un motivo de celebraci\u00f3n, para darnos a conocer mejor y agradecer a Dios el tesoro que tenemos en nuestras manos\u00bb<\/em><\/p>\t\t\t\t\t\t\t\t<\/div>\n\t\t\t\t<\/div>\n\t\t\t\t\t<\/div>\n\t\t<\/div>\n\t\t\t\t\t<\/div>\n\t\t<\/section>\n\t\t\t\t<section class=\"elementor-section elementor-top-section elementor-element elementor-element-11aab93 elementor-section-boxed elementor-section-height-default elementor-section-height-default\" data-id=\"11aab93\" data-element_type=\"section\">\n\t\t\t\t\t\t<div class=\"elementor-container elementor-column-gap-default\">\n\t\t\t\t\t<div class=\"elementor-column elementor-col-100 elementor-top-column elementor-element elementor-element-90948c8\" data-id=\"90948c8\" data-element_type=\"column\">\n\t\t\t<div class=\"elementor-widget-wrap elementor-element-populated\">\n\t\t\t\t\t\t<div class=\"elementor-element elementor-element-03a84ab elementor-align-center elementor-widget elementor-widget-button\" data-id=\"03a84ab\" data-element_type=\"widget\" data-widget_type=\"button.default\">\n\t\t\t\t<div class=\"elementor-widget-container\">\n\t\t\t\t\t\t\t\t\t<div class=\"elementor-button-wrapper\">\n\t\t\t\t\t<a class=\"elementor-button elementor-button-link elementor-size-sm\" href=\"https:\/\/fb.watch\/f_CwAPw1EG\/\" target=\"_blank\">\n\t\t\t\t\t\t<span class=\"elementor-button-content-wrapper\">\n\t\t\t\t\t\t\t\t\t<span class=\"elementor-button-text\">Ver el v\u00eddeo del jubileo de oro de Fe y Luz<\/span>\n\t\t\t\t\t<\/span>\n\t\t\t\t\t<\/a>\n\t\t\t\t<\/div>\n\t\t\t\t\t\t\t\t<\/div>\n\t\t\t\t<\/div>\n\t\t\t\t\t<\/div>\n\t\t<\/div>\n\t\t\t\t\t<\/div>\n\t\t<\/section>\n\t\t\t\t<section class=\"elementor-section elementor-top-section elementor-element elementor-element-60a3e61e elementor-section-boxed elementor-section-height-default elementor-section-height-default\" data-id=\"60a3e61e\" data-element_type=\"section\">\n\t\t\t\t\t\t<div class=\"elementor-container elementor-column-gap-no\">\n\t\t\t\t\t<div class=\"elementor-column elementor-col-100 elementor-top-column elementor-element elementor-element-5cff4e45\" data-id=\"5cff4e45\" data-element_type=\"column\">\n\t\t\t<div class=\"elementor-widget-wrap elementor-element-populated\">\n\t\t\t\t\t\t<div class=\"elementor-element elementor-element-5565a7ff elementor-widget elementor-widget-heading\" data-id=\"5565a7ff\" data-element_type=\"widget\" data-widget_type=\"heading.default\">\n\t\t\t\t<div class=\"elementor-widget-container\">\n\t\t\t\t\t<h3 class=\"elementor-heading-title elementor-size-default\">PROGRAMA del JUBILEO<\/h3>\t\t\t\t<\/div>\n\t\t\t\t<\/div>\n\t\t\t\t<div class=\"elementor-element elementor-element-67af6eef elementor-widget elementor-widget-text-editor\" data-id=\"67af6eef\" data-element_type=\"widget\" data-widget_type=\"text-editor.default\">\n\t\t\t\t<div class=\"elementor-widget-container\">\n\t\t\t\t\t\t\t\t\t<p><strong>Jueves 27 de octubre<\/strong><br \/>Llegada a Lourdes y celebraci\u00f3n del \u00ablavatorio de los pies\u00bb.<\/p><p><strong>Viernes 28 de octubre<\/strong> <br \/><strong>9.00:<\/strong> Ceremonia de apertura en la iglesia de Santa Bernardita <br \/><strong>14.30:<\/strong> V\u00eda Crucis en la iglesia de Santa Bernardita <br \/><strong>21.00<\/strong>: Procesi\u00f3n de antorchas<\/p><p><strong>S\u00e1bado 29 de octubre : \u2028<\/strong><br \/><strong>9.00:<\/strong> Celebraci\u00f3n de la reconciliaci\u00f3n en la iglesia de Santa Bernardita <br \/><strong>10.00<\/strong>: Salida de los grupos en el Santuario para hacer los gestos de Lourdes (piedra, agua, vela) y confesiones en la iglesia de Santa Bernardita. <br \/><strong>11.20<\/strong>: Fiesta en la iglesia de Santa Bernardita centrada en la luz. <br \/><strong>20.30:<\/strong> Velada festiva en la iglesia de Santa Bernardita<\/p><p><strong>Domingo 30 de octubre<\/strong> <br \/><strong>9.00<\/strong>: Misa en la iglesia de Santa Bernardita<br \/><strong>14.30:<\/strong> fiesta de 50 a\u00f1os en la iglesia de Santa Bernardita<br \/><strong>16.30:<\/strong> Fiesta y canciones en la pradera <br \/><strong>20.30:<\/strong> Velada de los j\u00f3venes en la iglesia de Santa Bernardita<\/p>\t\t\t\t\t\t\t\t<\/div>\n\t\t\t\t<\/div>\n\t\t\t\t\t<\/div>\n\t\t<\/div>\n\t\t\t\t\t<\/div>\n\t\t<\/section>\n\t\t\t\t<section class=\"elementor-section elementor-top-section elementor-element elementor-element-f905346 elementor-section-boxed elementor-section-height-default elementor-section-height-default\" data-id=\"f905346\" data-element_type=\"section\">\n\t\t\t\t\t\t<div class=\"elementor-container elementor-column-gap-default\">\n\t\t\t\t\t<div class=\"elementor-column elementor-col-100 elementor-top-column elementor-element elementor-element-d6f448f\" data-id=\"d6f448f\" data-element_type=\"column\">\n\t\t\t<div class=\"elementor-widget-wrap elementor-element-populated\">\n\t\t\t\t\t\t<div class=\"elementor-element elementor-element-08f6592 elementor-widget elementor-widget-video\" data-id=\"08f6592\" data-element_type=\"widget\" data-settings=\"{&quot;youtube_url&quot;:&quot;https:\\\/\\\/youtu.be\\\/nNhMMtnnU_Y?t=1&quot;,&quot;video_type&quot;:&quot;youtube&quot;,&quot;controls&quot;:&quot;yes&quot;}\" data-widget_type=\"video.default\">\n\t\t\t\t<div class=\"elementor-widget-container\">\n\t\t\t\t\t\t\t<div class=\"elementor-wrapper elementor-open-inline\">\n\t\t\t<div class=\"elementor-video\"><\/div>\t\t<\/div>\n\t\t\t\t\t\t<\/div>\n\t\t\t\t<\/div>\n\t\t\t\t\t<\/div>\n\t\t<\/div>\n\t\t\t\t\t<\/div>\n\t\t<\/section>\n\t\t\t\t<section class=\"elementor-section elementor-top-section elementor-element elementor-element-bfa1251 elementor-section-boxed elementor-section-height-default elementor-section-height-default\" data-id=\"bfa1251\" data-element_type=\"section\">\n\t\t\t\t\t\t<div class=\"elementor-container elementor-column-gap-no\">\n\t\t\t\t\t<div class=\"elementor-column elementor-col-100 elementor-top-column elementor-element elementor-element-66ca5c40\" data-id=\"66ca5c40\" data-element_type=\"column\">\n\t\t\t<div class=\"elementor-widget-wrap elementor-element-populated\">\n\t\t\t\t\t\t<div class=\"elementor-element elementor-element-43a5e7cb elementor-widget elementor-widget-heading\" data-id=\"43a5e7cb\" data-element_type=\"widget\" data-widget_type=\"heading.default\">\n\t\t\t\t<div class=\"elementor-widget-container\">\n\t\t\t\t\t<h3 class=\"elementor-heading-title elementor-size-default\">Una aventura humana extraordinaria.<\/h3>\t\t\t\t<\/div>\n\t\t\t\t<\/div>\n\t\t\t\t<div class=\"elementor-element elementor-element-44ee0410 elementor-widget elementor-widget-text-editor\" data-id=\"44ee0410\" data-element_type=\"widget\" data-widget_type=\"text-editor.default\">\n\t\t\t\t<div class=\"elementor-widget-container\">\n\t\t\t\t\t\t\t\t\t<p>\u00abFe y Luz est\u00e1 fundada en la creencia de que cada persona con discapacidad es una persona por derecho propio y tiene todo el derecho a ser amada, reconocida y respetada en su ser y en sus elecciones.<br \/>Fe y Luz cree que todas las personas, sean o no discapacitadas, son amadas por Dios y que Jes\u00fas vive en ellas.<br \/>(Carta, II, 1)<\/p>\t\t\t\t\t\t\t\t<\/div>\n\t\t\t\t<\/div>\n\t\t\t\t\t<\/div>\n\t\t<\/div>\n\t\t\t\t\t<\/div>\n\t\t<\/section>\n\t\t\t\t<section class=\"elementor-section elementor-top-section elementor-element elementor-element-320e2cb elementor-section-boxed elementor-section-height-default elementor-section-height-default\" data-id=\"320e2cb\" data-element_type=\"section\">\n\t\t\t\t\t\t<div class=\"elementor-container elementor-column-gap-no\">\n\t\t\t\t\t<div class=\"elementor-column elementor-col-100 elementor-top-column elementor-element elementor-element-06580c4\" data-id=\"06580c4\" data-element_type=\"column\">\n\t\t\t<div class=\"elementor-widget-wrap elementor-element-populated\">\n\t\t\t\t\t\t<div class=\"elementor-element elementor-element-7341e39 elementor-widget elementor-widget-heading\" data-id=\"7341e39\" data-element_type=\"widget\" data-widget_type=\"heading.default\">\n\t\t\t\t<div class=\"elementor-widget-container\">\n\t\t\t\t\t<h3 class=\"elementor-heading-title elementor-size-default\">Fe y Luz: <\/h3>\t\t\t\t<\/div>\n\t\t\t\t<\/div>\n\t\t\t\t<div class=\"elementor-element elementor-element-6bd1098 elementor-widget elementor-widget-text-editor\" data-id=\"6bd1098\" data-element_type=\"widget\" data-widget_type=\"text-editor.default\">\n\t\t\t\t<div class=\"elementor-widget-container\">\n\t\t\t\t\t\t\t\t\t<p>&#8211; <strong>revela a la persona discapacitada<\/strong> que est\u00e1 llamada a dar toda la riqueza de su coraz\u00f3n, su ternura y fidelidad.<br \/>&#8211; <strong>proporciona a las familias<\/strong> un apoyo esencial en sus dificultades, ayud\u00e1ndoles a percibir mejor toda la belleza interior de su hijo, a descubrir que puede ser una fuente de vida y de unidad.<br \/>&#8211; <strong>abre a los amigos un camino de amistad<\/strong> y compromiso con la persona discapacitada, descubriendo cada uno en el otro la presencia de Jes\u00fas vivo y un nuevo sentido a la vida.<br \/>&#8211; <strong>ofrece a los capellanes<\/strong> la oportunidad de redescubrir de una manera nueva el coraz\u00f3n del mensaje evang\u00e9lico, la buena noticia anunciada a los pobres y a los peque\u00f1os, y de encontrar en ella una fuente de renovaci\u00f3n para su ministerio.<\/p>\t\t\t\t\t\t\t\t<\/div>\n\t\t\t\t<\/div>\n\t\t\t\t\t<\/div>\n\t\t<\/div>\n\t\t\t\t\t<\/div>\n\t\t<\/section>\n\t\t\t\t<section class=\"elementor-section elementor-top-section elementor-element elementor-element-6e5d14a elementor-section-boxed elementor-section-height-default elementor-section-height-default\" data-id=\"6e5d14a\" data-element_type=\"section\">\n\t\t\t\t\t\t<div class=\"elementor-container elementor-column-gap-default\">\n\t\t\t\t\t<div class=\"elementor-column elementor-col-100 elementor-top-column elementor-element elementor-element-f37051e\" data-id=\"f37051e\" data-element_type=\"column\">\n\t\t\t<div class=\"elementor-widget-wrap elementor-element-populated\">\n\t\t\t\t\t\t<div class=\"elementor-element elementor-element-ec38826 elementor-widget elementor-widget-text-editor\" data-id=\"ec38826\" data-element_type=\"widget\" data-widget_type=\"text-editor.default\">\n\t\t\t\t<div class=\"elementor-widget-container\">\n\t\t\t\t\t\t\t\t\t<h5>\u00abQue el sol de la fe y la esperanza, que surge de las nubes de nuestros miedos e inseguridades, os acompa\u00f1e siempre en el camino que a\u00fan os espera. Que el Se\u00f1or os bendiga y que la Virgen os proteja\u00bb <a href=\"https:\/\/www.vatican.va\/content\/francesco\/es\/speeches\/2021\/october\/documents\/20211002-movimento-foi-et-lumiere.html\" target=\"_blank\" rel=\"noopener\">Papa Francisco, audiencia Fe y Luz<\/a> (2 de octubre de 2021). (<\/h5>\t\t\t\t\t\t\t\t<\/div>\n\t\t\t\t<\/div>\n\t\t\t\t\t<\/div>\n\t\t<\/div>\n\t\t\t\t\t<\/div>\n\t\t<\/section>\n\t\t\t\t<section class=\"elementor-section elementor-top-section elementor-element elementor-element-33c60482 elementor-section-boxed elementor-section-height-default elementor-section-height-default\" data-id=\"33c60482\" data-element_type=\"section\">\n\t\t\t\t\t\t<div class=\"elementor-container elementor-column-gap-no\">\n\t\t\t\t\t<div class=\"elementor-column elementor-col-100 elementor-top-column elementor-element elementor-element-edccb1a\" data-id=\"edccb1a\" data-element_type=\"column\">\n\t\t\t<div class=\"elementor-widget-wrap elementor-element-populated\">\n\t\t\t\t\t\t<div class=\"elementor-element elementor-element-10161f99 elementor-widget elementor-widget-heading\" data-id=\"10161f99\" data-element_type=\"widget\" data-widget_type=\"heading.default\">\n\t\t\t\t<div class=\"elementor-widget-container\">\n\t\t\t\t\t<h3 class=\"elementor-heading-title elementor-size-default\">Tema y Logotipo del Jubileo<\/h3>\t\t\t\t<\/div>\n\t\t\t\t<\/div>\n\t\t\t\t<section class=\"elementor-section elementor-inner-section elementor-element elementor-element-bc7efe5 elementor-section-boxed elementor-section-height-default elementor-section-height-default\" data-id=\"bc7efe5\" data-element_type=\"section\">\n\t\t\t\t\t\t<div class=\"elementor-container elementor-column-gap-default\">\n\t\t\t\t\t<div class=\"elementor-column elementor-col-50 elementor-inner-column elementor-element elementor-element-4b6625f\" data-id=\"4b6625f\" data-element_type=\"column\">\n\t\t\t<div class=\"elementor-widget-wrap elementor-element-populated\">\n\t\t\t\t\t\t<div class=\"elementor-element elementor-element-b27b6ff elementor-widget elementor-widget-text-editor\" data-id=\"b27b6ff\" data-element_type=\"widget\" data-widget_type=\"text-editor.default\">\n\t\t\t\t<div class=\"elementor-widget-container\">\n\t\t\t\t\t\t\t\t\t<h5>Se organiz\u00f3 un concurso para crear el <span style=\"text-decoration: underline;\">logotipo<\/span> y el tema del 50\u00ba aniversario. El tema ganador fue \u00ab<span style=\"text-decoration: underline;\">Un tesoro para compartir<\/span>\u00bb, de la comunidad \u00abGraines de Moutarde\u00bb de Ville d&#8217;Avray (Francia).<\/h5><h5>\u00a0<\/h5><h5>El <span style=\"text-decoration: underline;\">logotipo<\/span> ganador fue dise\u00f1ado por Cristina <span style=\"text-decoration: underline;\">Casanovas Montemayor,<\/span> de la comunidad \u00abDos R\u00edos\u00bb de Barcelona, Espa\u00f1a. Cristina tiene s\u00edndrome de Down y lleva muchos a\u00f1os en Fe y Luz.<\/h5>\t\t\t\t\t\t\t\t<\/div>\n\t\t\t\t<\/div>\n\t\t\t\t\t<\/div>\n\t\t<\/div>\n\t\t\t\t<div class=\"elementor-column elementor-col-50 elementor-inner-column elementor-element elementor-element-ca93907\" data-id=\"ca93907\" data-element_type=\"column\">\n\t\t\t<div class=\"elementor-widget-wrap elementor-element-populated\">\n\t\t\t\t\t\t<div class=\"elementor-element elementor-element-dea0f33 elementor-widget elementor-widget-image\" data-id=\"dea0f33\" data-element_type=\"widget\" data-widget_type=\"image.default\">\n\t\t\t\t<div class=\"elementor-widget-container\">\n\t\t\t\t\t\t\t\t\t\t\t\t\t\t\t<img fetchpriority=\"high\" decoding=\"async\" width=\"1024\" height=\"724\" src=\"https:\/\/www.lourdes-france.com\/wp-content\/uploads\/2022\/10\/Logo-FetL-1024x724.jpg\" class=\"attachment-large size-large wp-image-790713\" alt=\"\" srcset=\"https:\/\/www.lourdes-france.com\/wp-content\/uploads\/2022\/10\/Logo-FetL-1024x724.jpg 1024w, https:\/\/www.lourdes-france.com\/wp-content\/uploads\/2022\/10\/Logo-FetL-300x212.jpg 300w, https:\/\/www.lourdes-france.com\/wp-content\/uploads\/2022\/10\/Logo-FetL-768x543.jpg 768w, https:\/\/www.lourdes-france.com\/wp-content\/uploads\/2022\/10\/Logo-FetL-1536x1086.jpg 1536w, https:\/\/www.lourdes-france.com\/wp-content\/uploads\/2022\/10\/Logo-FetL-2048x1448.jpg 2048w\" sizes=\"(max-width: 1024px) 100vw, 1024px\" \/>\t\t\t\t\t\t\t\t\t\t\t\t\t\t\t<\/div>\n\t\t\t\t<\/div>\n\t\t\t\t\t<\/div>\n\t\t<\/div>\n\t\t\t\t\t<\/div>\n\t\t<\/section>\n\t\t\t\t\t<\/div>\n\t\t<\/div>\n\t\t\t\t\t<\/div>\n\t\t<\/section>\n\t\t\t\t<section class=\"elementor-section elementor-top-section elementor-element elementor-element-7cad5bd elementor-section-boxed elementor-section-height-default elementor-section-height-default\" data-id=\"7cad5bd\" data-element_type=\"section\">\n\t\t\t\t\t\t<div class=\"elementor-container elementor-column-gap-no\">\n\t\t\t\t\t<div class=\"elementor-column elementor-col-100 elementor-top-column elementor-element elementor-element-284caea\" data-id=\"284caea\" data-element_type=\"column\">\n\t\t\t<div class=\"elementor-widget-wrap elementor-element-populated\">\n\t\t\t\t\t\t<div class=\"elementor-element elementor-element-5f0e613 elementor-widget elementor-widget-heading\" data-id=\"5f0e613\" data-element_type=\"widget\" data-widget_type=\"heading.default\">\n\t\t\t\t<div class=\"elementor-widget-container\">\n\t\t\t\t\t<h3 class=\"elementor-heading-title elementor-size-default\">Acogida en Lourdes<\/h3>\t\t\t\t<\/div>\n\t\t\t\t<\/div>\n\t\t\t\t<div class=\"elementor-element elementor-element-e04116d elementor-widget elementor-widget-image\" data-id=\"e04116d\" data-element_type=\"widget\" data-widget_type=\"image.default\">\n\t\t\t\t<div class=\"elementor-widget-container\">\n\t\t\t\t\t\t\t\t\t\t\t\t\t\t\t<img decoding=\"async\" width=\"1024\" height=\"302\" src=\"https:\/\/www.lourdes-france.com\/wp-content\/uploads\/2022\/10\/k22_OCH-octobre-05-1024x302.jpg\" class=\"attachment-large size-large wp-image-790867\" alt=\"\" srcset=\"https:\/\/www.lourdes-france.com\/wp-content\/uploads\/2022\/10\/k22_OCH-octobre-05-1024x302.jpg 1024w, https:\/\/www.lourdes-france.com\/wp-content\/uploads\/2022\/10\/k22_OCH-octobre-05-300x88.jpg 300w, https:\/\/www.lourdes-france.com\/wp-content\/uploads\/2022\/10\/k22_OCH-octobre-05-768x226.jpg 768w, https:\/\/www.lourdes-france.com\/wp-content\/uploads\/2022\/10\/k22_OCH-octobre-05-1536x453.jpg 1536w, https:\/\/www.lourdes-france.com\/wp-content\/uploads\/2022\/10\/k22_OCH-octobre-05-2048x603.jpg 2048w\" sizes=\"(max-width: 1024px) 100vw, 1024px\" \/>\t\t\t\t\t\t\t\t\t\t\t\t\t\t\t<\/div>\n\t\t\t\t<\/div>\n\t\t\t\t<div class=\"elementor-element elementor-element-debb0db elementor-widget elementor-widget-text-editor\" data-id=\"debb0db\" data-element_type=\"widget\" data-widget_type=\"text-editor.default\">\n\t\t\t\t<div class=\"elementor-widget-container\">\n\t\t\t\t\t\t\t\t\t<p>En el Santuario en la Puerta de San Miguel, durante todo el a\u00f1o, hay un lugar de acogida \u00abdonde cada uno puede encontrar escucha, compasi\u00f3n, apoyo, con una peque\u00f1a luz de esperanza para continuar el camino&#8230;\u00bb. Esta permanencia est\u00e1 abierta para acogeros durante vuestra peregrinaci\u00f3n, ya sea organizada, en familia o individualmente.<\/p><p><a href=\"https:\/\/www.och.fr\/une-ecoute-une-info-un-conseil\/accueil-a-lourdes\/\" target=\"_blank\" rel=\"noopener\">Site internet de L&#8217;OCH \u00e0 Lourdes<\/a><\/p><p class=\"western\"><a href=\"https:\/\/www.facebook.com\/och.lourdes\/\" target=\"_blank\" rel=\"noopener\"><span style=\"font-family: Calibri, sans-serif;\">Suivez la page<\/span> facebook<\/a><\/p>\t\t\t\t\t\t\t\t<\/div>\n\t\t\t\t<\/div>\n\t\t\t\t\t<\/div>\n\t\t<\/div>\n\t\t\t\t\t<\/div>\n\t\t<\/section>\n\t\t\t\t<section class=\"elementor-section elementor-top-section elementor-element elementor-element-97f84df elementor-section-boxed elementor-section-height-default elementor-section-height-default\" data-id=\"97f84df\" data-element_type=\"section\">\n\t\t\t\t\t\t<div class=\"elementor-container elementor-column-gap-default\">\n\t\t\t\t\t<div class=\"elementor-column elementor-col-100 elementor-top-column elementor-element elementor-element-45619d7\" data-id=\"45619d7\" data-element_type=\"column\">\n\t\t\t<div class=\"elementor-widget-wrap elementor-element-populated\">\n\t\t\t\t\t\t<div class=\"elementor-element elementor-element-b37838d elementor-widget elementor-widget-text-editor\" data-id=\"b37838d\" data-element_type=\"widget\" data-widget_type=\"text-editor.default\">\n\t\t\t\t<div class=\"elementor-widget-container\">\n\t\t\t\t\t\t\t\t\t<h5><a href=\"http:\/\/Chant des 50 ans de Foi et Lumi\u00e8re &quot;C'est la f\u00eate autour de la plan\u00e8te&quot;\" data-wplink-url-error=\"true\">Canci\u00f3n de los 50 a\u00f1os de Fe y Luz \u00abC&#8217;est la f\u00eate autour de la plan\u00e8te\u00bb<\/a><\/h5>\t\t\t\t\t\t\t\t<\/div>\n\t\t\t\t<\/div>\n\t\t\t\t\t<\/div>\n\t\t<\/div>\n\t\t\t\t\t<\/div>\n\t\t<\/section>\n\t\t\t\t<section class=\"elementor-section elementor-top-section elementor-element elementor-element-a86ac27 elementor-section-boxed elementor-section-height-default elementor-section-height-default\" data-id=\"a86ac27\" data-element_type=\"section\">\n\t\t\t\t\t\t<div class=\"elementor-container elementor-column-gap-default\">\n\t\t\t\t\t<div class=\"elementor-column elementor-col-100 elementor-top-column elementor-element elementor-element-11395b8\" data-id=\"11395b8\" data-element_type=\"column\">\n\t\t\t<div class=\"elementor-widget-wrap elementor-element-populated\">\n\t\t\t\t\t\t<div class=\"elementor-element elementor-element-ac5b5e8 elementor--h-position-center elementor--v-position-middle elementor-arrows-position-inside elementor-pagination-position-inside elementor-widget elementor-widget-slides\" data-id=\"ac5b5e8\" data-element_type=\"widget\" data-settings=\"{&quot;navigation&quot;:&quot;both&quot;,&quot;autoplay&quot;:&quot;yes&quot;,&quot;pause_on_hover&quot;:&quot;yes&quot;,&quot;pause_on_interaction&quot;:&quot;yes&quot;,&quot;autoplay_speed&quot;:5000,&quot;infinite&quot;:&quot;yes&quot;,&quot;transition&quot;:&quot;slide&quot;,&quot;transition_speed&quot;:500}\" data-widget_type=\"slides.default\">\n\t\t\t\t<div class=\"elementor-widget-container\">\n\t\t\t\t\t\t\t\t\t<div class=\"elementor-swiper\">\n\t\t\t\t\t<div class=\"elementor-slides-wrapper elementor-main-swiper swiper\" role=\"region\" aria-roledescription=\"carousel\" aria-label=\"Diapositivas\" dir=\"ltr\" data-animation=\"fadeInUp\">\n\t\t\t\t<div class=\"swiper-wrapper elementor-slides\">\n\t\t\t\t\t\t\t\t\t\t<div class=\"elementor-repeater-item-6219bb5 swiper-slide\" role=\"group\" aria-roledescription=\"slide\"><div class=\"swiper-slide-bg\" role=\"img\" aria-label=\"22_OCH juillet-01\"><\/div><div class=\"swiper-slide-inner\" ><div class=\"swiper-slide-contents\"><\/div><\/div><\/div><div class=\"elementor-repeater-item-f11702d swiper-slide\" role=\"group\" aria-roledescription=\"slide\"><div class=\"swiper-slide-bg\" role=\"img\" aria-label=\"22_OCH juillet-02\"><\/div><div class=\"swiper-slide-inner\" ><div class=\"swiper-slide-contents\"><\/div><\/div><\/div><div class=\"elementor-repeater-item-4457d83 swiper-slide\" role=\"group\" aria-roledescription=\"slide\"><div class=\"swiper-slide-bg\" role=\"img\" aria-label=\"22_OCH juillet-04\"><\/div><div class=\"swiper-slide-inner\" ><div class=\"swiper-slide-contents\"><\/div><\/div><\/div><div class=\"elementor-repeater-item-498e175 swiper-slide\" role=\"group\" aria-roledescription=\"slide\"><div class=\"swiper-slide-bg\" role=\"img\" aria-label=\"22_OCH juillet-10\"><\/div><div class=\"swiper-slide-inner\" ><div class=\"swiper-slide-contents\"><\/div><\/div><\/div><div class=\"elementor-repeater-item-b61dbda swiper-slide\" role=\"group\" aria-roledescription=\"slide\"><div class=\"swiper-slide-bg\" role=\"img\" aria-label=\"22_OCH juillet-12\"><\/div><div class=\"swiper-slide-inner\" ><div class=\"swiper-slide-contents\"><\/div><\/div><\/div><div class=\"elementor-repeater-item-5dc10fe swiper-slide\" role=\"group\" aria-roledescription=\"slide\"><div class=\"swiper-slide-bg\" role=\"img\" aria-label=\"22_OCH juillet-20\"><\/div><div class=\"swiper-slide-inner\" ><div class=\"swiper-slide-contents\"><\/div><\/div><\/div>\t\t\t\t<\/div>\n\t\t\t\t\t\t\t\t\t\t\t\t\t\t\t<div class=\"elementor-swiper-button elementor-swiper-button-prev\" role=\"button\" tabindex=\"0\" aria-label=\"Diapositiva anterior\">\n\t\t\t\t\t\t\t<i aria-hidden=\"true\" class=\"eicon-chevron-left\"><\/i>\t\t\t\t\t\t<\/div>\n\t\t\t\t\t\t<div class=\"elementor-swiper-button elementor-swiper-button-next\" role=\"button\" tabindex=\"0\" aria-label=\"Diapositiva siguiente\">\n\t\t\t\t\t\t\t<i aria-hidden=\"true\" class=\"eicon-chevron-right\"><\/i>\t\t\t\t\t\t<\/div>\n\t\t\t\t\t\t\t\t\t\t\t\t\t\t\t\t<div class=\"swiper-pagination\"><\/div>\n\t\t\t\t\t\t\t\t\t\t\t\t<\/div>\n\t\t\t\t<\/div>\n\t\t\t\t\t\t\t\t<\/div>\n\t\t\t\t<\/div>\n\t\t\t\t\t<\/div>\n\t\t<\/div>\n\t\t\t\t\t<\/div>\n\t\t<\/section>\n\t\t\t\t<\/div>\n\t\t","protected":false},"excerpt":{"rendered":"<p>Fe y Luz naci\u00f3 durante la peregrinaci\u00f3n de Semana Santa de 1971 a Lourdes. En 2021 se cumple el 50\u00ba aniversario del movimiento. \u00a1Fe y Luz rompe las barreras de la indiferencia y el miedo! Fe y Luz tiene un &hellip; <a href=\"https:\/\/www.lourdes-france.com\/es\/27-30-de-octubre-de-2022-fe-y-luz-celebra-sus-bodas-de-oro\/\">Continuar<\/a><\/p>\n","protected":false},"author":9,"featured_media":790657,"comment_status":"closed","ping_status":"closed","sticky":false,"template":"","format":"standard","meta":{"_acf_changed":false,"footnotes":""},"categories":[31],"tags":[],"class_list":["post-791102","post","type-post","status-publish","format-standard","has-post-thumbnail","hentry","category-en-este-momento"],"acf":[],"yoast_head":"<!-- This site is optimized with the Yoast SEO Premium plugin v24.0 (Yoast SEO v26.3) - https:\/\/yoast.com\/wordpress\/plugins\/seo\/ -->\n<title>27-30 de octubre de 2022: Fe y Luz celebra sus bodas de oro<\/title>\n<meta name=\"description\" content=\"Fe y Luz naci\u00f3 durante la peregrinaci\u00f3n de Semana Santa de 1971 a Lourdes. En 2021 se cumple el 50\u00ba aniversario del movimiento.\" \/>\n<meta name=\"robots\" content=\"index, follow, max-snippet:-1, max-image-preview:large, max-video-preview:-1\" \/>\n<link rel=\"canonical\" href=\"https:\/\/www.lourdes-france.com\/es\/27-30-de-octubre-de-2022-fe-y-luz-celebra-sus-bodas-de-oro\/\" \/>\n<meta property=\"og:locale\" content=\"es_ES\" \/>\n<meta property=\"og:type\" content=\"article\" \/>\n<meta property=\"og:title\" content=\"27-30 de octubre de 2022: Fe y Luz celebra sus bodas de oro\" \/>\n<meta property=\"og:description\" content=\"Fe y Luz naci\u00f3 durante la peregrinaci\u00f3n de Semana Santa de 1971 a Lourdes. En 2021 se cumple el 50\u00ba aniversario del movimiento.\" \/>\n<meta property=\"og:url\" content=\"https:\/\/www.lourdes-france.com\/es\/27-30-de-octubre-de-2022-fe-y-luz-celebra-sus-bodas-de-oro\/\" \/>\n<meta property=\"og:site_name\" content=\"Vivre le p\u00e8lerinage de Lourdes\" \/>\n<meta property=\"article:published_time\" content=\"2022-10-12T07:48:15+00:00\" \/>\n<meta property=\"article:modified_time\" content=\"2022-10-25T09:46:00+00:00\" \/>\n<meta property=\"og:image\" content=\"https:\/\/www.lourdes-france.com\/wp-content\/uploads\/2022\/10\/logo1.jpg\" \/>\n\t<meta property=\"og:image:width\" content=\"1920\" \/>\n\t<meta property=\"og:image:height\" content=\"1280\" \/>\n\t<meta property=\"og:image:type\" content=\"image\/jpeg\" \/>\n<meta name=\"author\" content=\"communication\" \/>\n<meta name=\"twitter:card\" content=\"summary_large_image\" \/>\n<meta name=\"twitter:label1\" content=\"Escrito por\" \/>\n\t<meta name=\"twitter:data1\" content=\"communication\" \/>\n\t<meta name=\"twitter:label2\" content=\"Tiempo de lectura\" \/>\n\t<meta name=\"twitter:data2\" content=\"4 minutos\" \/>\n<script type=\"application\/ld+json\" class=\"yoast-schema-graph\">{\"@context\":\"https:\/\/schema.org\",\"@graph\":[{\"@type\":\"Article\",\"@id\":\"https:\/\/www.lourdes-france.com\/es\/27-30-de-octubre-de-2022-fe-y-luz-celebra-sus-bodas-de-oro\/#article\",\"isPartOf\":{\"@id\":\"https:\/\/www.lourdes-france.com\/es\/27-30-de-octubre-de-2022-fe-y-luz-celebra-sus-bodas-de-oro\/\"},\"author\":{\"name\":\"communication\",\"@id\":\"https:\/\/www.lourdes-france.com\/es\/#\/schema\/person\/cec1bc287296b4aed571d4364999fa69\"},\"headline\":\"27-30 de octubre de 2022: Fe y Luz celebra sus bodas de oro\",\"datePublished\":\"2022-10-12T07:48:15+00:00\",\"dateModified\":\"2022-10-25T09:46:00+00:00\",\"mainEntityOfPage\":{\"@id\":\"https:\/\/www.lourdes-france.com\/es\/27-30-de-octubre-de-2022-fe-y-luz-celebra-sus-bodas-de-oro\/\"},\"wordCount\":737,\"publisher\":{\"@id\":\"https:\/\/www.lourdes-france.com\/es\/#organization\"},\"image\":{\"@id\":\"https:\/\/www.lourdes-france.com\/es\/27-30-de-octubre-de-2022-fe-y-luz-celebra-sus-bodas-de-oro\/#primaryimage\"},\"thumbnailUrl\":\"https:\/\/www.lourdes-france.com\/wp-content\/uploads\/2022\/10\/logo1.jpg\",\"articleSection\":[\"En este momento\"],\"inLanguage\":\"es\"},{\"@type\":\"WebPage\",\"@id\":\"https:\/\/www.lourdes-france.com\/es\/27-30-de-octubre-de-2022-fe-y-luz-celebra-sus-bodas-de-oro\/\",\"url\":\"https:\/\/www.lourdes-france.com\/es\/27-30-de-octubre-de-2022-fe-y-luz-celebra-sus-bodas-de-oro\/\",\"name\":\"27-30 de octubre de 2022: Fe y Luz celebra sus bodas de oro\",\"isPartOf\":{\"@id\":\"https:\/\/www.lourdes-france.com\/es\/#website\"},\"primaryImageOfPage\":{\"@id\":\"https:\/\/www.lourdes-france.com\/es\/27-30-de-octubre-de-2022-fe-y-luz-celebra-sus-bodas-de-oro\/#primaryimage\"},\"image\":{\"@id\":\"https:\/\/www.lourdes-france.com\/es\/27-30-de-octubre-de-2022-fe-y-luz-celebra-sus-bodas-de-oro\/#primaryimage\"},\"thumbnailUrl\":\"https:\/\/www.lourdes-france.com\/wp-content\/uploads\/2022\/10\/logo1.jpg\",\"datePublished\":\"2022-10-12T07:48:15+00:00\",\"dateModified\":\"2022-10-25T09:46:00+00:00\",\"description\":\"Fe y Luz naci\u00f3 durante la peregrinaci\u00f3n de Semana Santa de 1971 a Lourdes. En 2021 se cumple el 50\u00ba aniversario del movimiento.\",\"breadcrumb\":{\"@id\":\"https:\/\/www.lourdes-france.com\/es\/27-30-de-octubre-de-2022-fe-y-luz-celebra-sus-bodas-de-oro\/#breadcrumb\"},\"inLanguage\":\"es\",\"potentialAction\":[{\"@type\":\"ReadAction\",\"target\":[\"https:\/\/www.lourdes-france.com\/es\/27-30-de-octubre-de-2022-fe-y-luz-celebra-sus-bodas-de-oro\/\"]}]},{\"@type\":\"ImageObject\",\"inLanguage\":\"es\",\"@id\":\"https:\/\/www.lourdes-france.com\/es\/27-30-de-octubre-de-2022-fe-y-luz-celebra-sus-bodas-de-oro\/#primaryimage\",\"url\":\"https:\/\/www.lourdes-france.com\/wp-content\/uploads\/2022\/10\/logo1.jpg\",\"contentUrl\":\"https:\/\/www.lourdes-france.com\/wp-content\/uploads\/2022\/10\/logo1.jpg\",\"width\":1920,\"height\":1280},{\"@type\":\"BreadcrumbList\",\"@id\":\"https:\/\/www.lourdes-france.com\/es\/27-30-de-octubre-de-2022-fe-y-luz-celebra-sus-bodas-de-oro\/#breadcrumb\",\"itemListElement\":[{\"@type\":\"ListItem\",\"position\":1,\"name\":\"Accueil\",\"item\":\"https:\/\/www.lourdes-france.com\/es\/\"},{\"@type\":\"ListItem\",\"position\":2,\"name\":\"27-30 de octubre de 2022: Fe y Luz celebra sus bodas de oro\"}]},{\"@type\":\"WebSite\",\"@id\":\"https:\/\/www.lourdes-france.com\/es\/#website\",\"url\":\"https:\/\/www.lourdes-france.com\/es\/\",\"name\":\"Sanctuaire Notre-Dame de Lourdes\",\"description\":\"\",\"publisher\":{\"@id\":\"https:\/\/www.lourdes-france.com\/es\/#organization\"},\"potentialAction\":[{\"@type\":\"SearchAction\",\"target\":{\"@type\":\"EntryPoint\",\"urlTemplate\":\"https:\/\/www.lourdes-france.com\/es\/?s={search_term_string}\"},\"query-input\":{\"@type\":\"PropertyValueSpecification\",\"valueRequired\":true,\"valueName\":\"search_term_string\"}}],\"inLanguage\":\"es\"},{\"@type\":\"Organization\",\"@id\":\"https:\/\/www.lourdes-france.com\/es\/#organization\",\"name\":\"Sanctuaire Notre-Dame de Lourdes\",\"url\":\"https:\/\/www.lourdes-france.com\/es\/\",\"logo\":{\"@type\":\"ImageObject\",\"inLanguage\":\"es\",\"@id\":\"https:\/\/www.lourdes-france.com\/es\/#\/schema\/logo\/image\/\",\"url\":\"https:\/\/www.lourdes-france.com\/wp-content\/uploads\/2021\/11\/logo-small.png\",\"contentUrl\":\"https:\/\/www.lourdes-france.com\/wp-content\/uploads\/2021\/11\/logo-small.png\",\"width\":834,\"height\":521,\"caption\":\"Sanctuaire Notre-Dame de Lourdes\"},\"image\":{\"@id\":\"https:\/\/www.lourdes-france.com\/es\/#\/schema\/logo\/image\/\"}},{\"@type\":\"Person\",\"@id\":\"https:\/\/www.lourdes-france.com\/es\/#\/schema\/person\/cec1bc287296b4aed571d4364999fa69\",\"name\":\"communication\",\"image\":{\"@type\":\"ImageObject\",\"inLanguage\":\"es\",\"@id\":\"https:\/\/www.lourdes-france.com\/es\/#\/schema\/person\/image\/\",\"url\":\"https:\/\/secure.gravatar.com\/avatar\/c941c552c76e46c27f2de2045e73ee4cc48fa8d96f958f26a2362c0c73aaf425?s=96&d=mm&r=g\",\"contentUrl\":\"https:\/\/secure.gravatar.com\/avatar\/c941c552c76e46c27f2de2045e73ee4cc48fa8d96f958f26a2362c0c73aaf425?s=96&d=mm&r=g\",\"caption\":\"communication\"},\"url\":\"https:\/\/www.lourdes-france.com\/es\/author\/communication\/\"}]}<\/script>\n<!-- \/ Yoast SEO Premium plugin. -->","yoast_head_json":{"title":"27-30 de octubre de 2022: Fe y Luz celebra sus bodas de oro","description":"Fe y Luz naci\u00f3 durante la peregrinaci\u00f3n de Semana Santa de 1971 a Lourdes. En 2021 se cumple el 50\u00ba aniversario del movimiento.","robots":{"index":"index","follow":"follow","max-snippet":"max-snippet:-1","max-image-preview":"max-image-preview:large","max-video-preview":"max-video-preview:-1"},"canonical":"https:\/\/www.lourdes-france.com\/es\/27-30-de-octubre-de-2022-fe-y-luz-celebra-sus-bodas-de-oro\/","og_locale":"es_ES","og_type":"article","og_title":"27-30 de octubre de 2022: Fe y Luz celebra sus bodas de oro","og_description":"Fe y Luz naci\u00f3 durante la peregrinaci\u00f3n de Semana Santa de 1971 a Lourdes. En 2021 se cumple el 50\u00ba aniversario del movimiento.","og_url":"https:\/\/www.lourdes-france.com\/es\/27-30-de-octubre-de-2022-fe-y-luz-celebra-sus-bodas-de-oro\/","og_site_name":"Vivre le p\u00e8lerinage de Lourdes","article_published_time":"2022-10-12T07:48:15+00:00","article_modified_time":"2022-10-25T09:46:00+00:00","og_image":[{"width":1920,"height":1280,"url":"https:\/\/www.lourdes-france.com\/wp-content\/uploads\/2022\/10\/logo1.jpg","type":"image\/jpeg"}],"author":"communication","twitter_card":"summary_large_image","twitter_misc":{"Escrito por":"communication","Tiempo de lectura":"4 minutos"},"schema":{"@context":"https:\/\/schema.org","@graph":[{"@type":"Article","@id":"https:\/\/www.lourdes-france.com\/es\/27-30-de-octubre-de-2022-fe-y-luz-celebra-sus-bodas-de-oro\/#article","isPartOf":{"@id":"https:\/\/www.lourdes-france.com\/es\/27-30-de-octubre-de-2022-fe-y-luz-celebra-sus-bodas-de-oro\/"},"author":{"name":"communication","@id":"https:\/\/www.lourdes-france.com\/es\/#\/schema\/person\/cec1bc287296b4aed571d4364999fa69"},"headline":"27-30 de octubre de 2022: Fe y Luz celebra sus bodas de oro","datePublished":"2022-10-12T07:48:15+00:00","dateModified":"2022-10-25T09:46:00+00:00","mainEntityOfPage":{"@id":"https:\/\/www.lourdes-france.com\/es\/27-30-de-octubre-de-2022-fe-y-luz-celebra-sus-bodas-de-oro\/"},"wordCount":737,"publisher":{"@id":"https:\/\/www.lourdes-france.com\/es\/#organization"},"image":{"@id":"https:\/\/www.lourdes-france.com\/es\/27-30-de-octubre-de-2022-fe-y-luz-celebra-sus-bodas-de-oro\/#primaryimage"},"thumbnailUrl":"https:\/\/www.lourdes-france.com\/wp-content\/uploads\/2022\/10\/logo1.jpg","articleSection":["En este momento"],"inLanguage":"es"},{"@type":"WebPage","@id":"https:\/\/www.lourdes-france.com\/es\/27-30-de-octubre-de-2022-fe-y-luz-celebra-sus-bodas-de-oro\/","url":"https:\/\/www.lourdes-france.com\/es\/27-30-de-octubre-de-2022-fe-y-luz-celebra-sus-bodas-de-oro\/","name":"27-30 de octubre de 2022: Fe y Luz celebra sus bodas de oro","isPartOf":{"@id":"https:\/\/www.lourdes-france.com\/es\/#website"},"primaryImageOfPage":{"@id":"https:\/\/www.lourdes-france.com\/es\/27-30-de-octubre-de-2022-fe-y-luz-celebra-sus-bodas-de-oro\/#primaryimage"},"image":{"@id":"https:\/\/www.lourdes-france.com\/es\/27-30-de-octubre-de-2022-fe-y-luz-celebra-sus-bodas-de-oro\/#primaryimage"},"thumbnailUrl":"https:\/\/www.lourdes-france.com\/wp-content\/uploads\/2022\/10\/logo1.jpg","datePublished":"2022-10-12T07:48:15+00:00","dateModified":"2022-10-25T09:46:00+00:00","description":"Fe y Luz naci\u00f3 durante la peregrinaci\u00f3n de Semana Santa de 1971 a Lourdes. En 2021 se cumple el 50\u00ba aniversario del movimiento.","breadcrumb":{"@id":"https:\/\/www.lourdes-france.com\/es\/27-30-de-octubre-de-2022-fe-y-luz-celebra-sus-bodas-de-oro\/#breadcrumb"},"inLanguage":"es","potentialAction":[{"@type":"ReadAction","target":["https:\/\/www.lourdes-france.com\/es\/27-30-de-octubre-de-2022-fe-y-luz-celebra-sus-bodas-de-oro\/"]}]},{"@type":"ImageObject","inLanguage":"es","@id":"https:\/\/www.lourdes-france.com\/es\/27-30-de-octubre-de-2022-fe-y-luz-celebra-sus-bodas-de-oro\/#primaryimage","url":"https:\/\/www.lourdes-france.com\/wp-content\/uploads\/2022\/10\/logo1.jpg","contentUrl":"https:\/\/www.lourdes-france.com\/wp-content\/uploads\/2022\/10\/logo1.jpg","width":1920,"height":1280},{"@type":"BreadcrumbList","@id":"https:\/\/www.lourdes-france.com\/es\/27-30-de-octubre-de-2022-fe-y-luz-celebra-sus-bodas-de-oro\/#breadcrumb","itemListElement":[{"@type":"ListItem","position":1,"name":"Accueil","item":"https:\/\/www.lourdes-france.com\/es\/"},{"@type":"ListItem","position":2,"name":"27-30 de octubre de 2022: Fe y Luz celebra sus bodas de oro"}]},{"@type":"WebSite","@id":"https:\/\/www.lourdes-france.com\/es\/#website","url":"https:\/\/www.lourdes-france.com\/es\/","name":"Sanctuaire Notre-Dame de Lourdes","description":"","publisher":{"@id":"https:\/\/www.lourdes-france.com\/es\/#organization"},"potentialAction":[{"@type":"SearchAction","target":{"@type":"EntryPoint","urlTemplate":"https:\/\/www.lourdes-france.com\/es\/?s={search_term_string}"},"query-input":{"@type":"PropertyValueSpecification","valueRequired":true,"valueName":"search_term_string"}}],"inLanguage":"es"},{"@type":"Organization","@id":"https:\/\/www.lourdes-france.com\/es\/#organization","name":"Sanctuaire Notre-Dame de Lourdes","url":"https:\/\/www.lourdes-france.com\/es\/","logo":{"@type":"ImageObject","inLanguage":"es","@id":"https:\/\/www.lourdes-france.com\/es\/#\/schema\/logo\/image\/","url":"https:\/\/www.lourdes-france.com\/wp-content\/uploads\/2021\/11\/logo-small.png","contentUrl":"https:\/\/www.lourdes-france.com\/wp-content\/uploads\/2021\/11\/logo-small.png","width":834,"height":521,"caption":"Sanctuaire Notre-Dame de Lourdes"},"image":{"@id":"https:\/\/www.lourdes-france.com\/es\/#\/schema\/logo\/image\/"}},{"@type":"Person","@id":"https:\/\/www.lourdes-france.com\/es\/#\/schema\/person\/cec1bc287296b4aed571d4364999fa69","name":"communication","image":{"@type":"ImageObject","inLanguage":"es","@id":"https:\/\/www.lourdes-france.com\/es\/#\/schema\/person\/image\/","url":"https:\/\/secure.gravatar.com\/avatar\/c941c552c76e46c27f2de2045e73ee4cc48fa8d96f958f26a2362c0c73aaf425?s=96&d=mm&r=g","contentUrl":"https:\/\/secure.gravatar.com\/avatar\/c941c552c76e46c27f2de2045e73ee4cc48fa8d96f958f26a2362c0c73aaf425?s=96&d=mm&r=g","caption":"communication"},"url":"https:\/\/www.lourdes-france.com\/es\/author\/communication\/"}]}},"_links":{"self":[{"href":"https:\/\/www.lourdes-france.com\/es\/wp-json\/wp\/v2\/posts\/791102","targetHints":{"allow":["GET"]}}],"collection":[{"href":"https:\/\/www.lourdes-france.com\/es\/wp-json\/wp\/v2\/posts"}],"about":[{"href":"https:\/\/www.lourdes-france.com\/es\/wp-json\/wp\/v2\/types\/post"}],"author":[{"embeddable":true,"href":"https:\/\/www.lourdes-france.com\/es\/wp-json\/wp\/v2\/users\/9"}],"replies":[{"embeddable":true,"href":"https:\/\/www.lourdes-france.com\/es\/wp-json\/wp\/v2\/comments?post=791102"}],"version-history":[{"count":0,"href":"https:\/\/www.lourdes-france.com\/es\/wp-json\/wp\/v2\/posts\/791102\/revisions"}],"wp:featuredmedia":[{"embeddable":true,"href":"https:\/\/www.lourdes-france.com\/es\/wp-json\/wp\/v2\/media\/790657"}],"wp:attachment":[{"href":"https:\/\/www.lourdes-france.com\/es\/wp-json\/wp\/v2\/media?parent=791102"}],"wp:term":[{"taxonomy":"category","embeddable":true,"href":"https:\/\/www.lourdes-france.com\/es\/wp-json\/wp\/v2\/categories?post=791102"},{"taxonomy":"post_tag","embeddable":true,"href":"https:\/\/www.lourdes-france.com\/es\/wp-json\/wp\/v2\/tags?post=791102"}],"curies":[{"name":"wp","href":"https:\/\/api.w.org\/{rel}","templated":true}]}}