{"id":824370,"date":"2024-05-03T08:30:00","date_gmt":"2024-05-03T06:30:00","guid":{"rendered":"https:\/\/www.lourdes-france.com\/?p=824370"},"modified":"2024-05-06T10:30:23","modified_gmt":"2024-05-06T08:30:23","slug":"christi-himmelfahrt-nach-lourdes","status":"publish","type":"post","link":"https:\/\/www.lourdes-france.com\/de\/christi-himmelfahrt-nach-lourdes\/","title":{"rendered":"Kommen Sie zum Fest von Christi Himmelfahrt nach Lourdes!"},"content":{"rendered":"\t\t<div data-elementor-type=\"wp-post\" data-elementor-id=\"824370\" class=\"elementor elementor-824370 elementor-824244\" data-elementor-post-type=\"post\">\n\t\t\t\t\t\t<section class=\"elementor-section elementor-top-section elementor-element elementor-element-22bcaa39 elementor-section-boxed elementor-section-height-default elementor-section-height-default\" data-id=\"22bcaa39\" data-element_type=\"section\">\n\t\t\t\t\t\t<div class=\"elementor-container elementor-column-gap-no\">\n\t\t\t\t\t<div class=\"elementor-column elementor-col-100 elementor-top-column elementor-element elementor-element-6c79511e\" data-id=\"6c79511e\" data-element_type=\"column\">\n\t\t\t<div class=\"elementor-widget-wrap elementor-element-populated\">\n\t\t\t\t\t\t<div class=\"elementor-element elementor-element-2e4082d7 elementor-widget elementor-widget-text-editor\" data-id=\"2e4082d7\" data-element_type=\"widget\" data-widget_type=\"text-editor.default\">\n\t\t\t\t<div class=\"elementor-widget-container\">\n\t\t\t\t\t\t\t\t\t<p><strong>Der Wallfahrtsort Lourdes wird dieses Hochfest mit Pilgern aus der aller Welt feiern und ist dieses Jahr Gastgeber von \u00c9v\u00e8nemenCiel 2024, einer Versammlung mit dem Leitmotiv \u201eAlle sollen eins sein\u201c nach Joh.17,21.<\/strong><\/p>\t\t\t\t\t\t\t\t<\/div>\n\t\t\t\t<\/div>\n\t\t\t\t<div class=\"elementor-element elementor-element-4c3b9449 elementor-widget elementor-widget-heading\" data-id=\"4c3b9449\" data-element_type=\"widget\" data-widget_type=\"heading.default\">\n\t\t\t\t<div class=\"elementor-widget-container\">\n\t\t\t\t\t<h3 class=\"elementor-heading-title elementor-size-default\">Was feiern wir an Christi Himmelfahrt?<\/h3>\t\t\t\t<\/div>\n\t\t\t\t<\/div>\n\t\t\t\t<div class=\"elementor-element elementor-element-3cbf5cf1 elementor-widget elementor-widget-text-editor\" data-id=\"3cbf5cf1\" data-element_type=\"widget\" data-widget_type=\"text-editor.default\">\n\t\t\t\t<div class=\"elementor-widget-container\">\n\t\t\t\t\t\t\t\t\t<p>Das Fest Christi Himmelfahrt begeht den Aufstieg Jesu zu Gott, seinem Vater. Es wird vierzig Tage nach Ostern gefeiert. Es ist eines der wichtigsten christlichen Feste im Anschluss an Ostern und das Pfingstfest zehn Tage sp\u00e4ter ank\u00fcndigt.<br \/><em><strong>\u201eWas steht ihr da und schaut zum Himmel empor?\u201c<\/strong><\/em> (Apg 1,11), bekamen die Apostel zu h\u00f6ren: Die Himmelfahrt Christi ist auch ein Aufruf zu mehr Engagement, um die Frohe Botschaft in die Welt zu tragen.<\/p>\t\t\t\t\t\t\t\t<\/div>\n\t\t\t\t<\/div>\n\t\t\t\t\t<\/div>\n\t\t<\/div>\n\t\t\t\t\t<\/div>\n\t\t<\/section>\n\t\t\t\t<section class=\"elementor-section elementor-top-section elementor-element elementor-element-7aaf1deb elementor-section-boxed elementor-section-height-default elementor-section-height-default\" data-id=\"7aaf1deb\" data-element_type=\"section\">\n\t\t\t\t\t\t<div class=\"elementor-container elementor-column-gap-no\">\n\t\t\t\t\t<div class=\"elementor-column elementor-col-100 elementor-top-column elementor-element elementor-element-4181ce46\" data-id=\"4181ce46\" data-element_type=\"column\">\n\t\t\t<div class=\"elementor-widget-wrap elementor-element-populated\">\n\t\t\t\t\t\t<div class=\"elementor-element elementor-element-565392d8 elementor-widget elementor-widget-heading\" data-id=\"565392d8\" data-element_type=\"widget\" data-widget_type=\"heading.default\">\n\t\t\t\t<div class=\"elementor-widget-container\">\n\t\t\t\t\t<h3 class=\"elementor-heading-title elementor-size-default\">\u00d6ffnungszeiten der Gottesdienste im Heiligtum : <\/h3>\t\t\t\t<\/div>\n\t\t\t\t<\/div>\n\t\t\t\t<section class=\"elementor-section elementor-inner-section elementor-element elementor-element-34bbfd0 elementor-section-boxed elementor-section-height-default elementor-section-height-default\" data-id=\"34bbfd0\" data-element_type=\"section\">\n\t\t\t\t\t\t<div class=\"elementor-container elementor-column-gap-default\">\n\t\t\t\t\t<div class=\"elementor-column elementor-col-50 elementor-inner-column elementor-element elementor-element-d8fe21b\" data-id=\"d8fe21b\" data-element_type=\"column\">\n\t\t\t<div class=\"elementor-widget-wrap elementor-element-populated\">\n\t\t\t\t\t\t<div class=\"elementor-element elementor-element-28e7d44 elementor-widget elementor-widget-text-editor\" data-id=\"28e7d44\" data-element_type=\"widget\" data-widget_type=\"text-editor.default\">\n\t\t\t\t<div class=\"elementor-widget-container\">\n\t\t\t\t\t\t\t\t\t<p><span style=\"color: #000000;\"><strong><em>Keine internationale Messe am Mittwoch, den 8. Mai.<\/em><\/strong><\/span><\/p><p><span style=\"text-decoration: underline; color: #000000;\"><em><strong>Donnerstag, 9. Mai, Hochfest Christi Himmelfahrt<\/strong><\/em><\/span><br \/><span style=\"color: #000000;\"><strong>9.30 Uhr<\/strong>: Internationale Messe in der Basilika St. Pius X., gefolgt vom Angelusgebet an der Grotte.<\/span><br \/><span style=\"color: #000000;\"><strong>10.00 Uhr<\/strong>: Heilige Messe an der Grotte.<\/span><br \/><span style=\"color: #000000;\"><strong>14.30 Uhr<\/strong>: <a href=\"https:\/\/www.lourdes-france.com\/de\/nach-lourdes-kommen-und-den-spuren-der-hl-bernadette-folgen\/\" target=\"_blank\" rel=\"noopener\">Auf den Spuren der Hl. Bernadette<\/a><\/span><br \/><span style=\"color: #000000;\"><strong>14.30 Uhr:<\/strong> <a href=\"https:\/\/www.lourdes-france.org\/de\/tv-lourdes\/\" target=\"_blank\" rel=\"noopener\">Rosenkranz an der Grotte (<\/a>Dienstag)<\/span><br \/><span style=\"color: #000000;\"><strong>17.00 Uhr:<\/strong> <a href=\"https:\/\/www.lourdes-france.com\/de\/in-prozession-nach-lourdes-kommen\/\" target=\"_blank\" rel=\"noopener\">Prozession<\/a>, eucharistische Anbetung mit Krankensegnung.<\/span><br \/><span style=\"color: #000000;\"><strong>21.00 Uhr<\/strong>: Marianische Lichterprozession, Beginn an der Grotte.<\/span><\/p>\t\t\t\t\t\t\t\t<\/div>\n\t\t\t\t<\/div>\n\t\t\t\t\t<\/div>\n\t\t<\/div>\n\t\t\t\t<div class=\"elementor-column elementor-col-50 elementor-inner-column elementor-element elementor-element-d7770ff\" data-id=\"d7770ff\" data-element_type=\"column\">\n\t\t\t<div class=\"elementor-widget-wrap elementor-element-populated\">\n\t\t\t\t\t\t<div class=\"elementor-element elementor-element-99f965d elementor-widget elementor-widget-image\" data-id=\"99f965d\" data-element_type=\"widget\" data-widget_type=\"image.default\">\n\t\t\t\t<div class=\"elementor-widget-container\">\n\t\t\t\t\t\t\t\t\t\t\t\t\t\t\t<img fetchpriority=\"high\" decoding=\"async\" width=\"214\" height=\"300\" src=\"https:\/\/www.lourdes-france.com\/wp-content\/uploads\/2024\/05\/Gemmaildel27AscensciondeNotre-Seigneur-214x300.jpg\" class=\"attachment-medium size-medium wp-image-824256\" alt=\"Ascension Gemmail\" srcset=\"https:\/\/www.lourdes-france.com\/wp-content\/uploads\/2024\/05\/Gemmaildel27AscensciondeNotre-Seigneur-214x300.jpg 214w, https:\/\/www.lourdes-france.com\/wp-content\/uploads\/2024\/05\/Gemmaildel27AscensciondeNotre-Seigneur-729x1024.jpg 729w, https:\/\/www.lourdes-france.com\/wp-content\/uploads\/2024\/05\/Gemmaildel27AscensciondeNotre-Seigneur-768x1079.jpg 768w, https:\/\/www.lourdes-france.com\/wp-content\/uploads\/2024\/05\/Gemmaildel27AscensciondeNotre-Seigneur-1093x1536.jpg 1093w, https:\/\/www.lourdes-france.com\/wp-content\/uploads\/2024\/05\/Gemmaildel27AscensciondeNotre-Seigneur-1458x2048.jpg 1458w, https:\/\/www.lourdes-france.com\/wp-content\/uploads\/2024\/05\/Gemmaildel27AscensciondeNotre-Seigneur-scaled.jpg 1822w\" sizes=\"(max-width: 214px) 100vw, 214px\" \/>\t\t\t\t\t\t\t\t\t\t\t\t\t\t\t<\/div>\n\t\t\t\t<\/div>\n\t\t\t\t\t<\/div>\n\t\t<\/div>\n\t\t\t\t\t<\/div>\n\t\t<\/section>\n\t\t\t\t<div class=\"elementor-element elementor-element-dade488 elementor-widget elementor-widget-text-editor\" data-id=\"dade488\" data-element_type=\"widget\" data-widget_type=\"text-editor.default\">\n\t\t\t\t<div class=\"elementor-widget-container\">\n\t\t\t\t\t\t\t\t\t<p><span style=\"color: #000000;\">Ein<a href=\"https:\/\/www.lourdes-france.com\/de\/die-geistlichen-der-wallfahrtsstatte\/\" target=\"_blank\" rel=\"noopener\"><strong> Kaplan des Heiligtums<\/strong><\/a> wird am Jugendzelt (gegen\u00fcber den B\u00e4dern) positioniert sein, um den Pilgern an diesem langen Wochenende von Christi- Himmelfahrt die \u201e<a href=\"https:\/\/www.lourdes-france.com\/de\/pilger-fur-einen-tag\/das-wasser\/\" target=\"_blank\" rel=\"noopener\"><strong>Geste des Wassers<\/strong><\/a>&#8220; anzubieten.<\/span><br \/><span style=\"color: #000000;\"><span style=\"text-decoration: underline;\"><strong>Donnerstag, 9. Mai<\/strong><\/span> um <strong>10.00 Uhr und 14.30 Uhr.<\/strong><\/span><br \/><span style=\"color: #000000;\"><span style=\"text-decoration: underline;\"><strong>Freitag, 10. Mai<\/strong> <\/span>um <strong>10 Uhr und 14.30 Uhr.<\/strong><\/span><br \/><span style=\"color: #000000;\"><span style=\"text-decoration: underline;\"><strong>Samstag, 11. Mai,<\/strong> <\/span>um <strong>14.30 Uhr<\/strong><\/span><\/p>\t\t\t\t\t\t\t\t<\/div>\n\t\t\t\t<\/div>\n\t\t\t\t\t<\/div>\n\t\t<\/div>\n\t\t\t\t\t<\/div>\n\t\t<\/section>\n\t\t\t\t<section class=\"elementor-section elementor-top-section elementor-element elementor-element-ba4fe4d elementor-section-boxed elementor-section-height-default elementor-section-height-default\" data-id=\"ba4fe4d\" data-element_type=\"section\">\n\t\t\t\t\t\t<div class=\"elementor-container elementor-column-gap-default\">\n\t\t\t\t\t<div class=\"elementor-column elementor-col-100 elementor-top-column elementor-element elementor-element-682f0b5\" data-id=\"682f0b5\" data-element_type=\"column\">\n\t\t\t<div class=\"elementor-widget-wrap elementor-element-populated\">\n\t\t\t\t\t\t<div class=\"elementor-element elementor-element-a0b91ed elementor-align-center elementor-widget elementor-widget-button\" data-id=\"a0b91ed\" data-element_type=\"widget\" data-widget_type=\"button.default\">\n\t\t\t\t<div class=\"elementor-widget-container\">\n\t\t\t\t\t\t\t\t\t<div class=\"elementor-button-wrapper\">\n\t\t\t\t\t<a class=\"elementor-button elementor-button-link elementor-size-sm\" href=\"https:\/\/www.lourdes-france.org\/de\/oeffnungszeiten\/\" target=\"_blank\">\n\t\t\t\t\t\t<span class=\"elementor-button-content-wrapper\">\n\t\t\t\t\t\t\t\t\t<span class=\"elementor-button-text\">Weitere Zeitpl\u00e4ne.<\/span>\n\t\t\t\t\t<\/span>\n\t\t\t\t\t<\/a>\n\t\t\t\t<\/div>\n\t\t\t\t\t\t\t\t<\/div>\n\t\t\t\t<\/div>\n\t\t\t\t\t<\/div>\n\t\t<\/div>\n\t\t\t\t\t<\/div>\n\t\t<\/section>\n\t\t\t\t<section class=\"elementor-section elementor-top-section elementor-element elementor-element-6ff2fd5 elementor-section-boxed elementor-section-height-default elementor-section-height-default\" data-id=\"6ff2fd5\" data-element_type=\"section\">\n\t\t\t\t\t\t<div class=\"elementor-container elementor-column-gap-no\">\n\t\t\t\t\t<div class=\"elementor-column elementor-col-100 elementor-top-column elementor-element elementor-element-2104c470\" data-id=\"2104c470\" data-element_type=\"column\">\n\t\t\t<div class=\"elementor-widget-wrap elementor-element-populated\">\n\t\t\t\t\t\t<div class=\"elementor-element elementor-element-a9545b8 elementor-widget elementor-widget-heading\" data-id=\"a9545b8\" data-element_type=\"widget\" data-widget_type=\"heading.default\">\n\t\t\t\t<div class=\"elementor-widget-container\">\n\t\t\t\t\t<h3 class=\"elementor-heading-title elementor-size-default\">\u00c9v\u00e8nemenCiel 2024, f\u00fcr wen? Warum?<\/h3>\t\t\t\t<\/div>\n\t\t\t\t<\/div>\n\t\t\t\t<div class=\"elementor-element elementor-element-42162eb8 elementor-widget elementor-widget-text-editor\" data-id=\"42162eb8\" data-element_type=\"widget\" data-widget_type=\"text-editor.default\">\n\t\t\t\t<div class=\"elementor-widget-container\">\n\t\t\t\t\t\t\t\t\t<p>In Lourdes versammeln sich 1500 Pilger f\u00fcr vier Tage, um der Stimme des Heiligen Geist zu folgen, Gott zu loben und zu preisen und um sich weiterzubilden. <br \/>Das EventmenCiel, vom 8. bis 12. Mai 2024, wird von <em><strong>\u201eAmen, oui je croix!\u201c<\/strong><\/em> organisiert. Ein Treffen mit Belehrungen, Lobpreis, Gebetswachen und einem Liedabend mit einer <em><strong>Christoth\u00e8que<\/strong><\/em> mit P. Baldo Alagna und Laurent Gay.<\/p>\t\t\t\t\t\t\t\t<\/div>\n\t\t\t\t<\/div>\n\t\t\t\t\t<\/div>\n\t\t<\/div>\n\t\t\t\t\t<\/div>\n\t\t<\/section>\n\t\t\t\t<section class=\"elementor-section elementor-top-section elementor-element elementor-element-4218d4d elementor-section-boxed elementor-section-height-default elementor-section-height-default\" data-id=\"4218d4d\" data-element_type=\"section\">\n\t\t\t\t\t\t<div class=\"elementor-container elementor-column-gap-default\">\n\t\t\t\t\t<div class=\"elementor-column elementor-col-50 elementor-top-column elementor-element elementor-element-ca89b44\" data-id=\"ca89b44\" data-element_type=\"column\">\n\t\t\t<div class=\"elementor-widget-wrap elementor-element-populated\">\n\t\t\t\t\t\t<div class=\"elementor-element elementor-element-4f67dd8 elementor-widget elementor-widget-image\" data-id=\"4f67dd8\" data-element_type=\"widget\" data-widget_type=\"image.default\">\n\t\t\t\t<div class=\"elementor-widget-container\">\n\t\t\t\t\t\t\t\t\t\t\t\t\t\t\t<img decoding=\"async\" width=\"553\" height=\"781\" src=\"https:\/\/www.lourdes-france.com\/wp-content\/uploads\/2024\/05\/EvenemenCiel-2024.webp\" class=\"attachment-large size-large wp-image-824276\" alt=\"\" srcset=\"https:\/\/www.lourdes-france.com\/wp-content\/uploads\/2024\/05\/EvenemenCiel-2024.webp 553w, https:\/\/www.lourdes-france.com\/wp-content\/uploads\/2024\/05\/EvenemenCiel-2024-212x300.webp 212w\" sizes=\"(max-width: 553px) 100vw, 553px\" \/>\t\t\t\t\t\t\t\t\t\t\t\t\t\t\t<\/div>\n\t\t\t\t<\/div>\n\t\t\t\t\t<\/div>\n\t\t<\/div>\n\t\t\t\t<div class=\"elementor-column elementor-col-50 elementor-top-column elementor-element elementor-element-6ccac83\" data-id=\"6ccac83\" data-element_type=\"column\">\n\t\t\t<div class=\"elementor-widget-wrap elementor-element-populated\">\n\t\t\t\t\t\t<div class=\"elementor-element elementor-element-319f21a elementor-widget elementor-widget-image\" data-id=\"319f21a\" data-element_type=\"widget\" data-widget_type=\"image.default\">\n\t\t\t\t<div class=\"elementor-widget-container\">\n\t\t\t\t\t\t\t\t\t\t\t\t\t\t\t<img decoding=\"async\" width=\"553\" height=\"775\" src=\"https:\/\/www.lourdes-france.com\/wp-content\/uploads\/2024\/05\/AOJC-EvenementCiel-2024-Programme.webp\" class=\"attachment-large size-large wp-image-824269\" alt=\"\" srcset=\"https:\/\/www.lourdes-france.com\/wp-content\/uploads\/2024\/05\/AOJC-EvenementCiel-2024-Programme.webp 553w, https:\/\/www.lourdes-france.com\/wp-content\/uploads\/2024\/05\/AOJC-EvenementCiel-2024-Programme-214x300.webp 214w\" sizes=\"(max-width: 553px) 100vw, 553px\" \/>\t\t\t\t\t\t\t\t\t\t\t\t\t\t\t<\/div>\n\t\t\t\t<\/div>\n\t\t\t\t\t<\/div>\n\t\t<\/div>\n\t\t\t\t\t<\/div>\n\t\t<\/section>\n\t\t\t\t<section class=\"elementor-section elementor-top-section elementor-element elementor-element-ff10881 elementor-section-boxed elementor-section-height-default elementor-section-height-default\" data-id=\"ff10881\" data-element_type=\"section\">\n\t\t\t\t\t\t<div class=\"elementor-container elementor-column-gap-default\">\n\t\t\t\t\t<div class=\"elementor-column elementor-col-100 elementor-top-column elementor-element elementor-element-8d5a255\" data-id=\"8d5a255\" data-element_type=\"column\">\n\t\t\t<div class=\"elementor-widget-wrap elementor-element-populated\">\n\t\t\t\t\t\t<div class=\"elementor-element elementor-element-22ef69c elementor-align-center elementor-widget elementor-widget-button\" data-id=\"22ef69c\" data-element_type=\"widget\" data-widget_type=\"button.default\">\n\t\t\t\t<div class=\"elementor-widget-container\">\n\t\t\t\t\t\t\t\t\t<div class=\"elementor-button-wrapper\">\n\t\t\t\t\t<a class=\"elementor-button elementor-button-link elementor-size-sm\" href=\"https:\/\/www.radiopresence.com\/emissions\/foi\/vie-de-l-eglise\/vivante-eglise\/article\/l-evenemenciel-2024-a-lourdes\" target=\"_blank\">\n\t\t\t\t\t\t<span class=\"elementor-button-content-wrapper\">\n\t\t\t\t\t\t\t\t\t<span class=\"elementor-button-text\">H\u00f6ren Sie sich die Radiosendung Vivante Eglise mit dem Gast: Jean-Luc Garnier an<\/span>\n\t\t\t\t\t<\/span>\n\t\t\t\t\t<\/a>\n\t\t\t\t<\/div>\n\t\t\t\t\t\t\t\t<\/div>\n\t\t\t\t<\/div>\n\t\t\t\t\t<\/div>\n\t\t<\/div>\n\t\t\t\t\t<\/div>\n\t\t<\/section>\n\t\t\t\t<section class=\"elementor-section elementor-top-section elementor-element elementor-element-4b0c6aa elementor-section-boxed elementor-section-height-default elementor-section-height-default\" data-id=\"4b0c6aa\" data-element_type=\"section\">\n\t\t\t\t\t\t<div class=\"elementor-container elementor-column-gap-default\">\n\t\t\t\t\t<div class=\"elementor-column elementor-col-100 elementor-top-column elementor-element elementor-element-2976303\" data-id=\"2976303\" data-element_type=\"column\">\n\t\t\t<div class=\"elementor-widget-wrap elementor-element-populated\">\n\t\t\t\t\t\t<div class=\"elementor-element elementor-element-02869a7 elementor-widget elementor-widget-text-editor\" data-id=\"02869a7\" data-element_type=\"widget\" data-widget_type=\"text-editor.default\">\n\t\t\t\t<div class=\"elementor-widget-container\">\n\t\t\t\t\t\t\t\t\t<p><span style=\"color: #000000;\"><strong>Jean-Luc Garnier<\/strong> ist ein ehemaliger Rapper der Gruppe von MC Solaar, der in Gewalt und S\u00fcchten verstrickt war und dessen Schicksal sich an dem Tag, an dem er Christus begegnete, v\u00f6llig ver\u00e4nderte. Nach seiner Bekehrung zum Christentum startete er mit <em><strong>\u201eAmen, Oui je croix\u201c<\/strong><\/em> einen Ort zur Evangelisation und der Organisation von Veranstaltungen, an dem man seine Talente im Dienst des Gottes Herrn praktizieren kann.<br \/><\/span><\/p>\t\t\t\t\t\t\t\t<\/div>\n\t\t\t\t<\/div>\n\t\t\t\t\t<\/div>\n\t\t<\/div>\n\t\t\t\t\t<\/div>\n\t\t<\/section>\n\t\t\t\t<section class=\"elementor-section elementor-top-section elementor-element elementor-element-432bb2a elementor-section-boxed elementor-section-height-default elementor-section-height-default\" data-id=\"432bb2a\" data-element_type=\"section\">\n\t\t\t\t\t\t<div class=\"elementor-container elementor-column-gap-default\">\n\t\t\t\t\t<div class=\"elementor-column elementor-col-50 elementor-top-column elementor-element elementor-element-d22b5d1\" data-id=\"d22b5d1\" data-element_type=\"column\">\n\t\t\t<div class=\"elementor-widget-wrap elementor-element-populated\">\n\t\t\t\t\t\t<div class=\"elementor-element elementor-element-a8f5a84 elementor-widget elementor-widget-button\" data-id=\"a8f5a84\" data-element_type=\"widget\" data-widget_type=\"button.default\">\n\t\t\t\t<div class=\"elementor-widget-container\">\n\t\t\t\t\t\t\t\t\t<div class=\"elementor-button-wrapper\">\n\t\t\t\t\t<a class=\"elementor-button elementor-button-link elementor-size-sm\" href=\"https:\/\/www.lourdes-france.com\/de\/pilger-fur-einen-tag\/\" target=\"_blank\">\n\t\t\t\t\t\t<span class=\"elementor-button-content-wrapper\">\n\t\t\t\t\t\t\t\t\t<span class=\"elementor-button-text\">Verfolgen Sie alle Aktivit\u00e4ten des Heiligtums, die f\u00fcr Lourdes-Pilger angeboten werden<\/span>\n\t\t\t\t\t<\/span>\n\t\t\t\t\t<\/a>\n\t\t\t\t<\/div>\n\t\t\t\t\t\t\t\t<\/div>\n\t\t\t\t<\/div>\n\t\t\t\t\t<\/div>\n\t\t<\/div>\n\t\t\t\t<div class=\"elementor-column elementor-col-50 elementor-top-column elementor-element elementor-element-c898938\" data-id=\"c898938\" data-element_type=\"column\">\n\t\t\t<div class=\"elementor-widget-wrap elementor-element-populated\">\n\t\t\t\t\t\t<div class=\"elementor-element elementor-element-7891130 elementor-widget elementor-widget-button\" data-id=\"7891130\" data-element_type=\"widget\" data-widget_type=\"button.default\">\n\t\t\t\t<div class=\"elementor-widget-container\">\n\t\t\t\t\t\t\t\t\t<div class=\"elementor-button-wrapper\">\n\t\t\t\t\t<a class=\"elementor-button elementor-button-link elementor-size-sm\" href=\"https:\/\/www.lourdes-france.com\/lapplication-prier-avec-lourdes\/\" target=\"_blank\">\n\t\t\t\t\t\t<span class=\"elementor-button-content-wrapper\">\n\t\t\t\t\t\t\t\t\t<span class=\"elementor-button-text\">W\u00e4hrend des Monats Mai empfangen Sie t\u00e4glich ein Gebet, wenn Sie die App \u201eBeten mit Lourdes\u201c herunterladen<\/span>\n\t\t\t\t\t<\/span>\n\t\t\t\t\t<\/a>\n\t\t\t\t<\/div>\n\t\t\t\t\t\t\t\t<\/div>\n\t\t\t\t<\/div>\n\t\t\t\t\t<\/div>\n\t\t<\/div>\n\t\t\t\t\t<\/div>\n\t\t<\/section>\n\t\t\t\t<\/div>\n\t\t","protected":false},"excerpt":{"rendered":"<p>Das Fest Christi Himmelfahrt begeht den Aufstieg Jesu zu Gott, seinem Vater. Es wird vierzig Tage nach Ostern gefeiert. Es ist eines der wichtigsten christlichen Feste im Anschluss an Ostern und das Pfingstfest zehn Tage sp\u00e4ter ank\u00fcndigt.<\/p>\n","protected":false},"author":9,"featured_media":824248,"comment_status":"closed","ping_status":"closed","sticky":false,"template":"","format":"standard","meta":{"_acf_changed":false,"footnotes":""},"categories":[67],"tags":[],"class_list":["post-824370","post","type-post","status-publish","format-standard","has-post-thumbnail","hentry","category-en-ce-moment-de"],"acf":[],"yoast_head":"<!-- This site is optimized with the Yoast SEO Premium plugin v24.0 (Yoast SEO v26.3) - https:\/\/yoast.com\/wordpress\/plugins\/seo\/ -->\n<title>Kommen Sie zum Fest von Christi Himmelfahrt nach Lourdes! - Vivre le p\u00e8lerinage de Lourdes<\/title>\n<meta name=\"description\" content=\"Kommen Sie zum Fest von Christi Himmelfahrt nach Lourdes. Der Wallfahrtsort Lourdes mit Pilgern aus der aller Welt feiern.\" \/>\n<meta name=\"robots\" content=\"index, follow, max-snippet:-1, max-image-preview:large, max-video-preview:-1\" \/>\n<link rel=\"canonical\" href=\"https:\/\/www.lourdes-france.com\/de\/christi-himmelfahrt-nach-lourdes\/\" \/>\n<meta property=\"og:locale\" content=\"de_DE\" \/>\n<meta property=\"og:type\" content=\"article\" \/>\n<meta property=\"og:title\" content=\"Kommen Sie zum Fest von Christi Himmelfahrt nach Lourdes!\" \/>\n<meta property=\"og:description\" content=\"Kommen Sie zum Fest von Christi Himmelfahrt nach Lourdes. Der Wallfahrtsort Lourdes mit Pilgern aus der aller Welt feiern.\" \/>\n<meta property=\"og:url\" content=\"https:\/\/www.lourdes-france.com\/de\/christi-himmelfahrt-nach-lourdes\/\" \/>\n<meta property=\"og:site_name\" content=\"Vivre le p\u00e8lerinage de Lourdes\" \/>\n<meta property=\"article:published_time\" content=\"2024-05-03T06:30:00+00:00\" \/>\n<meta property=\"article:modified_time\" content=\"2024-05-06T08:30:23+00:00\" \/>\n<meta property=\"og:image\" content=\"https:\/\/www.lourdes-france.com\/wp-content\/uploads\/2024\/04\/Ascension2024-1024x685.jpg\" \/>\n\t<meta property=\"og:image:width\" content=\"1024\" \/>\n\t<meta property=\"og:image:height\" content=\"685\" \/>\n\t<meta property=\"og:image:type\" content=\"image\/jpeg\" \/>\n<meta name=\"author\" content=\"communication\" \/>\n<meta name=\"twitter:card\" content=\"summary_large_image\" \/>\n<meta name=\"twitter:label1\" content=\"Verfasst von\" \/>\n\t<meta name=\"twitter:data1\" content=\"communication\" \/>\n\t<meta name=\"twitter:label2\" content=\"Gesch\u00e4tzte Lesezeit\" \/>\n\t<meta name=\"twitter:data2\" content=\"3\u00a0Minuten\" \/>\n<script type=\"application\/ld+json\" class=\"yoast-schema-graph\">{\"@context\":\"https:\/\/schema.org\",\"@graph\":[{\"@type\":\"NewsArticle\",\"@id\":\"https:\/\/www.lourdes-france.com\/de\/christi-himmelfahrt-nach-lourdes\/#article\",\"isPartOf\":{\"@id\":\"https:\/\/www.lourdes-france.com\/de\/christi-himmelfahrt-nach-lourdes\/\"},\"author\":{\"name\":\"communication\",\"@id\":\"https:\/\/www.lourdes-france.com\/de\/#\/schema\/person\/cec1bc287296b4aed571d4364999fa69\"},\"headline\":\"Kommen Sie zum Fest von Christi Himmelfahrt nach Lourdes!\",\"datePublished\":\"2024-05-03T06:30:00+00:00\",\"dateModified\":\"2024-05-06T08:30:23+00:00\",\"mainEntityOfPage\":{\"@id\":\"https:\/\/www.lourdes-france.com\/de\/christi-himmelfahrt-nach-lourdes\/\"},\"wordCount\":412,\"publisher\":{\"@id\":\"https:\/\/www.lourdes-france.com\/de\/#organization\"},\"image\":{\"@id\":\"https:\/\/www.lourdes-france.com\/de\/christi-himmelfahrt-nach-lourdes\/#primaryimage\"},\"thumbnailUrl\":\"https:\/\/www.lourdes-france.com\/wp-content\/uploads\/2024\/04\/Ascension2024.jpg\",\"articleSection\":[\"En ce moment\"],\"inLanguage\":\"de\"},{\"@type\":\"WebPage\",\"@id\":\"https:\/\/www.lourdes-france.com\/de\/christi-himmelfahrt-nach-lourdes\/\",\"url\":\"https:\/\/www.lourdes-france.com\/de\/christi-himmelfahrt-nach-lourdes\/\",\"name\":\"Kommen Sie zum Fest von Christi Himmelfahrt nach Lourdes! - Vivre le p\u00e8lerinage de Lourdes\",\"isPartOf\":{\"@id\":\"https:\/\/www.lourdes-france.com\/de\/#website\"},\"primaryImageOfPage\":{\"@id\":\"https:\/\/www.lourdes-france.com\/de\/christi-himmelfahrt-nach-lourdes\/#primaryimage\"},\"image\":{\"@id\":\"https:\/\/www.lourdes-france.com\/de\/christi-himmelfahrt-nach-lourdes\/#primaryimage\"},\"thumbnailUrl\":\"https:\/\/www.lourdes-france.com\/wp-content\/uploads\/2024\/04\/Ascension2024.jpg\",\"datePublished\":\"2024-05-03T06:30:00+00:00\",\"dateModified\":\"2024-05-06T08:30:23+00:00\",\"description\":\"Kommen Sie zum Fest von Christi Himmelfahrt nach Lourdes. Der Wallfahrtsort Lourdes mit Pilgern aus der aller Welt feiern.\",\"breadcrumb\":{\"@id\":\"https:\/\/www.lourdes-france.com\/de\/christi-himmelfahrt-nach-lourdes\/#breadcrumb\"},\"inLanguage\":\"de\",\"potentialAction\":[{\"@type\":\"ReadAction\",\"target\":[\"https:\/\/www.lourdes-france.com\/de\/christi-himmelfahrt-nach-lourdes\/\"]}]},{\"@type\":\"ImageObject\",\"inLanguage\":\"de\",\"@id\":\"https:\/\/www.lourdes-france.com\/de\/christi-himmelfahrt-nach-lourdes\/#primaryimage\",\"url\":\"https:\/\/www.lourdes-france.com\/wp-content\/uploads\/2024\/04\/Ascension2024.jpg\",\"contentUrl\":\"https:\/\/www.lourdes-france.com\/wp-content\/uploads\/2024\/04\/Ascension2024.jpg\",\"width\":1920,\"height\":1284,\"caption\":\"F\u00eater l\u2019Ascension \u00e0 Lourdes\"},{\"@type\":\"BreadcrumbList\",\"@id\":\"https:\/\/www.lourdes-france.com\/de\/christi-himmelfahrt-nach-lourdes\/#breadcrumb\",\"itemListElement\":[{\"@type\":\"ListItem\",\"position\":1,\"name\":\"Accueil\",\"item\":\"https:\/\/www.lourdes-france.com\/de\/\"},{\"@type\":\"ListItem\",\"position\":2,\"name\":\"Kommen Sie zum Fest von Christi Himmelfahrt nach Lourdes!\"}]},{\"@type\":\"WebSite\",\"@id\":\"https:\/\/www.lourdes-france.com\/de\/#website\",\"url\":\"https:\/\/www.lourdes-france.com\/de\/\",\"name\":\"Sanctuaire Notre-Dame de Lourdes\",\"description\":\"\",\"publisher\":{\"@id\":\"https:\/\/www.lourdes-france.com\/de\/#organization\"},\"potentialAction\":[{\"@type\":\"SearchAction\",\"target\":{\"@type\":\"EntryPoint\",\"urlTemplate\":\"https:\/\/www.lourdes-france.com\/de\/?s={search_term_string}\"},\"query-input\":{\"@type\":\"PropertyValueSpecification\",\"valueRequired\":true,\"valueName\":\"search_term_string\"}}],\"inLanguage\":\"de\"},{\"@type\":\"Organization\",\"@id\":\"https:\/\/www.lourdes-france.com\/de\/#organization\",\"name\":\"Sanctuaire Notre-Dame de Lourdes\",\"url\":\"https:\/\/www.lourdes-france.com\/de\/\",\"logo\":{\"@type\":\"ImageObject\",\"inLanguage\":\"de\",\"@id\":\"https:\/\/www.lourdes-france.com\/de\/#\/schema\/logo\/image\/\",\"url\":\"https:\/\/www.lourdes-france.com\/wp-content\/uploads\/2021\/11\/logo-small.png\",\"contentUrl\":\"https:\/\/www.lourdes-france.com\/wp-content\/uploads\/2021\/11\/logo-small.png\",\"width\":834,\"height\":521,\"caption\":\"Sanctuaire Notre-Dame de Lourdes\"},\"image\":{\"@id\":\"https:\/\/www.lourdes-france.com\/de\/#\/schema\/logo\/image\/\"}},{\"@type\":\"Person\",\"@id\":\"https:\/\/www.lourdes-france.com\/de\/#\/schema\/person\/cec1bc287296b4aed571d4364999fa69\",\"name\":\"communication\",\"image\":{\"@type\":\"ImageObject\",\"inLanguage\":\"de\",\"@id\":\"https:\/\/www.lourdes-france.com\/de\/#\/schema\/person\/image\/\",\"url\":\"https:\/\/secure.gravatar.com\/avatar\/c941c552c76e46c27f2de2045e73ee4cc48fa8d96f958f26a2362c0c73aaf425?s=96&d=mm&r=g\",\"contentUrl\":\"https:\/\/secure.gravatar.com\/avatar\/c941c552c76e46c27f2de2045e73ee4cc48fa8d96f958f26a2362c0c73aaf425?s=96&d=mm&r=g\",\"caption\":\"communication\"},\"url\":\"https:\/\/www.lourdes-france.com\/de\/author\/communication\/\"}]}<\/script>\n<!-- \/ Yoast SEO Premium plugin. -->","yoast_head_json":{"title":"Kommen Sie zum Fest von Christi Himmelfahrt nach Lourdes! - Vivre le p\u00e8lerinage de Lourdes","description":"Kommen Sie zum Fest von Christi Himmelfahrt nach Lourdes. Der Wallfahrtsort Lourdes mit Pilgern aus der aller Welt feiern.","robots":{"index":"index","follow":"follow","max-snippet":"max-snippet:-1","max-image-preview":"max-image-preview:large","max-video-preview":"max-video-preview:-1"},"canonical":"https:\/\/www.lourdes-france.com\/de\/christi-himmelfahrt-nach-lourdes\/","og_locale":"de_DE","og_type":"article","og_title":"Kommen Sie zum Fest von Christi Himmelfahrt nach Lourdes!","og_description":"Kommen Sie zum Fest von Christi Himmelfahrt nach Lourdes. Der Wallfahrtsort Lourdes mit Pilgern aus der aller Welt feiern.","og_url":"https:\/\/www.lourdes-france.com\/de\/christi-himmelfahrt-nach-lourdes\/","og_site_name":"Vivre le p\u00e8lerinage de Lourdes","article_published_time":"2024-05-03T06:30:00+00:00","article_modified_time":"2024-05-06T08:30:23+00:00","og_image":[{"width":1024,"height":685,"url":"https:\/\/www.lourdes-france.com\/wp-content\/uploads\/2024\/04\/Ascension2024-1024x685.jpg","type":"image\/jpeg"}],"author":"communication","twitter_card":"summary_large_image","twitter_misc":{"Verfasst von":"communication","Gesch\u00e4tzte Lesezeit":"3\u00a0Minuten"},"schema":{"@context":"https:\/\/schema.org","@graph":[{"@type":"NewsArticle","@id":"https:\/\/www.lourdes-france.com\/de\/christi-himmelfahrt-nach-lourdes\/#article","isPartOf":{"@id":"https:\/\/www.lourdes-france.com\/de\/christi-himmelfahrt-nach-lourdes\/"},"author":{"name":"communication","@id":"https:\/\/www.lourdes-france.com\/de\/#\/schema\/person\/cec1bc287296b4aed571d4364999fa69"},"headline":"Kommen Sie zum Fest von Christi Himmelfahrt nach Lourdes!","datePublished":"2024-05-03T06:30:00+00:00","dateModified":"2024-05-06T08:30:23+00:00","mainEntityOfPage":{"@id":"https:\/\/www.lourdes-france.com\/de\/christi-himmelfahrt-nach-lourdes\/"},"wordCount":412,"publisher":{"@id":"https:\/\/www.lourdes-france.com\/de\/#organization"},"image":{"@id":"https:\/\/www.lourdes-france.com\/de\/christi-himmelfahrt-nach-lourdes\/#primaryimage"},"thumbnailUrl":"https:\/\/www.lourdes-france.com\/wp-content\/uploads\/2024\/04\/Ascension2024.jpg","articleSection":["En ce moment"],"inLanguage":"de"},{"@type":"WebPage","@id":"https:\/\/www.lourdes-france.com\/de\/christi-himmelfahrt-nach-lourdes\/","url":"https:\/\/www.lourdes-france.com\/de\/christi-himmelfahrt-nach-lourdes\/","name":"Kommen Sie zum Fest von Christi Himmelfahrt nach Lourdes! - Vivre le p\u00e8lerinage de Lourdes","isPartOf":{"@id":"https:\/\/www.lourdes-france.com\/de\/#website"},"primaryImageOfPage":{"@id":"https:\/\/www.lourdes-france.com\/de\/christi-himmelfahrt-nach-lourdes\/#primaryimage"},"image":{"@id":"https:\/\/www.lourdes-france.com\/de\/christi-himmelfahrt-nach-lourdes\/#primaryimage"},"thumbnailUrl":"https:\/\/www.lourdes-france.com\/wp-content\/uploads\/2024\/04\/Ascension2024.jpg","datePublished":"2024-05-03T06:30:00+00:00","dateModified":"2024-05-06T08:30:23+00:00","description":"Kommen Sie zum Fest von Christi Himmelfahrt nach Lourdes. Der Wallfahrtsort Lourdes mit Pilgern aus der aller Welt feiern.","breadcrumb":{"@id":"https:\/\/www.lourdes-france.com\/de\/christi-himmelfahrt-nach-lourdes\/#breadcrumb"},"inLanguage":"de","potentialAction":[{"@type":"ReadAction","target":["https:\/\/www.lourdes-france.com\/de\/christi-himmelfahrt-nach-lourdes\/"]}]},{"@type":"ImageObject","inLanguage":"de","@id":"https:\/\/www.lourdes-france.com\/de\/christi-himmelfahrt-nach-lourdes\/#primaryimage","url":"https:\/\/www.lourdes-france.com\/wp-content\/uploads\/2024\/04\/Ascension2024.jpg","contentUrl":"https:\/\/www.lourdes-france.com\/wp-content\/uploads\/2024\/04\/Ascension2024.jpg","width":1920,"height":1284,"caption":"F\u00eater l\u2019Ascension \u00e0 Lourdes"},{"@type":"BreadcrumbList","@id":"https:\/\/www.lourdes-france.com\/de\/christi-himmelfahrt-nach-lourdes\/#breadcrumb","itemListElement":[{"@type":"ListItem","position":1,"name":"Accueil","item":"https:\/\/www.lourdes-france.com\/de\/"},{"@type":"ListItem","position":2,"name":"Kommen Sie zum Fest von Christi Himmelfahrt nach Lourdes!"}]},{"@type":"WebSite","@id":"https:\/\/www.lourdes-france.com\/de\/#website","url":"https:\/\/www.lourdes-france.com\/de\/","name":"Sanctuaire Notre-Dame de Lourdes","description":"","publisher":{"@id":"https:\/\/www.lourdes-france.com\/de\/#organization"},"potentialAction":[{"@type":"SearchAction","target":{"@type":"EntryPoint","urlTemplate":"https:\/\/www.lourdes-france.com\/de\/?s={search_term_string}"},"query-input":{"@type":"PropertyValueSpecification","valueRequired":true,"valueName":"search_term_string"}}],"inLanguage":"de"},{"@type":"Organization","@id":"https:\/\/www.lourdes-france.com\/de\/#organization","name":"Sanctuaire Notre-Dame de Lourdes","url":"https:\/\/www.lourdes-france.com\/de\/","logo":{"@type":"ImageObject","inLanguage":"de","@id":"https:\/\/www.lourdes-france.com\/de\/#\/schema\/logo\/image\/","url":"https:\/\/www.lourdes-france.com\/wp-content\/uploads\/2021\/11\/logo-small.png","contentUrl":"https:\/\/www.lourdes-france.com\/wp-content\/uploads\/2021\/11\/logo-small.png","width":834,"height":521,"caption":"Sanctuaire Notre-Dame de Lourdes"},"image":{"@id":"https:\/\/www.lourdes-france.com\/de\/#\/schema\/logo\/image\/"}},{"@type":"Person","@id":"https:\/\/www.lourdes-france.com\/de\/#\/schema\/person\/cec1bc287296b4aed571d4364999fa69","name":"communication","image":{"@type":"ImageObject","inLanguage":"de","@id":"https:\/\/www.lourdes-france.com\/de\/#\/schema\/person\/image\/","url":"https:\/\/secure.gravatar.com\/avatar\/c941c552c76e46c27f2de2045e73ee4cc48fa8d96f958f26a2362c0c73aaf425?s=96&d=mm&r=g","contentUrl":"https:\/\/secure.gravatar.com\/avatar\/c941c552c76e46c27f2de2045e73ee4cc48fa8d96f958f26a2362c0c73aaf425?s=96&d=mm&r=g","caption":"communication"},"url":"https:\/\/www.lourdes-france.com\/de\/author\/communication\/"}]}},"_links":{"self":[{"href":"https:\/\/www.lourdes-france.com\/de\/wp-json\/wp\/v2\/posts\/824370","targetHints":{"allow":["GET"]}}],"collection":[{"href":"https:\/\/www.lourdes-france.com\/de\/wp-json\/wp\/v2\/posts"}],"about":[{"href":"https:\/\/www.lourdes-france.com\/de\/wp-json\/wp\/v2\/types\/post"}],"author":[{"embeddable":true,"href":"https:\/\/www.lourdes-france.com\/de\/wp-json\/wp\/v2\/users\/9"}],"replies":[{"embeddable":true,"href":"https:\/\/www.lourdes-france.com\/de\/wp-json\/wp\/v2\/comments?post=824370"}],"version-history":[{"count":0,"href":"https:\/\/www.lourdes-france.com\/de\/wp-json\/wp\/v2\/posts\/824370\/revisions"}],"wp:featuredmedia":[{"embeddable":true,"href":"https:\/\/www.lourdes-france.com\/de\/wp-json\/wp\/v2\/media\/824248"}],"wp:attachment":[{"href":"https:\/\/www.lourdes-france.com\/de\/wp-json\/wp\/v2\/media?parent=824370"}],"wp:term":[{"taxonomy":"category","embeddable":true,"href":"https:\/\/www.lourdes-france.com\/de\/wp-json\/wp\/v2\/categories?post=824370"},{"taxonomy":"post_tag","embeddable":true,"href":"https:\/\/www.lourdes-france.com\/de\/wp-json\/wp\/v2\/tags?post=824370"}],"curies":[{"name":"wp","href":"https:\/\/api.w.org\/{rel}","templated":true}]}}