{"id":807637,"date":"2023-07-11T09:57:08","date_gmt":"2023-07-11T07:57:08","guid":{"rendered":"https:\/\/www.lourdes-france.com\/lourdes-2023-sulla-strada-delle-gmg\/"},"modified":"2023-07-11T11:50:07","modified_gmt":"2023-07-11T09:50:07","slug":"lourdes-2023-auf-dem-weg-zum-weltjugendtag-wjt","status":"publish","type":"post","link":"https:\/\/www.lourdes-france.com\/de\/lourdes-2023-auf-dem-weg-zum-weltjugendtag-wjt\/","title":{"rendered":"Lourdes 2023 \u2013 Auf dem Weg zum Weltjugendtag (WJT)"},"content":{"rendered":"\t\t<div data-elementor-type=\"wp-post\" data-elementor-id=\"807637\" class=\"elementor elementor-807637 elementor-807461\" data-elementor-post-type=\"post\">\n\t\t\t\t\t\t<section class=\"elementor-section elementor-top-section elementor-element elementor-element-39505540 elementor-section-boxed elementor-section-height-default elementor-section-height-default\" data-id=\"39505540\" data-element_type=\"section\">\n\t\t\t\t\t\t<div class=\"elementor-container elementor-column-gap-no\">\n\t\t\t\t\t<div class=\"elementor-column elementor-col-100 elementor-top-column elementor-element elementor-element-3f6c23c1\" data-id=\"3f6c23c1\" data-element_type=\"column\">\n\t\t\t<div class=\"elementor-widget-wrap elementor-element-populated\">\n\t\t\t\t\t\t<div class=\"elementor-element elementor-element-149a6fe3 elementor-widget elementor-widget-text-editor\" data-id=\"149a6fe3\" data-element_type=\"widget\" data-widget_type=\"text-editor.default\">\n\t\t\t\t<div class=\"elementor-widget-container\">\n\t\t\t\t\t\t\t\t\t<p><strong>Vom 19. Juli bis zum 8. August werden 25.000 Jugendliche aus Europa, Asien und Amerika auf dem Weg zum Weltjugendtag in Lissabon, Portugal, in Lourdes Halt machen.<br \/>Der Aufenthalt in Lourdes wird viele dieser jungen Menschen sowohl eine Zeit der Bekanntschaft mit der Geschichte der heiligen Bernadette als auch der Erscheinungen werden; und eine Zeit zur Einf\u00fchrung in das Thema des Weltjugendtags, das von Papst Franziskus vorgeschlagen wurde: \u201eMaria erhob sich und eilte in eine Stadt\u201c.<\/strong><\/p>\t\t\t\t\t\t\t\t<\/div>\n\t\t\t\t<\/div>\n\t\t\t\t<div class=\"elementor-element elementor-element-177e4e6d elementor-widget elementor-widget-text-editor\" data-id=\"177e4e6d\" data-element_type=\"widget\" data-widget_type=\"text-editor.default\">\n\t\t\t\t<div class=\"elementor-widget-container\">\n\t\t\t\t\t\t\t\t\t<p><strong>Aus diesem Anlass verst\u00e4rkt und passt das Heiligtum von Lourdes sein t\u00e4gliches Programm an (internationale Messe der Jugendlichen, jugendgem\u00e4\u00dfe Zeiten zum Lobpreis und der Erkundung, Rezitation aus dem Bernadette Musical usw.) und bietet all den Gruppen auf dem Durchgang auch die M\u00f6glichkeit, an den \u201egro\u00dfen Klassikern\u201c teilzunehmen: Gesten von Lourdes, eucharistische Prozession und marianische Lichterprozession.<\/strong><\/p>\t\t\t\t\t\t\t\t<\/div>\n\t\t\t\t<\/div>\n\t\t\t\t<div class=\"elementor-element elementor-element-1f3b1cbf elementor-widget elementor-widget-heading\" data-id=\"1f3b1cbf\" data-element_type=\"widget\" data-widget_type=\"heading.default\">\n\t\t\t\t<div class=\"elementor-widget-container\">\n\t\t\t\t\t<h3 class=\"elementor-heading-title elementor-size-default\">Tages-Programm in Lourdes<\/h3>\t\t\t\t<\/div>\n\t\t\t\t<\/div>\n\t\t\t\t<section class=\"elementor-section elementor-inner-section elementor-element elementor-element-0b4e10f elementor-section-boxed elementor-section-height-default elementor-section-height-default\" data-id=\"0b4e10f\" data-element_type=\"section\">\n\t\t\t\t\t\t<div class=\"elementor-container elementor-column-gap-default\">\n\t\t\t\t\t<div class=\"elementor-column elementor-col-50 elementor-inner-column elementor-element elementor-element-7b051dd\" data-id=\"7b051dd\" data-element_type=\"column\">\n\t\t\t<div class=\"elementor-widget-wrap elementor-element-populated\">\n\t\t\t\t\t\t<div class=\"elementor-element elementor-element-09c1241 elementor-widget elementor-widget-text-editor\" data-id=\"09c1241\" data-element_type=\"widget\" data-widget_type=\"text-editor.default\">\n\t\t\t\t<div class=\"elementor-widget-container\">\n\t\t\t\t\t\t\t\t\t<p><strong>10h30: Empfang und Lobpreis im Jugendzelt <br \/>10h45: Prozession zur Grotte <br \/>11h00: Internationale Jugendmesse an der Grotte <br \/>12h30 \u2013 14h00: Mittagessen im Saal \u201eLa For\u00eat\u201c <br \/>14h00\u00a0\u2013 15h00: Lobpreis und Anregungen der Jugendpastoral im Jugendzelt <br \/>15h00 \u2013 16h00: Touren durch den Wallfahrtsort und die Gemeinde Lourdes <br \/>16h00 \u2013 17h00: Zeit zum pers\u00f6nlichen Gebet <br \/>17h00: Sakramentsprozession <br \/>19h00 \u2013 20h30: Abendessen im Saal \u201eLa For\u00eat\u201c<br \/>21h00: Marianische Lichterprozession <\/strong><\/p>\t\t\t\t\t\t\t\t<\/div>\n\t\t\t\t<\/div>\n\t\t\t\t\t<\/div>\n\t\t<\/div>\n\t\t\t\t<div class=\"elementor-column elementor-col-50 elementor-inner-column elementor-element elementor-element-91bc5fb\" data-id=\"91bc5fb\" data-element_type=\"column\">\n\t\t\t<div class=\"elementor-widget-wrap elementor-element-populated\">\n\t\t\t\t\t\t<div class=\"elementor-element elementor-element-70621a6 elementor-widget elementor-widget-image\" data-id=\"70621a6\" data-element_type=\"widget\" data-widget_type=\"image.default\">\n\t\t\t\t<div class=\"elementor-widget-container\">\n\t\t\t\t\t\t\t\t\t\t\t\t\t\t\t<img fetchpriority=\"high\" decoding=\"async\" width=\"1024\" height=\"683\" src=\"https:\/\/www.lourdes-france.com\/wp-content\/uploads\/2023\/07\/k23_veilllee-des-jeunes-20-1024x683.jpg\" class=\"attachment-large size-large wp-image-807481\" alt=\"\" srcset=\"https:\/\/www.lourdes-france.com\/wp-content\/uploads\/2023\/07\/k23_veilllee-des-jeunes-20-1024x683.jpg 1024w, https:\/\/www.lourdes-france.com\/wp-content\/uploads\/2023\/07\/k23_veilllee-des-jeunes-20-300x200.jpg 300w, https:\/\/www.lourdes-france.com\/wp-content\/uploads\/2023\/07\/k23_veilllee-des-jeunes-20-768x512.jpg 768w, https:\/\/www.lourdes-france.com\/wp-content\/uploads\/2023\/07\/k23_veilllee-des-jeunes-20-1536x1024.jpg 1536w, https:\/\/www.lourdes-france.com\/wp-content\/uploads\/2023\/07\/k23_veilllee-des-jeunes-20-2048x1365.jpg 2048w\" sizes=\"(max-width: 1024px) 100vw, 1024px\" \/>\t\t\t\t\t\t\t\t\t\t\t\t\t\t\t<\/div>\n\t\t\t\t<\/div>\n\t\t\t\t\t<\/div>\n\t\t<\/div>\n\t\t\t\t\t<\/div>\n\t\t<\/section>\n\t\t\t\t<div class=\"elementor-element elementor-element-560d08e4 elementor-widget elementor-widget-heading\" data-id=\"560d08e4\" data-element_type=\"widget\" data-widget_type=\"heading.default\">\n\t\t\t\t<div class=\"elementor-widget-container\">\n\t\t\t\t\t<h3 class=\"elementor-heading-title elementor-size-default\">Ausz\u00fcge aus dem Musicals Bernadette von Lourdes f\u00fcr Jugendliche<\/h3>\t\t\t\t<\/div>\n\t\t\t\t<\/div>\n\t\t\t\t<div class=\"elementor-element elementor-element-e12c052 elementor-widget elementor-widget-image\" data-id=\"e12c052\" data-element_type=\"widget\" data-widget_type=\"image.default\">\n\t\t\t\t<div class=\"elementor-widget-container\">\n\t\t\t\t\t\t\t\t\t\t\t\t\t\t\t<img decoding=\"async\" width=\"1024\" height=\"724\" src=\"https:\/\/www.lourdes-france.com\/wp-content\/uploads\/2023\/07\/Bette-de-Lourdes-1024x724.jpg\" class=\"attachment-large size-large wp-image-807495\" alt=\"\" srcset=\"https:\/\/www.lourdes-france.com\/wp-content\/uploads\/2023\/07\/Bette-de-Lourdes-1024x724.jpg 1024w, https:\/\/www.lourdes-france.com\/wp-content\/uploads\/2023\/07\/Bette-de-Lourdes-300x212.jpg 300w, https:\/\/www.lourdes-france.com\/wp-content\/uploads\/2023\/07\/Bette-de-Lourdes-768x543.jpg 768w, https:\/\/www.lourdes-france.com\/wp-content\/uploads\/2023\/07\/Bette-de-Lourdes-1536x1086.jpg 1536w, https:\/\/www.lourdes-france.com\/wp-content\/uploads\/2023\/07\/Bette-de-Lourdes-2048x1448.jpg 2048w\" sizes=\"(max-width: 1024px) 100vw, 1024px\" \/>\t\t\t\t\t\t\t\t\t\t\t\t\t\t\t<\/div>\n\t\t\t\t<\/div>\n\t\t\t\t<section class=\"elementor-section elementor-inner-section elementor-element elementor-element-1c46ba3 elementor-section-boxed elementor-section-height-default elementor-section-height-default\" data-id=\"1c46ba3\" data-element_type=\"section\">\n\t\t\t\t\t\t<div class=\"elementor-container elementor-column-gap-default\">\n\t\t\t\t\t<div class=\"elementor-column elementor-col-50 elementor-inner-column elementor-element elementor-element-84a3b1a\" data-id=\"84a3b1a\" data-element_type=\"column\">\n\t\t\t<div class=\"elementor-widget-wrap elementor-element-populated\">\n\t\t\t\t\t\t<div class=\"elementor-element elementor-element-5e28ff0 elementor-align-center elementor-widget elementor-widget-button\" data-id=\"5e28ff0\" data-element_type=\"widget\" data-widget_type=\"button.default\">\n\t\t\t\t<div class=\"elementor-widget-container\">\n\t\t\t\t\t\t\t\t\t<div class=\"elementor-button-wrapper\">\n\t\t\t\t\t<a class=\"elementor-button elementor-button-link elementor-size-sm\" href=\"#\">\n\t\t\t\t\t\t<span class=\"elementor-button-content-wrapper\">\n\t\t\t\t\t\t\t\t\t<span class=\"elementor-button-text\">Jugendzelt kennen<\/span>\n\t\t\t\t\t<\/span>\n\t\t\t\t\t<\/a>\n\t\t\t\t<\/div>\n\t\t\t\t\t\t\t\t<\/div>\n\t\t\t\t<\/div>\n\t\t\t\t<div class=\"elementor-element elementor-element-48f4e4c elementor--h-position-center elementor--v-position-middle elementor-arrows-position-inside elementor-pagination-position-inside elementor-widget elementor-widget-slides\" data-id=\"48f4e4c\" data-element_type=\"widget\" data-settings=\"{&quot;navigation&quot;:&quot;both&quot;,&quot;autoplay&quot;:&quot;yes&quot;,&quot;pause_on_hover&quot;:&quot;yes&quot;,&quot;pause_on_interaction&quot;:&quot;yes&quot;,&quot;autoplay_speed&quot;:5000,&quot;infinite&quot;:&quot;yes&quot;,&quot;transition&quot;:&quot;slide&quot;,&quot;transition_speed&quot;:500}\" data-widget_type=\"slides.default\">\n\t\t\t\t<div class=\"elementor-widget-container\">\n\t\t\t\t\t\t\t\t\t<div class=\"elementor-swiper\">\n\t\t\t\t\t<div class=\"elementor-slides-wrapper elementor-main-swiper swiper\" role=\"region\" aria-roledescription=\"carousel\" aria-label=\"Slider\" dir=\"ltr\" data-animation=\"fadeInUp\">\n\t\t\t\t<div class=\"swiper-wrapper elementor-slides\">\n\t\t\t\t\t\t\t\t\t\t<div class=\"elementor-repeater-item-4862a41 swiper-slide\" role=\"group\" aria-roledescription=\"slide\"><div class=\"swiper-slide-bg\" role=\"img\" aria-label=\"k23_Tente de jeunes-2\"><\/div><div class=\"swiper-slide-inner\" ><div class=\"swiper-slide-contents\"><\/div><\/div><\/div><div class=\"elementor-repeater-item-ac2b06a swiper-slide\" role=\"group\" aria-roledescription=\"slide\"><div class=\"swiper-slide-bg\" role=\"img\" aria-label=\"k23_Tente de jeunes-6\"><\/div><div class=\"swiper-slide-inner\" ><div class=\"swiper-slide-contents\"><\/div><\/div><\/div><div class=\"elementor-repeater-item-6fe51d1 swiper-slide\" role=\"group\" aria-roledescription=\"slide\"><div class=\"swiper-slide-bg\" role=\"img\" aria-label=\"k23_Tente de jeunes-11\"><\/div><div class=\"swiper-slide-inner\" ><div class=\"swiper-slide-contents\"><\/div><\/div><\/div><div class=\"elementor-repeater-item-d9794f7 swiper-slide\" role=\"group\" aria-roledescription=\"slide\"><div class=\"swiper-slide-bg\" role=\"img\" aria-label=\"k23_veilll\u00e9e des jeunes-11\"><\/div><div class=\"swiper-slide-inner\" ><div class=\"swiper-slide-contents\"><\/div><\/div><\/div>\t\t\t\t<\/div>\n\t\t\t\t\t\t\t\t\t\t\t\t\t\t\t<div class=\"elementor-swiper-button elementor-swiper-button-prev\" role=\"button\" tabindex=\"0\" aria-label=\"Vorheriger Slide\">\n\t\t\t\t\t\t\t<i aria-hidden=\"true\" class=\"eicon-chevron-left\"><\/i>\t\t\t\t\t\t<\/div>\n\t\t\t\t\t\t<div class=\"elementor-swiper-button elementor-swiper-button-next\" role=\"button\" tabindex=\"0\" aria-label=\"N\u00e4chster Slide\">\n\t\t\t\t\t\t\t<i aria-hidden=\"true\" class=\"eicon-chevron-right\"><\/i>\t\t\t\t\t\t<\/div>\n\t\t\t\t\t\t\t\t\t\t\t\t\t\t\t\t<div class=\"swiper-pagination\"><\/div>\n\t\t\t\t\t\t\t\t\t\t\t\t<\/div>\n\t\t\t\t<\/div>\n\t\t\t\t\t\t\t\t<\/div>\n\t\t\t\t<\/div>\n\t\t\t\t\t<\/div>\n\t\t<\/div>\n\t\t\t\t<div class=\"elementor-column elementor-col-50 elementor-inner-column elementor-element elementor-element-74f5b78\" data-id=\"74f5b78\" data-element_type=\"column\">\n\t\t\t<div class=\"elementor-widget-wrap elementor-element-populated\">\n\t\t\t\t\t\t<div class=\"elementor-element elementor-element-53d1306 elementor-align-center elementor-widget elementor-widget-button\" data-id=\"53d1306\" data-element_type=\"widget\" data-widget_type=\"button.default\">\n\t\t\t\t<div class=\"elementor-widget-container\">\n\t\t\t\t\t\t\t\t\t<div class=\"elementor-button-wrapper\">\n\t\t\t\t\t<a class=\"elementor-button elementor-button-link elementor-size-sm\" href=\"#\">\n\t\t\t\t\t\t<span class=\"elementor-button-content-wrapper\">\n\t\t\t\t\t\t\t\t\t<span class=\"elementor-button-text\">Jugenddorf kennen<\/span>\n\t\t\t\t\t<\/span>\n\t\t\t\t\t<\/a>\n\t\t\t\t<\/div>\n\t\t\t\t\t\t\t\t<\/div>\n\t\t\t\t<\/div>\n\t\t\t\t<div class=\"elementor-element elementor-element-a134b64 elementor--h-position-center elementor--v-position-middle elementor-arrows-position-inside elementor-pagination-position-inside elementor-widget elementor-widget-slides\" data-id=\"a134b64\" data-element_type=\"widget\" data-settings=\"{&quot;navigation&quot;:&quot;both&quot;,&quot;autoplay&quot;:&quot;yes&quot;,&quot;pause_on_hover&quot;:&quot;yes&quot;,&quot;pause_on_interaction&quot;:&quot;yes&quot;,&quot;autoplay_speed&quot;:5000,&quot;infinite&quot;:&quot;yes&quot;,&quot;transition&quot;:&quot;slide&quot;,&quot;transition_speed&quot;:500}\" data-widget_type=\"slides.default\">\n\t\t\t\t<div class=\"elementor-widget-container\">\n\t\t\t\t\t\t\t\t\t<div class=\"elementor-swiper\">\n\t\t\t\t\t<div class=\"elementor-slides-wrapper elementor-main-swiper swiper\" role=\"region\" aria-roledescription=\"carousel\" aria-label=\"Slider\" dir=\"ltr\" data-animation=\"fadeInUp\">\n\t\t\t\t<div class=\"swiper-wrapper elementor-slides\">\n\t\t\t\t\t\t\t\t\t\t<div class=\"elementor-repeater-item-4862a41 swiper-slide\" role=\"group\" aria-roledescription=\"slide\"><div class=\"swiper-slide-bg\" role=\"img\" aria-label=\"VDJ_2019_ETCHEVERRY Marie_24\"><\/div><div class=\"swiper-slide-inner\" ><div class=\"swiper-slide-contents\"><\/div><\/div><\/div><div class=\"elementor-repeater-item-ac2b06a swiper-slide\" role=\"group\" aria-roledescription=\"slide\"><div class=\"swiper-slide-bg\" role=\"img\" aria-label=\"Camp au VDJ\"><\/div><div class=\"swiper-slide-inner\" ><div class=\"swiper-slide-contents\"><\/div><\/div><\/div><div class=\"elementor-repeater-item-6fe51d1 swiper-slide\" role=\"group\" aria-roledescription=\"slide\"><div class=\"swiper-slide-bg\" role=\"img\" aria-label=\"chapelle Notre-Dame du Mont Carmel\"><\/div><div class=\"swiper-slide-inner\" ><div class=\"swiper-slide-contents\"><\/div><\/div><\/div><div class=\"elementor-repeater-item-d9794f7 swiper-slide\" role=\"group\" aria-roledescription=\"slide\"><div class=\"swiper-slide-bg\" role=\"img\" aria-label=\"chapelle Notre-Dame du Mont Carmel\"><\/div><div class=\"swiper-slide-inner\" ><div class=\"swiper-slide-contents\"><\/div><\/div><\/div>\t\t\t\t<\/div>\n\t\t\t\t\t\t\t\t\t\t\t\t\t\t\t<div class=\"elementor-swiper-button elementor-swiper-button-prev\" role=\"button\" tabindex=\"0\" aria-label=\"Vorheriger Slide\">\n\t\t\t\t\t\t\t<i aria-hidden=\"true\" class=\"eicon-chevron-left\"><\/i>\t\t\t\t\t\t<\/div>\n\t\t\t\t\t\t<div class=\"elementor-swiper-button elementor-swiper-button-next\" role=\"button\" tabindex=\"0\" aria-label=\"N\u00e4chster Slide\">\n\t\t\t\t\t\t\t<i aria-hidden=\"true\" class=\"eicon-chevron-right\"><\/i>\t\t\t\t\t\t<\/div>\n\t\t\t\t\t\t\t\t\t\t\t\t\t\t\t\t<div class=\"swiper-pagination\"><\/div>\n\t\t\t\t\t\t\t\t\t\t\t\t<\/div>\n\t\t\t\t<\/div>\n\t\t\t\t\t\t\t\t<\/div>\n\t\t\t\t<\/div>\n\t\t\t\t\t<\/div>\n\t\t<\/div>\n\t\t\t\t\t<\/div>\n\t\t<\/section>\n\t\t\t\t\t<\/div>\n\t\t<\/div>\n\t\t\t\t\t<\/div>\n\t\t<\/section>\n\t\t\t\t<section class=\"elementor-section elementor-top-section elementor-element elementor-element-725acca elementor-section-boxed elementor-section-height-default elementor-section-height-default\" data-id=\"725acca\" data-element_type=\"section\">\n\t\t\t\t\t\t<div class=\"elementor-container elementor-column-gap-no\">\n\t\t\t\t\t<div class=\"elementor-column elementor-col-100 elementor-top-column elementor-element elementor-element-9755701\" data-id=\"9755701\" data-element_type=\"column\">\n\t\t\t<div class=\"elementor-widget-wrap elementor-element-populated\">\n\t\t\t\t\t\t<div class=\"elementor-element elementor-element-101eaf77 elementor-widget elementor-widget-heading\" data-id=\"101eaf77\" data-element_type=\"widget\" data-widget_type=\"heading.default\">\n\t\t\t\t<div class=\"elementor-widget-container\">\n\t\t\t\t\t<h3 class=\"elementor-heading-title elementor-size-default\">Pilgerheft <\/h3>\t\t\t\t<\/div>\n\t\t\t\t<\/div>\n\t\t\t\t<div class=\"elementor-element elementor-element-53864606 elementor-widget elementor-widget-text-editor\" data-id=\"53864606\" data-element_type=\"widget\" data-widget_type=\"text-editor.default\">\n\t\t\t\t<div class=\"elementor-widget-container\">\n\t\t\t\t\t\t\t\t\t<p>Die Jugendseelsorge des Heiligtums wird ein <strong>Pilgerheft<\/strong> (in vier Sprachen) f\u00fcr Jugendliche, die in Lourdes Halt machen anbieten, \u201eum die drei Dimensionen unseres Glaubens zu entdecken oder zu vertiefen\u201c:<br \/><span style=\"text-decoration: underline;\">Der pers\u00f6nliche, innere Bezug<\/span>:\u00a0\u201eSiehe, ich stehe vor der T\u00fcr und klopfe an. Wenn einer meine Stimme h\u00f6rt und die T\u00fcr \u00f6ffnet, bei dem werde ich eintreten und Mahl mit ihm halten und er mit mir\u201c. (Offb. 3, 20)<br \/><span style=\"text-decoration: underline;\">Der Gemeinschaftsbezug<\/span>: \u201eEuch aber lasse der Herr wachsen und reich werden in der Liebe zueinander und zu allen, \u2026\u201c (1 Thess 3, 12)<br \/><span style=\"text-decoration: underline;\">Der universelle Bezug<\/span>: \u201eDanach sah ich und siehe, eine gro\u00dfe Schar aus allen Nationen und St\u00e4mmen, V\u00f6lkern und Sprachen; niemand konnte sie z\u00e4hlen. (Offb 7, 9)<br \/>(siehe D. Maxence, Pilgerheft JMJ 2023).<\/p>\t\t\t\t\t\t\t\t<\/div>\n\t\t\t\t<\/div>\n\t\t\t\t<div class=\"elementor-element elementor-element-272ec71 elementor-widget elementor-widget-image\" data-id=\"272ec71\" data-element_type=\"widget\" data-widget_type=\"image.default\">\n\t\t\t\t<div class=\"elementor-widget-container\">\n\t\t\t\t\t\t\t\t\t\t\t\t\t\t\t<img decoding=\"async\" width=\"998\" height=\"1024\" src=\"https:\/\/www.lourdes-france.com\/wp-content\/uploads\/2023\/07\/JMJ-carte1-998x1024.jpg\" class=\"attachment-large size-large wp-image-807527\" alt=\"\" srcset=\"https:\/\/www.lourdes-france.com\/wp-content\/uploads\/2023\/07\/JMJ-carte1-998x1024.jpg 998w, https:\/\/www.lourdes-france.com\/wp-content\/uploads\/2023\/07\/JMJ-carte1-292x300.jpg 292w, https:\/\/www.lourdes-france.com\/wp-content\/uploads\/2023\/07\/JMJ-carte1-768x788.jpg 768w, https:\/\/www.lourdes-france.com\/wp-content\/uploads\/2023\/07\/JMJ-carte1-1498x1536.jpg 1498w, https:\/\/www.lourdes-france.com\/wp-content\/uploads\/2023\/07\/JMJ-carte1-1997x2048.jpg 1997w\" sizes=\"(max-width: 998px) 100vw, 998px\" \/>\t\t\t\t\t\t\t\t\t\t\t\t\t\t\t<\/div>\n\t\t\t\t<\/div>\n\t\t\t\t\t<\/div>\n\t\t<\/div>\n\t\t\t\t\t<\/div>\n\t\t<\/section>\n\t\t\t\t<section class=\"elementor-section elementor-top-section elementor-element elementor-element-64ab167 elementor-section-boxed elementor-section-height-default elementor-section-height-default\" data-id=\"64ab167\" data-element_type=\"section\">\n\t\t\t\t\t\t<div class=\"elementor-container elementor-column-gap-no\">\n\t\t\t\t\t<div class=\"elementor-column elementor-col-100 elementor-top-column elementor-element elementor-element-d423946\" data-id=\"d423946\" data-element_type=\"column\">\n\t\t\t<div class=\"elementor-widget-wrap elementor-element-populated\">\n\t\t\t\t\t\t<div class=\"elementor-element elementor-element-bca91b4 elementor-widget elementor-widget-heading\" data-id=\"bca91b4\" data-element_type=\"widget\" data-widget_type=\"heading.default\">\n\t\t\t\t<div class=\"elementor-widget-container\">\n\t\t\t\t\t<h3 class=\"elementor-heading-title elementor-size-default\">\u201eMaria erhob sich und eilte in eine Stadt\u201c (Lk 1, 39)<\/h3>\t\t\t\t<\/div>\n\t\t\t\t<\/div>\n\t\t\t\t<div class=\"elementor-element elementor-element-9ba5f94 elementor-widget elementor-widget-text-editor\" data-id=\"9ba5f94\" data-element_type=\"widget\" data-widget_type=\"text-editor.default\">\n\t\t\t\t<div class=\"elementor-widget-container\">\n\t\t\t\t\t\t\t\t\t<p>\u201eIn jenem Bergland h\u00e4lt Jesus durch seine blo\u00dfe Anwesenheit, ohne ein Wort zu sagen, seine erste \u00abBergpredig\u00bb: Still preist er die Kleinen und Dem\u00fctigen selig, die sich der Barmherzigkeit Gottes anvertrauen\u00a0\u00bb, so Papst Franziskus in seiner Botschaft zum XXXVII Weltjugendtag. <strong>Durch ihre blo\u00dfe Anwesenheit in der Kirche sind jungen Menschen Zeugen der Hoffnung und Liebe Gottes. <\/strong><\/p>\t\t\t\t\t\t\t\t<\/div>\n\t\t\t\t<\/div>\n\t\t\t\t\t<\/div>\n\t\t<\/div>\n\t\t\t\t\t<\/div>\n\t\t<\/section>\n\t\t\t\t<section class=\"elementor-section elementor-top-section elementor-element elementor-element-471a964 elementor-section-boxed elementor-section-height-default elementor-section-height-default\" data-id=\"471a964\" data-element_type=\"section\">\n\t\t\t\t\t\t<div class=\"elementor-container elementor-column-gap-default\">\n\t\t\t\t\t<div class=\"elementor-column elementor-col-100 elementor-top-column elementor-element elementor-element-3615c6e\" data-id=\"3615c6e\" data-element_type=\"column\">\n\t\t\t<div class=\"elementor-widget-wrap elementor-element-populated\">\n\t\t\t\t\t\t<div class=\"elementor-element elementor-element-83d5e83 elementor-align-center elementor-widget elementor-widget-button\" data-id=\"83d5e83\" data-element_type=\"widget\" data-widget_type=\"button.default\">\n\t\t\t\t<div class=\"elementor-widget-container\">\n\t\t\t\t\t\t\t\t\t<div class=\"elementor-button-wrapper\">\n\t\t\t\t\t<a class=\"elementor-button elementor-button-link elementor-size-sm\" href=\"https:\/\/www.vatican.va\/content\/francesco\/de\/messages\/youth\/documents\/papa-francesco_20220815_messaggio-giovani_2022.html\" target=\"_blank\">\n\t\t\t\t\t\t<span class=\"elementor-button-content-wrapper\">\n\t\t\t\t\t\t\t\t\t<span class=\"elementor-button-text\">Botschaft von Papst Franziskus zum XXXVII Weltjugendtag<\/span>\n\t\t\t\t\t<\/span>\n\t\t\t\t\t<\/a>\n\t\t\t\t<\/div>\n\t\t\t\t\t\t\t\t<\/div>\n\t\t\t\t<\/div>\n\t\t\t\t\t<\/div>\n\t\t<\/div>\n\t\t\t\t\t<\/div>\n\t\t<\/section>\n\t\t\t\t<section class=\"elementor-section elementor-top-section elementor-element elementor-element-a2e085b elementor-section-boxed elementor-section-height-default elementor-section-height-default\" data-id=\"a2e085b\" data-element_type=\"section\">\n\t\t\t\t\t\t<div class=\"elementor-container elementor-column-gap-default\">\n\t\t\t\t\t<div class=\"elementor-column elementor-col-100 elementor-top-column elementor-element elementor-element-eef220f\" data-id=\"eef220f\" data-element_type=\"column\">\n\t\t\t<div class=\"elementor-widget-wrap elementor-element-populated\">\n\t\t\t\t\t\t<div class=\"elementor-element elementor-element-4f45fc5 elementor-widget elementor-widget-text-editor\" data-id=\"4f45fc5\" data-element_type=\"widget\" data-widget_type=\"text-editor.default\">\n\t\t\t\t<div class=\"elementor-widget-container\">\n\t\t\t\t\t\t\t\t\t<h5><em>\u201eLiebe Jugendliche und junge Erwachsene, ich tr\u00e4ume davon, dass ihr beim Weltjugendtag wieder die Freude der Begegnung mit Gott und mit euren Br\u00fcdern und Schwestern erlebt. Nach langen Zeiten des Abstandhaltens und der Isolation werden wir in Lissabon \u2013 mit Gottes Hilfe \u2013 gemeinsam die Freude der geschwisterlichen Umarmung zwischen den V\u00f6lkern und den Generationen wiederentdecken, die Umarmung der Vers\u00f6hnung und des Friedens, die Umarmung einer neuen missionarischen Geschwisterlichkeit! M\u00f6ge der Heilige Geist in euren Herzen den Wunsch wecken, aufzustehen, und m\u00f6ge er in euch die Freude entfachen, gemeinsam \u2013 synodal \u2013 unterwegs zu sein und falsche Grenzen zu \u00fcberwinden. Die Zeit zum Aufstehen ist jetzt! Lasst uns schnell aufstehen! Und lasst uns, wie Maria, Jesus in uns tragen, um ihn allen mitzuteilen! Geht in dieser wundersch\u00f6nen Zeit eures Lebens weiter voran und weist nicht ab, was der Heilige Geist in euch vollbringen kann! Von Herzen segne ich eure Tr\u00e4ume und eure Wege\u201c. <\/em><\/h5><h6 style=\"text-align: right;\">(Papst Franziskus zum XXXVII Weltjugendtag)<\/h6>\t\t\t\t\t\t\t\t<\/div>\n\t\t\t\t<\/div>\n\t\t\t\t\t<\/div>\n\t\t<\/div>\n\t\t\t\t\t<\/div>\n\t\t<\/section>\n\t\t\t\t<section class=\"elementor-section elementor-top-section elementor-element elementor-element-9f7f593 elementor-section-boxed elementor-section-height-default elementor-section-height-default\" data-id=\"9f7f593\" data-element_type=\"section\">\n\t\t\t\t\t\t<div class=\"elementor-container elementor-column-gap-default\">\n\t\t\t\t\t<div class=\"elementor-column elementor-col-100 elementor-top-column elementor-element elementor-element-6655838\" data-id=\"6655838\" data-element_type=\"column\">\n\t\t\t<div class=\"elementor-widget-wrap elementor-element-populated\">\n\t\t\t\t\t\t<div class=\"elementor-element elementor-element-5ff7532 elementor-widget elementor-widget-image\" data-id=\"5ff7532\" data-element_type=\"widget\" data-widget_type=\"image.default\">\n\t\t\t\t<div class=\"elementor-widget-container\">\n\t\t\t\t\t\t\t\t\t\t\t\t\t\t\t<img loading=\"lazy\" decoding=\"async\" width=\"723\" height=\"1024\" src=\"https:\/\/www.lourdes-france.com\/wp-content\/uploads\/2023\/07\/JMJ-au-fil-des-annees-723x1024.jpg\" class=\"attachment-large size-large wp-image-807520\" alt=\"\" srcset=\"https:\/\/www.lourdes-france.com\/wp-content\/uploads\/2023\/07\/JMJ-au-fil-des-annees-723x1024.jpg 723w, https:\/\/www.lourdes-france.com\/wp-content\/uploads\/2023\/07\/JMJ-au-fil-des-annees-212x300.jpg 212w, https:\/\/www.lourdes-france.com\/wp-content\/uploads\/2023\/07\/JMJ-au-fil-des-annees-768x1087.jpg 768w, https:\/\/www.lourdes-france.com\/wp-content\/uploads\/2023\/07\/JMJ-au-fil-des-annees-1085x1536.jpg 1085w, https:\/\/www.lourdes-france.com\/wp-content\/uploads\/2023\/07\/JMJ-au-fil-des-annees-1447x2048.jpg 1447w, https:\/\/www.lourdes-france.com\/wp-content\/uploads\/2023\/07\/JMJ-au-fil-des-annees-scaled.jpg 1809w\" sizes=\"(max-width: 723px) 100vw, 723px\" \/>\t\t\t\t\t\t\t\t\t\t\t\t\t\t\t<\/div>\n\t\t\t\t<\/div>\n\t\t\t\t\t<\/div>\n\t\t<\/div>\n\t\t\t\t\t<\/div>\n\t\t<\/section>\n\t\t\t\t<\/div>\n\t\t","protected":false},"excerpt":{"rendered":"<p>Vom 19. Juli bis zum 8. August werden 25.000 Jugendliche aus Europa, Asien und Amerika auf dem Weg zum Weltjugendtag in Lissabon, Portugal, in Lourdes Halt machen. Der Aufenthalt in Lourdes wird viele dieser jungen Menschen sowohl eine Zeit der &hellip; <a href=\"https:\/\/www.lourdes-france.com\/de\/lourdes-2023-auf-dem-weg-zum-weltjugendtag-wjt\/\">Weiter<\/a><\/p>\n","protected":false},"author":9,"featured_media":807472,"comment_status":"closed","ping_status":"closed","sticky":false,"template":"","format":"standard","meta":{"_acf_changed":false,"footnotes":""},"categories":[67],"tags":[],"class_list":["post-807637","post","type-post","status-publish","format-standard","has-post-thumbnail","hentry","category-en-ce-moment-de"],"acf":[],"yoast_head":"<!-- This site is optimized with the Yoast SEO Premium plugin v24.0 (Yoast SEO v26.3) - https:\/\/yoast.com\/wordpress\/plugins\/seo\/ -->\n<title>Lourdes 2023 \u2013 Auf dem Weg zum Weltjugendtag (WJT) - Vivre le p\u00e8lerinage de Lourdes<\/title>\n<meta name=\"description\" content=\"Vom 19. Juli bis zum 8. August werden 25.000 Jugendliche aus Europa, Asien und Amerika auf dem Weg zum Weltjugendtag in Lissabon, Portugal, in Lourdes Halt machen.\" \/>\n<meta name=\"robots\" content=\"index, follow, max-snippet:-1, max-image-preview:large, max-video-preview:-1\" \/>\n<link rel=\"canonical\" href=\"https:\/\/www.lourdes-france.com\/de\/lourdes-2023-auf-dem-weg-zum-weltjugendtag-wjt\/\" \/>\n<meta property=\"og:locale\" content=\"de_DE\" \/>\n<meta property=\"og:type\" content=\"article\" \/>\n<meta property=\"og:title\" content=\"Lourdes 2023 \u2013 Auf dem Weg zum Weltjugendtag (WJT)\" \/>\n<meta property=\"og:description\" content=\"Vom 19. Juli bis zum 8. August werden 25.000 Jugendliche aus Europa, Asien und Amerika auf dem Weg zum Weltjugendtag in Lissabon, Portugal, in Lourdes Halt machen.\" \/>\n<meta property=\"og:url\" content=\"https:\/\/www.lourdes-france.com\/de\/lourdes-2023-auf-dem-weg-zum-weltjugendtag-wjt\/\" \/>\n<meta property=\"og:site_name\" content=\"Vivre le p\u00e8lerinage de Lourdes\" \/>\n<meta property=\"article:published_time\" content=\"2023-07-11T07:57:08+00:00\" \/>\n<meta property=\"article:modified_time\" content=\"2023-07-11T09:50:07+00:00\" \/>\n<meta property=\"og:image\" content=\"https:\/\/www.lourdes-france.com\/wp-content\/uploads\/2023\/07\/JMJ_de_Lourdes-bandeau.jpg\" \/>\n\t<meta property=\"og:image:width\" content=\"1920\" \/>\n\t<meta property=\"og:image:height\" content=\"1280\" \/>\n\t<meta property=\"og:image:type\" content=\"image\/jpeg\" \/>\n<meta name=\"author\" content=\"communication\" \/>\n<meta name=\"twitter:card\" content=\"summary_large_image\" \/>\n<meta name=\"twitter:label1\" content=\"Verfasst von\" \/>\n\t<meta name=\"twitter:data1\" content=\"communication\" \/>\n\t<meta name=\"twitter:label2\" content=\"Gesch\u00e4tzte Lesezeit\" \/>\n\t<meta name=\"twitter:data2\" content=\"5\u00a0Minuten\" \/>\n<script type=\"application\/ld+json\" class=\"yoast-schema-graph\">{\"@context\":\"https:\/\/schema.org\",\"@graph\":[{\"@type\":\"Article\",\"@id\":\"https:\/\/www.lourdes-france.com\/de\/lourdes-2023-auf-dem-weg-zum-weltjugendtag-wjt\/#article\",\"isPartOf\":{\"@id\":\"https:\/\/www.lourdes-france.com\/de\/lourdes-2023-auf-dem-weg-zum-weltjugendtag-wjt\/\"},\"author\":{\"name\":\"communication\",\"@id\":\"https:\/\/www.lourdes-france.com\/de\/#\/schema\/person\/cec1bc287296b4aed571d4364999fa69\"},\"headline\":\"Lourdes 2023 \u2013 Auf dem Weg zum Weltjugendtag (WJT)\",\"datePublished\":\"2023-07-11T07:57:08+00:00\",\"dateModified\":\"2023-07-11T09:50:07+00:00\",\"mainEntityOfPage\":{\"@id\":\"https:\/\/www.lourdes-france.com\/de\/lourdes-2023-auf-dem-weg-zum-weltjugendtag-wjt\/\"},\"wordCount\":595,\"publisher\":{\"@id\":\"https:\/\/www.lourdes-france.com\/de\/#organization\"},\"image\":{\"@id\":\"https:\/\/www.lourdes-france.com\/de\/lourdes-2023-auf-dem-weg-zum-weltjugendtag-wjt\/#primaryimage\"},\"thumbnailUrl\":\"https:\/\/www.lourdes-france.com\/wp-content\/uploads\/2023\/07\/JMJ_de_Lourdes-bandeau.jpg\",\"articleSection\":[\"En ce moment\"],\"inLanguage\":\"de\"},{\"@type\":\"WebPage\",\"@id\":\"https:\/\/www.lourdes-france.com\/de\/lourdes-2023-auf-dem-weg-zum-weltjugendtag-wjt\/\",\"url\":\"https:\/\/www.lourdes-france.com\/de\/lourdes-2023-auf-dem-weg-zum-weltjugendtag-wjt\/\",\"name\":\"Lourdes 2023 \u2013 Auf dem Weg zum Weltjugendtag (WJT) - Vivre le p\u00e8lerinage de Lourdes\",\"isPartOf\":{\"@id\":\"https:\/\/www.lourdes-france.com\/de\/#website\"},\"primaryImageOfPage\":{\"@id\":\"https:\/\/www.lourdes-france.com\/de\/lourdes-2023-auf-dem-weg-zum-weltjugendtag-wjt\/#primaryimage\"},\"image\":{\"@id\":\"https:\/\/www.lourdes-france.com\/de\/lourdes-2023-auf-dem-weg-zum-weltjugendtag-wjt\/#primaryimage\"},\"thumbnailUrl\":\"https:\/\/www.lourdes-france.com\/wp-content\/uploads\/2023\/07\/JMJ_de_Lourdes-bandeau.jpg\",\"datePublished\":\"2023-07-11T07:57:08+00:00\",\"dateModified\":\"2023-07-11T09:50:07+00:00\",\"description\":\"Vom 19. Juli bis zum 8. August werden 25.000 Jugendliche aus Europa, Asien und Amerika auf dem Weg zum Weltjugendtag in Lissabon, Portugal, in Lourdes Halt machen.\",\"breadcrumb\":{\"@id\":\"https:\/\/www.lourdes-france.com\/de\/lourdes-2023-auf-dem-weg-zum-weltjugendtag-wjt\/#breadcrumb\"},\"inLanguage\":\"de\",\"potentialAction\":[{\"@type\":\"ReadAction\",\"target\":[\"https:\/\/www.lourdes-france.com\/de\/lourdes-2023-auf-dem-weg-zum-weltjugendtag-wjt\/\"]}]},{\"@type\":\"ImageObject\",\"inLanguage\":\"de\",\"@id\":\"https:\/\/www.lourdes-france.com\/de\/lourdes-2023-auf-dem-weg-zum-weltjugendtag-wjt\/#primaryimage\",\"url\":\"https:\/\/www.lourdes-france.com\/wp-content\/uploads\/2023\/07\/JMJ_de_Lourdes-bandeau.jpg\",\"contentUrl\":\"https:\/\/www.lourdes-france.com\/wp-content\/uploads\/2023\/07\/JMJ_de_Lourdes-bandeau.jpg\",\"width\":1920,\"height\":1280},{\"@type\":\"BreadcrumbList\",\"@id\":\"https:\/\/www.lourdes-france.com\/de\/lourdes-2023-auf-dem-weg-zum-weltjugendtag-wjt\/#breadcrumb\",\"itemListElement\":[{\"@type\":\"ListItem\",\"position\":1,\"name\":\"Accueil\",\"item\":\"https:\/\/www.lourdes-france.com\/de\/\"},{\"@type\":\"ListItem\",\"position\":2,\"name\":\"Lourdes 2023 \u2013 Auf dem Weg zum Weltjugendtag (WJT)\"}]},{\"@type\":\"WebSite\",\"@id\":\"https:\/\/www.lourdes-france.com\/de\/#website\",\"url\":\"https:\/\/www.lourdes-france.com\/de\/\",\"name\":\"Sanctuaire Notre-Dame de Lourdes\",\"description\":\"\",\"publisher\":{\"@id\":\"https:\/\/www.lourdes-france.com\/de\/#organization\"},\"potentialAction\":[{\"@type\":\"SearchAction\",\"target\":{\"@type\":\"EntryPoint\",\"urlTemplate\":\"https:\/\/www.lourdes-france.com\/de\/?s={search_term_string}\"},\"query-input\":{\"@type\":\"PropertyValueSpecification\",\"valueRequired\":true,\"valueName\":\"search_term_string\"}}],\"inLanguage\":\"de\"},{\"@type\":\"Organization\",\"@id\":\"https:\/\/www.lourdes-france.com\/de\/#organization\",\"name\":\"Sanctuaire Notre-Dame de Lourdes\",\"url\":\"https:\/\/www.lourdes-france.com\/de\/\",\"logo\":{\"@type\":\"ImageObject\",\"inLanguage\":\"de\",\"@id\":\"https:\/\/www.lourdes-france.com\/de\/#\/schema\/logo\/image\/\",\"url\":\"https:\/\/www.lourdes-france.com\/wp-content\/uploads\/2021\/11\/logo-small.png\",\"contentUrl\":\"https:\/\/www.lourdes-france.com\/wp-content\/uploads\/2021\/11\/logo-small.png\",\"width\":834,\"height\":521,\"caption\":\"Sanctuaire Notre-Dame de Lourdes\"},\"image\":{\"@id\":\"https:\/\/www.lourdes-france.com\/de\/#\/schema\/logo\/image\/\"}},{\"@type\":\"Person\",\"@id\":\"https:\/\/www.lourdes-france.com\/de\/#\/schema\/person\/cec1bc287296b4aed571d4364999fa69\",\"name\":\"communication\",\"image\":{\"@type\":\"ImageObject\",\"inLanguage\":\"de\",\"@id\":\"https:\/\/www.lourdes-france.com\/de\/#\/schema\/person\/image\/\",\"url\":\"https:\/\/secure.gravatar.com\/avatar\/c941c552c76e46c27f2de2045e73ee4cc48fa8d96f958f26a2362c0c73aaf425?s=96&d=mm&r=g\",\"contentUrl\":\"https:\/\/secure.gravatar.com\/avatar\/c941c552c76e46c27f2de2045e73ee4cc48fa8d96f958f26a2362c0c73aaf425?s=96&d=mm&r=g\",\"caption\":\"communication\"},\"url\":\"https:\/\/www.lourdes-france.com\/de\/author\/communication\/\"}]}<\/script>\n<!-- \/ Yoast SEO Premium plugin. -->","yoast_head_json":{"title":"Lourdes 2023 \u2013 Auf dem Weg zum Weltjugendtag (WJT) - Vivre le p\u00e8lerinage de Lourdes","description":"Vom 19. Juli bis zum 8. August werden 25.000 Jugendliche aus Europa, Asien und Amerika auf dem Weg zum Weltjugendtag in Lissabon, Portugal, in Lourdes Halt machen.","robots":{"index":"index","follow":"follow","max-snippet":"max-snippet:-1","max-image-preview":"max-image-preview:large","max-video-preview":"max-video-preview:-1"},"canonical":"https:\/\/www.lourdes-france.com\/de\/lourdes-2023-auf-dem-weg-zum-weltjugendtag-wjt\/","og_locale":"de_DE","og_type":"article","og_title":"Lourdes 2023 \u2013 Auf dem Weg zum Weltjugendtag (WJT)","og_description":"Vom 19. Juli bis zum 8. August werden 25.000 Jugendliche aus Europa, Asien und Amerika auf dem Weg zum Weltjugendtag in Lissabon, Portugal, in Lourdes Halt machen.","og_url":"https:\/\/www.lourdes-france.com\/de\/lourdes-2023-auf-dem-weg-zum-weltjugendtag-wjt\/","og_site_name":"Vivre le p\u00e8lerinage de Lourdes","article_published_time":"2023-07-11T07:57:08+00:00","article_modified_time":"2023-07-11T09:50:07+00:00","og_image":[{"width":1920,"height":1280,"url":"https:\/\/www.lourdes-france.com\/wp-content\/uploads\/2023\/07\/JMJ_de_Lourdes-bandeau.jpg","type":"image\/jpeg"}],"author":"communication","twitter_card":"summary_large_image","twitter_misc":{"Verfasst von":"communication","Gesch\u00e4tzte Lesezeit":"5\u00a0Minuten"},"schema":{"@context":"https:\/\/schema.org","@graph":[{"@type":"Article","@id":"https:\/\/www.lourdes-france.com\/de\/lourdes-2023-auf-dem-weg-zum-weltjugendtag-wjt\/#article","isPartOf":{"@id":"https:\/\/www.lourdes-france.com\/de\/lourdes-2023-auf-dem-weg-zum-weltjugendtag-wjt\/"},"author":{"name":"communication","@id":"https:\/\/www.lourdes-france.com\/de\/#\/schema\/person\/cec1bc287296b4aed571d4364999fa69"},"headline":"Lourdes 2023 \u2013 Auf dem Weg zum Weltjugendtag (WJT)","datePublished":"2023-07-11T07:57:08+00:00","dateModified":"2023-07-11T09:50:07+00:00","mainEntityOfPage":{"@id":"https:\/\/www.lourdes-france.com\/de\/lourdes-2023-auf-dem-weg-zum-weltjugendtag-wjt\/"},"wordCount":595,"publisher":{"@id":"https:\/\/www.lourdes-france.com\/de\/#organization"},"image":{"@id":"https:\/\/www.lourdes-france.com\/de\/lourdes-2023-auf-dem-weg-zum-weltjugendtag-wjt\/#primaryimage"},"thumbnailUrl":"https:\/\/www.lourdes-france.com\/wp-content\/uploads\/2023\/07\/JMJ_de_Lourdes-bandeau.jpg","articleSection":["En ce moment"],"inLanguage":"de"},{"@type":"WebPage","@id":"https:\/\/www.lourdes-france.com\/de\/lourdes-2023-auf-dem-weg-zum-weltjugendtag-wjt\/","url":"https:\/\/www.lourdes-france.com\/de\/lourdes-2023-auf-dem-weg-zum-weltjugendtag-wjt\/","name":"Lourdes 2023 \u2013 Auf dem Weg zum Weltjugendtag (WJT) - Vivre le p\u00e8lerinage de Lourdes","isPartOf":{"@id":"https:\/\/www.lourdes-france.com\/de\/#website"},"primaryImageOfPage":{"@id":"https:\/\/www.lourdes-france.com\/de\/lourdes-2023-auf-dem-weg-zum-weltjugendtag-wjt\/#primaryimage"},"image":{"@id":"https:\/\/www.lourdes-france.com\/de\/lourdes-2023-auf-dem-weg-zum-weltjugendtag-wjt\/#primaryimage"},"thumbnailUrl":"https:\/\/www.lourdes-france.com\/wp-content\/uploads\/2023\/07\/JMJ_de_Lourdes-bandeau.jpg","datePublished":"2023-07-11T07:57:08+00:00","dateModified":"2023-07-11T09:50:07+00:00","description":"Vom 19. Juli bis zum 8. August werden 25.000 Jugendliche aus Europa, Asien und Amerika auf dem Weg zum Weltjugendtag in Lissabon, Portugal, in Lourdes Halt machen.","breadcrumb":{"@id":"https:\/\/www.lourdes-france.com\/de\/lourdes-2023-auf-dem-weg-zum-weltjugendtag-wjt\/#breadcrumb"},"inLanguage":"de","potentialAction":[{"@type":"ReadAction","target":["https:\/\/www.lourdes-france.com\/de\/lourdes-2023-auf-dem-weg-zum-weltjugendtag-wjt\/"]}]},{"@type":"ImageObject","inLanguage":"de","@id":"https:\/\/www.lourdes-france.com\/de\/lourdes-2023-auf-dem-weg-zum-weltjugendtag-wjt\/#primaryimage","url":"https:\/\/www.lourdes-france.com\/wp-content\/uploads\/2023\/07\/JMJ_de_Lourdes-bandeau.jpg","contentUrl":"https:\/\/www.lourdes-france.com\/wp-content\/uploads\/2023\/07\/JMJ_de_Lourdes-bandeau.jpg","width":1920,"height":1280},{"@type":"BreadcrumbList","@id":"https:\/\/www.lourdes-france.com\/de\/lourdes-2023-auf-dem-weg-zum-weltjugendtag-wjt\/#breadcrumb","itemListElement":[{"@type":"ListItem","position":1,"name":"Accueil","item":"https:\/\/www.lourdes-france.com\/de\/"},{"@type":"ListItem","position":2,"name":"Lourdes 2023 \u2013 Auf dem Weg zum Weltjugendtag (WJT)"}]},{"@type":"WebSite","@id":"https:\/\/www.lourdes-france.com\/de\/#website","url":"https:\/\/www.lourdes-france.com\/de\/","name":"Sanctuaire Notre-Dame de Lourdes","description":"","publisher":{"@id":"https:\/\/www.lourdes-france.com\/de\/#organization"},"potentialAction":[{"@type":"SearchAction","target":{"@type":"EntryPoint","urlTemplate":"https:\/\/www.lourdes-france.com\/de\/?s={search_term_string}"},"query-input":{"@type":"PropertyValueSpecification","valueRequired":true,"valueName":"search_term_string"}}],"inLanguage":"de"},{"@type":"Organization","@id":"https:\/\/www.lourdes-france.com\/de\/#organization","name":"Sanctuaire Notre-Dame de Lourdes","url":"https:\/\/www.lourdes-france.com\/de\/","logo":{"@type":"ImageObject","inLanguage":"de","@id":"https:\/\/www.lourdes-france.com\/de\/#\/schema\/logo\/image\/","url":"https:\/\/www.lourdes-france.com\/wp-content\/uploads\/2021\/11\/logo-small.png","contentUrl":"https:\/\/www.lourdes-france.com\/wp-content\/uploads\/2021\/11\/logo-small.png","width":834,"height":521,"caption":"Sanctuaire Notre-Dame de Lourdes"},"image":{"@id":"https:\/\/www.lourdes-france.com\/de\/#\/schema\/logo\/image\/"}},{"@type":"Person","@id":"https:\/\/www.lourdes-france.com\/de\/#\/schema\/person\/cec1bc287296b4aed571d4364999fa69","name":"communication","image":{"@type":"ImageObject","inLanguage":"de","@id":"https:\/\/www.lourdes-france.com\/de\/#\/schema\/person\/image\/","url":"https:\/\/secure.gravatar.com\/avatar\/c941c552c76e46c27f2de2045e73ee4cc48fa8d96f958f26a2362c0c73aaf425?s=96&d=mm&r=g","contentUrl":"https:\/\/secure.gravatar.com\/avatar\/c941c552c76e46c27f2de2045e73ee4cc48fa8d96f958f26a2362c0c73aaf425?s=96&d=mm&r=g","caption":"communication"},"url":"https:\/\/www.lourdes-france.com\/de\/author\/communication\/"}]}},"_links":{"self":[{"href":"https:\/\/www.lourdes-france.com\/de\/wp-json\/wp\/v2\/posts\/807637","targetHints":{"allow":["GET"]}}],"collection":[{"href":"https:\/\/www.lourdes-france.com\/de\/wp-json\/wp\/v2\/posts"}],"about":[{"href":"https:\/\/www.lourdes-france.com\/de\/wp-json\/wp\/v2\/types\/post"}],"author":[{"embeddable":true,"href":"https:\/\/www.lourdes-france.com\/de\/wp-json\/wp\/v2\/users\/9"}],"replies":[{"embeddable":true,"href":"https:\/\/www.lourdes-france.com\/de\/wp-json\/wp\/v2\/comments?post=807637"}],"version-history":[{"count":0,"href":"https:\/\/www.lourdes-france.com\/de\/wp-json\/wp\/v2\/posts\/807637\/revisions"}],"wp:featuredmedia":[{"embeddable":true,"href":"https:\/\/www.lourdes-france.com\/de\/wp-json\/wp\/v2\/media\/807472"}],"wp:attachment":[{"href":"https:\/\/www.lourdes-france.com\/de\/wp-json\/wp\/v2\/media?parent=807637"}],"wp:term":[{"taxonomy":"category","embeddable":true,"href":"https:\/\/www.lourdes-france.com\/de\/wp-json\/wp\/v2\/categories?post=807637"},{"taxonomy":"post_tag","embeddable":true,"href":"https:\/\/www.lourdes-france.com\/de\/wp-json\/wp\/v2\/tags?post=807637"}],"curies":[{"name":"wp","href":"https:\/\/api.w.org\/{rel}","templated":true}]}}