{"id":803138,"date":"2023-04-12T11:11:31","date_gmt":"2023-04-12T09:11:31","guid":{"rendered":"https:\/\/www.lourdes-france.com\/etre-pelerin-dun-jour-les-activites-proposees-par-le-sanctuaire-notre-dame-de-lourdes-2\/"},"modified":"2023-04-14T12:00:07","modified_gmt":"2023-04-14T10:00:07","slug":"pilger-fuer-einen-tag-von-der-wallfahrtsstaette-unserer-lieben-frau-von-lourdes-unterbreitete-aktivitaeten","status":"publish","type":"post","link":"https:\/\/www.lourdes-france.com\/de\/pilger-fuer-einen-tag-von-der-wallfahrtsstaette-unserer-lieben-frau-von-lourdes-unterbreitete-aktivitaeten\/","title":{"rendered":"Pilger f\u00fcr einen Tag"},"content":{"rendered":"\t\t<div data-elementor-type=\"wp-post\" data-elementor-id=\"803138\" class=\"elementor elementor-803138 elementor-802983\" data-elementor-post-type=\"post\">\n\t\t\t\t\t\t<section class=\"elementor-section elementor-top-section elementor-element elementor-element-21eda443 elementor-section-boxed elementor-section-height-default elementor-section-height-default\" data-id=\"21eda443\" data-element_type=\"section\">\n\t\t\t\t\t\t<div class=\"elementor-container elementor-column-gap-no\">\n\t\t\t\t\t<div class=\"elementor-column elementor-col-100 elementor-top-column elementor-element elementor-element-24719fea\" data-id=\"24719fea\" data-element_type=\"column\">\n\t\t\t<div class=\"elementor-widget-wrap elementor-element-populated\">\n\t\t\t\t\t\t<div class=\"elementor-element elementor-element-34d48f8 elementor-widget elementor-widget-heading\" data-id=\"34d48f8\" data-element_type=\"widget\" data-widget_type=\"heading.default\">\n\t\t\t\t<div class=\"elementor-widget-container\">\n\t\t\t\t\t<h2 class=\"elementor-heading-title elementor-size-default\">Von der Wallfahrtsst\u00e4tte unserer Lieben Frau von Lourdes unterbreitete Aktivit\u00e4ten <\/h2>\t\t\t\t<\/div>\n\t\t\t\t<\/div>\n\t\t\t\t<div class=\"elementor-element elementor-element-47647720 elementor-widget elementor-widget-text-editor\" data-id=\"47647720\" data-element_type=\"widget\" data-widget_type=\"text-editor.default\">\n\t\t\t\t<div class=\"elementor-widget-container\">\n\t\t\t\t\t\t\t\t\t<p><strong>Die Angebote des Heiligtum Unserer Lieben Frau von Lourdes erm\u00f6glichen es jenen, die Schlichtheit und Sch\u00f6nheit dieses Erscheinungsortes der Jungfrau Maria, die Aktualit\u00e4t ihres Aufrufs zur Vers\u00f6hnung und ihre Trost und die Hoffnung spendende Botschaft zu entdecken oder erneut zu erfahren. <\/strong><\/p>\t\t\t\t\t\t\t\t<\/div>\n\t\t\t\t<\/div>\n\t\t\t\t<div class=\"elementor-element elementor-element-684b83c0 elementor-widget elementor-widget-heading\" data-id=\"684b83c0\" data-element_type=\"widget\" data-widget_type=\"heading.default\">\n\t\t\t\t<div class=\"elementor-widget-container\">\n\t\t\t\t\t<h3 class=\"elementor-heading-title elementor-size-default\">DER WEG DER BERNADETTE<\/h3>\t\t\t\t<\/div>\n\t\t\t\t<\/div>\n\t\t\t\t<div class=\"elementor-element elementor-element-24ca5d2d elementor-widget elementor-widget-text-editor\" data-id=\"24ca5d2d\" data-element_type=\"widget\" data-widget_type=\"text-editor.default\">\n\t\t\t\t<div class=\"elementor-widget-container\">\n\t\t\t\t\t\t\t\t\t<p>Eine der besten M\u00f6glichkeiten in die Geschichte von Lourdes einzutauchen, besteht darin, sich auf die Spuren der heiligen Bernadette zu begeben. Begegnen Sie den wichtigsten Orten, an denen sie, ab ihrer Geburt im Jahr 1844 bis zu ihrer Abreise nach Nevers im Jahr 1866 lebte und zum Schauplatz der Erscheinungen von 1858. Lassen Sie sich von der heiligen Bernadette inspirieren, indem Sie diesen Weg entweder allein gehen oder sich von einem ehrenamtlichen Helfer des Empfangsteams des Heiligtums, einer Nonne, eines Seminaristen oder einem Priester begleiten lassen.<strong><br \/>Dauer: 1h30 (von Juli \u2013 September t\u00e4glich ab 14:30 mit der deutschsprachigen Pilgerbegleitung m\u00f6glich)<\/strong><\/p>\t\t\t\t\t\t\t\t<\/div>\n\t\t\t\t<\/div>\n\t\t\t\t\t<\/div>\n\t\t<\/div>\n\t\t\t\t\t<\/div>\n\t\t<\/section>\n\t\t\t\t<section class=\"elementor-section elementor-top-section elementor-element elementor-element-53decc4 elementor-section-boxed elementor-section-height-default elementor-section-height-default\" data-id=\"53decc4\" data-element_type=\"section\">\n\t\t\t\t\t\t<div class=\"elementor-container elementor-column-gap-default\">\n\t\t\t\t\t<div class=\"elementor-column elementor-col-100 elementor-top-column elementor-element elementor-element-c88bbb4\" data-id=\"c88bbb4\" data-element_type=\"column\">\n\t\t\t<div class=\"elementor-widget-wrap elementor-element-populated\">\n\t\t\t\t\t\t<div class=\"elementor-element elementor-element-dc400b4 elementor-align-center elementor-widget elementor-widget-button\" data-id=\"dc400b4\" data-element_type=\"widget\" data-widget_type=\"button.default\">\n\t\t\t\t<div class=\"elementor-widget-container\">\n\t\t\t\t\t\t\t\t\t<div class=\"elementor-button-wrapper\">\n\t\t\t\t\t<a class=\"elementor-button elementor-button-link elementor-size-sm\" href=\"https:\/\/www.lourdes-france.com\/de\/pilger-fur-einen-tag\/auf-den-spuren-von-bernadette-gehen\/\" target=\"_blank\">\n\t\t\t\t\t\t<span class=\"elementor-button-content-wrapper\">\n\t\t\t\t\t\t\t\t\t<span class=\"elementor-button-text\">Weitere Hinweise +<\/span>\n\t\t\t\t\t<\/span>\n\t\t\t\t\t<\/a>\n\t\t\t\t<\/div>\n\t\t\t\t\t\t\t\t<\/div>\n\t\t\t\t<\/div>\n\t\t\t\t\t<\/div>\n\t\t<\/div>\n\t\t\t\t\t<\/div>\n\t\t<\/section>\n\t\t\t\t<section class=\"elementor-section elementor-top-section elementor-element elementor-element-38c0768 elementor-section-boxed elementor-section-height-default elementor-section-height-default\" data-id=\"38c0768\" data-element_type=\"section\">\n\t\t\t\t\t\t<div class=\"elementor-container elementor-column-gap-default\">\n\t\t\t\t\t<div class=\"elementor-column elementor-col-50 elementor-top-column elementor-element elementor-element-ac15b4e\" data-id=\"ac15b4e\" data-element_type=\"column\">\n\t\t\t<div class=\"elementor-widget-wrap elementor-element-populated\">\n\t\t\t\t\t\t<div class=\"elementor-element elementor-element-525309b elementor-widget elementor-widget-image\" data-id=\"525309b\" data-element_type=\"widget\" data-widget_type=\"image.default\">\n\t\t\t\t<div class=\"elementor-widget-container\">\n\t\t\t\t\t\t\t\t\t\t\t\t\t\t\t<img fetchpriority=\"high\" decoding=\"async\" width=\"1024\" height=\"683\" src=\"https:\/\/www.lourdes-france.com\/wp-content\/uploads\/2023\/04\/Le_Cachot-1024x683.jpg\" class=\"attachment-large size-large wp-image-803002\" alt=\"\" srcset=\"https:\/\/www.lourdes-france.com\/wp-content\/uploads\/2023\/04\/Le_Cachot-1024x683.jpg 1024w, https:\/\/www.lourdes-france.com\/wp-content\/uploads\/2023\/04\/Le_Cachot-300x200.jpg 300w, https:\/\/www.lourdes-france.com\/wp-content\/uploads\/2023\/04\/Le_Cachot-768x512.jpg 768w, https:\/\/www.lourdes-france.com\/wp-content\/uploads\/2023\/04\/Le_Cachot-1536x1024.jpg 1536w, https:\/\/www.lourdes-france.com\/wp-content\/uploads\/2023\/04\/Le_Cachot-2048x1365.jpg 2048w\" sizes=\"(max-width: 1024px) 100vw, 1024px\" \/>\t\t\t\t\t\t\t\t\t\t\t\t\t\t\t<\/div>\n\t\t\t\t<\/div>\n\t\t\t\t\t<\/div>\n\t\t<\/div>\n\t\t\t\t<div class=\"elementor-column elementor-col-50 elementor-top-column elementor-element elementor-element-7c17cf1\" data-id=\"7c17cf1\" data-element_type=\"column\">\n\t\t\t<div class=\"elementor-widget-wrap elementor-element-populated\">\n\t\t\t\t\t\t<div class=\"elementor-element elementor-element-e660ddd elementor-widget elementor-widget-image\" data-id=\"e660ddd\" data-element_type=\"widget\" data-widget_type=\"image.default\">\n\t\t\t\t<div class=\"elementor-widget-container\">\n\t\t\t\t\t\t\t\t\t\t\t\t\t\t\t<img decoding=\"async\" width=\"1024\" height=\"683\" src=\"https:\/\/www.lourdes-france.com\/wp-content\/uploads\/2023\/04\/Moulin_de_Boly-1024x683.jpg\" class=\"attachment-large size-large wp-image-803014\" alt=\"\" srcset=\"https:\/\/www.lourdes-france.com\/wp-content\/uploads\/2023\/04\/Moulin_de_Boly-1024x683.jpg 1024w, https:\/\/www.lourdes-france.com\/wp-content\/uploads\/2023\/04\/Moulin_de_Boly-300x200.jpg 300w, https:\/\/www.lourdes-france.com\/wp-content\/uploads\/2023\/04\/Moulin_de_Boly-768x512.jpg 768w, https:\/\/www.lourdes-france.com\/wp-content\/uploads\/2023\/04\/Moulin_de_Boly-1536x1024.jpg 1536w, https:\/\/www.lourdes-france.com\/wp-content\/uploads\/2023\/04\/Moulin_de_Boly-2048x1365.jpg 2048w\" sizes=\"(max-width: 1024px) 100vw, 1024px\" \/>\t\t\t\t\t\t\t\t\t\t\t\t\t\t\t<\/div>\n\t\t\t\t<\/div>\n\t\t\t\t\t<\/div>\n\t\t<\/div>\n\t\t\t\t\t<\/div>\n\t\t<\/section>\n\t\t\t\t<section class=\"elementor-section elementor-top-section elementor-element elementor-element-5481f988 elementor-section-boxed elementor-section-height-default elementor-section-height-default\" data-id=\"5481f988\" data-element_type=\"section\">\n\t\t\t\t\t\t<div class=\"elementor-container elementor-column-gap-no\">\n\t\t\t\t\t<div class=\"elementor-column elementor-col-100 elementor-top-column elementor-element elementor-element-12b965c3\" data-id=\"12b965c3\" data-element_type=\"column\">\n\t\t\t<div class=\"elementor-widget-wrap elementor-element-populated\">\n\t\t\t\t\t\t<div class=\"elementor-element elementor-element-69d94ef6 elementor-widget elementor-widget-heading\" data-id=\"69d94ef6\" data-element_type=\"widget\" data-widget_type=\"heading.default\">\n\t\t\t\t<div class=\"elementor-widget-container\">\n\t\t\t\t\t<h3 class=\"elementor-heading-title elementor-size-default\">BERNADETTES WEG DURCH DIE STADT<\/h3>\t\t\t\t<\/div>\n\t\t\t\t<\/div>\n\t\t\t\t<div class=\"elementor-element elementor-element-3ff9de55 elementor-widget elementor-widget-heading\" data-id=\"3ff9de55\" data-element_type=\"widget\" data-widget_type=\"heading.default\">\n\t\t\t\t<div class=\"elementor-widget-container\">\n\t\t\t\t\t<h3 class=\"elementor-heading-title elementor-size-default\">Ein neuer historischer Rundweg<\/h3>\t\t\t\t<\/div>\n\t\t\t\t<\/div>\n\t\t\t\t<section class=\"elementor-section elementor-inner-section elementor-element elementor-element-b014925 elementor-section-boxed elementor-section-height-default elementor-section-height-default\" data-id=\"b014925\" data-element_type=\"section\">\n\t\t\t\t\t\t<div class=\"elementor-container elementor-column-gap-default\">\n\t\t\t\t\t<div class=\"elementor-column elementor-col-50 elementor-inner-column elementor-element elementor-element-6261760\" data-id=\"6261760\" data-element_type=\"column\">\n\t\t\t<div class=\"elementor-widget-wrap elementor-element-populated\">\n\t\t\t\t\t\t<div class=\"elementor-element elementor-element-6118c1a elementor-widget elementor-widget-image\" data-id=\"6118c1a\" data-element_type=\"widget\" data-widget_type=\"image.default\">\n\t\t\t\t<div class=\"elementor-widget-container\">\n\t\t\t\t\t\t\t\t\t\t\t\t\t\t\t<img decoding=\"async\" width=\"800\" height=\"835\" src=\"https:\/\/www.lourdes-france.com\/wp-content\/uploads\/2023\/04\/chemin-de-Bette2.jpg\" class=\"attachment-large size-large wp-image-803027\" alt=\"\" srcset=\"https:\/\/www.lourdes-france.com\/wp-content\/uploads\/2023\/04\/chemin-de-Bette2.jpg 800w, https:\/\/www.lourdes-france.com\/wp-content\/uploads\/2023\/04\/chemin-de-Bette2-287x300.jpg 287w, https:\/\/www.lourdes-france.com\/wp-content\/uploads\/2023\/04\/chemin-de-Bette2-768x802.jpg 768w\" sizes=\"(max-width: 800px) 100vw, 800px\" \/>\t\t\t\t\t\t\t\t\t\t\t\t\t\t\t<\/div>\n\t\t\t\t<\/div>\n\t\t\t\t\t<\/div>\n\t\t<\/div>\n\t\t\t\t<div class=\"elementor-column elementor-col-50 elementor-inner-column elementor-element elementor-element-837d129\" data-id=\"837d129\" data-element_type=\"column\">\n\t\t\t<div class=\"elementor-widget-wrap elementor-element-populated\">\n\t\t\t\t\t\t<div class=\"elementor-element elementor-element-b8a3a06 elementor-widget elementor-widget-text-editor\" data-id=\"b8a3a06\" data-element_type=\"widget\" data-widget_type=\"text-editor.default\">\n\t\t\t\t<div class=\"elementor-widget-container\">\n\t\t\t\t\t\t\t\t\t<h5>\u00a0<\/h5><h5><span style=\"color: #000000;\">Den Spuren Bernadettes in Lourdes zu folgen bedeutet, die mit ihr verbundenen Orte zu entdecken: Die M\u00fchle ihrer gl\u00fccklichen Kindheit, die <span style=\"text-decoration: underline;\">Moulin de Boly<\/span>, das <span style=\"text-decoration: underline;\">Cachot<\/span>, wo sie mit ihrer verarmten Familie zur Zeit der Erscheinungen im Jahr 1858 lebte, das <span style=\"text-decoration: underline;\">Hospiz<\/span>, in dem sie bei den Schwestern von Nevers zur Schule ging und ihre Erstkommunion empfing. <\/span><\/h5><h5>\u00a0<\/h5><h5><span style=\"color: #000000;\">Zudem die <span style=\"text-decoration: underline;\">Pfarrkirche<\/span>, in der sich ihr Taufstein befindet, das <span style=\"text-decoration: underline;\">ehemalige Pfarrhaus<\/span>, an dessen Pforte sie Pfarrer Peyramale empfing und Bartr\u00e8s, wo sie zweimal lebte, zuerst als Kleinkind und 1857 im Alter von dreizehn Jahren. <\/span><\/h5><h5>\u00a0<\/h5><h5><span style=\"color: #000000;\">Schlie\u00dflich das Zuhause von Bernadettes Eltern nach den Erscheinungen, die <span style=\"text-decoration: underline;\">Moulin Lacad\u00e9<\/span>.<\/span><\/h5><p>\u00a0<\/p>\t\t\t\t\t\t\t\t<\/div>\n\t\t\t\t<\/div>\n\t\t\t\t\t<\/div>\n\t\t<\/div>\n\t\t\t\t\t<\/div>\n\t\t<\/section>\n\t\t\t\t<div class=\"elementor-element elementor-element-8f51c23 elementor-align-center elementor-widget elementor-widget-button\" data-id=\"8f51c23\" data-element_type=\"widget\" data-widget_type=\"button.default\">\n\t\t\t\t<div class=\"elementor-widget-container\">\n\t\t\t\t\t\t\t\t\t<div class=\"elementor-button-wrapper\">\n\t\t\t\t\t<a class=\"elementor-button elementor-button-link elementor-size-sm\" href=\"https:\/\/www.lourdes-infotourisme.com\/app\/uploads\/lourdes\/2022\/06\/Chemin_bernadette_finaldigital.pdf\" target=\"_blank\">\n\t\t\t\t\t\t<span class=\"elementor-button-content-wrapper\">\n\t\t\t\t\t\t\t\t\t<span class=\"elementor-button-text\">Entdecken Sie den Rundweg<\/span>\n\t\t\t\t\t<\/span>\n\t\t\t\t\t<\/a>\n\t\t\t\t<\/div>\n\t\t\t\t\t\t\t\t<\/div>\n\t\t\t\t<\/div>\n\t\t\t\t\t<\/div>\n\t\t<\/div>\n\t\t\t\t\t<\/div>\n\t\t<\/section>\n\t\t\t\t<section class=\"elementor-section elementor-top-section elementor-element elementor-element-7bd9fd21 elementor-section-boxed elementor-section-height-default elementor-section-height-default\" data-id=\"7bd9fd21\" data-element_type=\"section\">\n\t\t\t\t\t\t<div class=\"elementor-container elementor-column-gap-no\">\n\t\t\t\t\t<div class=\"elementor-column elementor-col-100 elementor-top-column elementor-element elementor-element-2cf87287\" data-id=\"2cf87287\" data-element_type=\"column\">\n\t\t\t<div class=\"elementor-widget-wrap elementor-element-populated\">\n\t\t\t\t\t\t<div class=\"elementor-element elementor-element-2fe408bd elementor-widget elementor-widget-heading\" data-id=\"2fe408bd\" data-element_type=\"widget\" data-widget_type=\"heading.default\">\n\t\t\t\t<div class=\"elementor-widget-container\">\n\t\t\t\t\t<h3 class=\"elementor-heading-title elementor-size-default\">KREUZWEG<\/h3>\t\t\t\t<\/div>\n\t\t\t\t<\/div>\n\t\t\t\t<div class=\"elementor-element elementor-element-324a3913 elementor-widget elementor-widget-text-editor\" data-id=\"324a3913\" data-element_type=\"widget\" data-widget_type=\"text-editor.default\">\n\t\t\t\t<div class=\"elementor-widget-container\">\n\t\t\t\t\t\t\t\t\t<p>Das Informationszentrum erm\u00f6glicht Ihnen jeden Tag und in mehreren Sprachen Kreuzwegbetrachtungen, die von einem Priester des Heiligtums oder einem Geistlichen im Dienst der Wallfahrtsst\u00e4tte geleitet werden, um das Leiden Christi nachzuvollziehen und zu meditieren. T\u00e4glich (au\u00dfer Sonntag) ab 9:30 Uhr. <br \/><a href=\"https:\/\/www.lourdes-france.com\/de\/pilger-fur-einen-tag\/der-kreuzweg\/\" target=\"_blank\" rel=\"noopener\">Der Kreuzweg des Esp\u00e9lugues<\/a><br \/><strong>Dauer: 1h30 <\/strong><br \/><strong>(Von Juli \u2013 September t\u00e4glich ab 8:30 mit der deutschsprachigen Pilgerbegleitung m\u00f6glich)<\/strong><\/p>\t\t\t\t\t\t\t\t<\/div>\n\t\t\t\t<\/div>\n\t\t\t\t\t<\/div>\n\t\t<\/div>\n\t\t\t\t\t<\/div>\n\t\t<\/section>\n\t\t\t\t<section class=\"elementor-section elementor-top-section elementor-element elementor-element-7c3f199 elementor-section-boxed elementor-section-height-default elementor-section-height-default\" data-id=\"7c3f199\" data-element_type=\"section\">\n\t\t\t\t\t\t<div class=\"elementor-container elementor-column-gap-no\">\n\t\t\t\t\t<div class=\"elementor-column elementor-col-100 elementor-top-column elementor-element elementor-element-4fe9b4f\" data-id=\"4fe9b4f\" data-element_type=\"column\">\n\t\t\t<div class=\"elementor-widget-wrap elementor-element-populated\">\n\t\t\t\t\t\t<div class=\"elementor-element elementor-element-a4672ec elementor-widget elementor-widget-heading\" data-id=\"a4672ec\" data-element_type=\"widget\" data-widget_type=\"heading.default\">\n\t\t\t\t<div class=\"elementor-widget-container\">\n\t\t\t\t\t<h3 class=\"elementor-heading-title elementor-size-default\">POINT ECOUTE<\/h3>\t\t\t\t<\/div>\n\t\t\t\t<\/div>\n\t\t\t\t<div class=\"elementor-element elementor-element-c8aca3f elementor-widget elementor-widget-text-editor\" data-id=\"c8aca3f\" data-element_type=\"widget\" data-widget_type=\"text-editor.default\">\n\t\t\t\t<div class=\"elementor-widget-container\">\n\t\t\t\t\t\t\t\t\t<p>Nach Lourdes kommen wir nie allein. Wir sind all unseren Freunden und unserer Familie verbunden, die uns bitten, f\u00fcr sie zu beten, eine Kerze anzuz\u00fcnden oder Wasser zu sch\u00f6pfen. Maria erwartet uns am Fu\u00dfe des Felsens. Sie empf\u00e4ngt uns, h\u00f6rt uns zu und tr\u00f6stet uns. <br \/>Manchmal m\u00fcssen wir sagen, was in unserem Herzen wiegt. In Lourdes finden Sie geschulte Menschen, die Ihnen zuh\u00f6ren und Ihnen helfen, klarer zu sehen oder dar\u00fcber zu sprechen, was Sie w\u00e4hrend Ihres Aufenthalts in Lourdes ber\u00fchrt hat.<\/p>\t\t\t\t\t\t\t\t<\/div>\n\t\t\t\t<\/div>\n\t\t\t\t\t<\/div>\n\t\t<\/div>\n\t\t\t\t\t<\/div>\n\t\t<\/section>\n\t\t\t\t<section class=\"elementor-section elementor-top-section elementor-element elementor-element-3c471ac elementor-section-boxed elementor-section-height-default elementor-section-height-default\" data-id=\"3c471ac\" data-element_type=\"section\">\n\t\t\t\t\t\t<div class=\"elementor-container elementor-column-gap-default\">\n\t\t\t\t\t<div class=\"elementor-column elementor-col-100 elementor-top-column elementor-element elementor-element-253d5a0\" data-id=\"253d5a0\" data-element_type=\"column\">\n\t\t\t<div class=\"elementor-widget-wrap elementor-element-populated\">\n\t\t\t\t\t\t<div class=\"elementor-element elementor-element-0fbb489 elementor-align-center elementor-widget elementor-widget-button\" data-id=\"0fbb489\" data-element_type=\"widget\" data-widget_type=\"button.default\">\n\t\t\t\t<div class=\"elementor-widget-container\">\n\t\t\t\t\t\t\t\t\t<div class=\"elementor-button-wrapper\">\n\t\t\t\t\t<a class=\"elementor-button elementor-button-link elementor-size-sm\" href=\"https:\/\/www.lourdes-france.com\/de\/pilger-fur-einen-tag\/ihnen-wird-zugehort\/\" target=\"_blank\">\n\t\t\t\t\t\t<span class=\"elementor-button-content-wrapper\">\n\t\t\t\t\t\t\t\t\t<span class=\"elementor-button-text\">Hinweise +<\/span>\n\t\t\t\t\t<\/span>\n\t\t\t\t\t<\/a>\n\t\t\t\t<\/div>\n\t\t\t\t\t\t\t\t<\/div>\n\t\t\t\t<\/div>\n\t\t\t\t\t<\/div>\n\t\t<\/div>\n\t\t\t\t\t<\/div>\n\t\t<\/section>\n\t\t\t\t<section class=\"elementor-section elementor-top-section elementor-element elementor-element-16766a44 elementor-section-boxed elementor-section-height-default elementor-section-height-default\" data-id=\"16766a44\" data-element_type=\"section\">\n\t\t\t\t\t\t<div class=\"elementor-container elementor-column-gap-no\">\n\t\t\t\t\t<div class=\"elementor-column elementor-col-100 elementor-top-column elementor-element elementor-element-44f08775\" data-id=\"44f08775\" data-element_type=\"column\">\n\t\t\t<div class=\"elementor-widget-wrap elementor-element-populated\">\n\t\t\t\t\t\t<div class=\"elementor-element elementor-element-aa0ef7b elementor-widget elementor-widget-heading\" data-id=\"aa0ef7b\" data-element_type=\"widget\" data-widget_type=\"heading.default\">\n\t\t\t\t<div class=\"elementor-widget-container\">\n\t\t\t\t\t<h3 class=\"elementor-heading-title elementor-size-default\">DIE FEIERN DER GESTEN VON LOURDES <\/h3>\t\t\t\t<\/div>\n\t\t\t\t<\/div>\n\t\t\t\t<div class=\"elementor-element elementor-element-5258f472 elementor-widget elementor-widget-text-editor\" data-id=\"5258f472\" data-element_type=\"widget\" data-widget_type=\"text-editor.default\">\n\t\t\t\t<div class=\"elementor-widget-container\">\n\t\t\t\t\t\t\t\t\t<p><strong>In diesem Jahr ermutigt Sie das Heiligtum diese Ausdrucksformen der Volksfr\u00f6mmigkeit, die zum Kern einer Wallfahrt nach Lourdes geh\u00f6ren, bewusst zu erleben. Die Gesten sind jene, die Bernadette w\u00e4hrend der Erscheinungen vollzog: <\/strong><br \/><strong>Betreten Sie die Grotte und ber\u00fchren Sie den Felsen, trinken Sie aus der Quelle und waschen Sie sich dort und bringen Sie eine Kerze. Diese Gesten k\u00f6nnen einzeln oder in Gemeinschaft werden. <\/strong><br \/><strong>Hier finden Sie einige Vorschl\u00e4ge, die Ihnen helfen, diese Gesten des Glaubens auf Pilgerreisen oder in Gruppen zu vollziehen.<\/strong><\/p><p><strong>W\u00e4hrend der gesamten Wallfahrtssaison stehen in den B\u00e4dern freiwillige Helfer bereit die symbolschwere Geste des Wassers in den B\u00e4dern durchzuf\u00fchren. Sie kann einzeln, paarweise oder in Familie vollzogen werden&#8230; und immer in Geiste Marias und Bernadettes!<\/strong><\/p>\t\t\t\t\t\t\t\t<\/div>\n\t\t\t\t<\/div>\n\t\t\t\t\t<\/div>\n\t\t<\/div>\n\t\t\t\t\t<\/div>\n\t\t<\/section>\n\t\t\t\t<section class=\"elementor-section elementor-top-section elementor-element elementor-element-83e2e68 elementor-section-boxed elementor-section-height-default elementor-section-height-default\" data-id=\"83e2e68\" data-element_type=\"section\">\n\t\t\t\t\t\t<div class=\"elementor-container elementor-column-gap-default\">\n\t\t\t\t\t<div class=\"elementor-column elementor-col-33 elementor-top-column elementor-element elementor-element-b58549f\" data-id=\"b58549f\" data-element_type=\"column\">\n\t\t\t<div class=\"elementor-widget-wrap elementor-element-populated\">\n\t\t\t\t\t\t<div class=\"elementor-element elementor-element-6395735 elementor-widget elementor-widget-image\" data-id=\"6395735\" data-element_type=\"widget\" data-widget_type=\"image.default\">\n\t\t\t\t<div class=\"elementor-widget-container\">\n\t\t\t\t\t\t\t\t\t\t\t\t\t\t\t<img loading=\"lazy\" decoding=\"async\" width=\"1024\" height=\"683\" src=\"https:\/\/www.lourdes-france.com\/wp-content\/uploads\/2022\/05\/52075633585_7eb7c1e617_o-1024x683.jpg\" class=\"attachment-large size-large wp-image-786276\" alt=\"\" srcset=\"https:\/\/www.lourdes-france.com\/wp-content\/uploads\/2022\/05\/52075633585_7eb7c1e617_o-1024x683.jpg 1024w, https:\/\/www.lourdes-france.com\/wp-content\/uploads\/2022\/05\/52075633585_7eb7c1e617_o-300x200.jpg 300w, https:\/\/www.lourdes-france.com\/wp-content\/uploads\/2022\/05\/52075633585_7eb7c1e617_o-768x512.jpg 768w, https:\/\/www.lourdes-france.com\/wp-content\/uploads\/2022\/05\/52075633585_7eb7c1e617_o-1536x1024.jpg 1536w, https:\/\/www.lourdes-france.com\/wp-content\/uploads\/2022\/05\/52075633585_7eb7c1e617_o.jpg 1920w\" sizes=\"(max-width: 1024px) 100vw, 1024px\" \/>\t\t\t\t\t\t\t\t\t\t\t\t\t\t\t<\/div>\n\t\t\t\t<\/div>\n\t\t\t\t\t<\/div>\n\t\t<\/div>\n\t\t\t\t<div class=\"elementor-column elementor-col-33 elementor-top-column elementor-element elementor-element-1a3dd72\" data-id=\"1a3dd72\" data-element_type=\"column\">\n\t\t\t<div class=\"elementor-widget-wrap elementor-element-populated\">\n\t\t\t\t\t\t<div class=\"elementor-element elementor-element-b67ca81 elementor-widget elementor-widget-image\" data-id=\"b67ca81\" data-element_type=\"widget\" data-widget_type=\"image.default\">\n\t\t\t\t<div class=\"elementor-widget-container\">\n\t\t\t\t\t\t\t\t\t\t\t\t\t\t\t<img loading=\"lazy\" decoding=\"async\" width=\"1024\" height=\"683\" src=\"https:\/\/www.lourdes-france.com\/wp-content\/uploads\/2022\/07\/22_geste-de-leau-07-1024x683.jpg\" class=\"attachment-large size-large wp-image-786460\" alt=\"L&#039;eau\" srcset=\"https:\/\/www.lourdes-france.com\/wp-content\/uploads\/2022\/07\/22_geste-de-leau-07-1024x683.jpg 1024w, https:\/\/www.lourdes-france.com\/wp-content\/uploads\/2022\/07\/22_geste-de-leau-07-300x200.jpg 300w, https:\/\/www.lourdes-france.com\/wp-content\/uploads\/2022\/07\/22_geste-de-leau-07-768x512.jpg 768w, https:\/\/www.lourdes-france.com\/wp-content\/uploads\/2022\/07\/22_geste-de-leau-07-1536x1024.jpg 1536w, https:\/\/www.lourdes-france.com\/wp-content\/uploads\/2022\/07\/22_geste-de-leau-07-2048x1365.jpg 2048w\" sizes=\"(max-width: 1024px) 100vw, 1024px\" \/>\t\t\t\t\t\t\t\t\t\t\t\t\t\t\t<\/div>\n\t\t\t\t<\/div>\n\t\t\t\t\t<\/div>\n\t\t<\/div>\n\t\t\t\t<div class=\"elementor-column elementor-col-33 elementor-top-column elementor-element elementor-element-082f8c5\" data-id=\"082f8c5\" data-element_type=\"column\">\n\t\t\t<div class=\"elementor-widget-wrap elementor-element-populated\">\n\t\t\t\t\t\t<div class=\"elementor-element elementor-element-3a5d5fa elementor-widget elementor-widget-image\" data-id=\"3a5d5fa\" data-element_type=\"widget\" data-widget_type=\"image.default\">\n\t\t\t\t<div class=\"elementor-widget-container\">\n\t\t\t\t\t\t\t\t\t\t\t\t\t\t\t<img loading=\"lazy\" decoding=\"async\" width=\"1024\" height=\"683\" src=\"https:\/\/www.lourdes-france.com\/wp-content\/uploads\/2023\/01\/Chapelle_de_lumiere-1024x683.jpg\" class=\"attachment-large size-large wp-image-796440\" alt=\"\" srcset=\"https:\/\/www.lourdes-france.com\/wp-content\/uploads\/2023\/01\/Chapelle_de_lumiere-1024x683.jpg 1024w, https:\/\/www.lourdes-france.com\/wp-content\/uploads\/2023\/01\/Chapelle_de_lumiere-300x200.jpg 300w, https:\/\/www.lourdes-france.com\/wp-content\/uploads\/2023\/01\/Chapelle_de_lumiere-768x512.jpg 768w, https:\/\/www.lourdes-france.com\/wp-content\/uploads\/2023\/01\/Chapelle_de_lumiere-1536x1024.jpg 1536w, https:\/\/www.lourdes-france.com\/wp-content\/uploads\/2023\/01\/Chapelle_de_lumiere-2048x1365.jpg 2048w\" sizes=\"(max-width: 1024px) 100vw, 1024px\" \/>\t\t\t\t\t\t\t\t\t\t\t\t\t\t\t<\/div>\n\t\t\t\t<\/div>\n\t\t\t\t\t<\/div>\n\t\t<\/div>\n\t\t\t\t\t<\/div>\n\t\t<\/section>\n\t\t\t\t<section class=\"elementor-section elementor-top-section elementor-element elementor-element-a7847ad elementor-section-boxed elementor-section-height-default elementor-section-height-default\" data-id=\"a7847ad\" data-element_type=\"section\">\n\t\t\t\t\t\t<div class=\"elementor-container elementor-column-gap-default\">\n\t\t\t\t\t<div class=\"elementor-column elementor-col-33 elementor-top-column elementor-element elementor-element-cf688c4\" data-id=\"cf688c4\" data-element_type=\"column\">\n\t\t\t<div class=\"elementor-widget-wrap elementor-element-populated\">\n\t\t\t\t\t\t<div class=\"elementor-element elementor-element-b388c11 elementor-widget elementor-widget-text-editor\" data-id=\"b388c11\" data-element_type=\"widget\" data-widget_type=\"text-editor.default\">\n\t\t\t\t<div class=\"elementor-widget-container\">\n\t\t\t\t\t\t\t\t\t<p><strong>Die Felsen-Geste, t\u00e4glich, au\u00dfer bei Gottesdiensten.<\/strong><\/p>\t\t\t\t\t\t\t\t<\/div>\n\t\t\t\t<\/div>\n\t\t\t\t\t<\/div>\n\t\t<\/div>\n\t\t\t\t<div class=\"elementor-column elementor-col-33 elementor-top-column elementor-element elementor-element-f479db6\" data-id=\"f479db6\" data-element_type=\"column\">\n\t\t\t<div class=\"elementor-widget-wrap elementor-element-populated\">\n\t\t\t\t\t\t<div class=\"elementor-element elementor-element-d6a3d51 elementor-widget elementor-widget-text-editor\" data-id=\"d6a3d51\" data-element_type=\"widget\" data-widget_type=\"text-editor.default\">\n\t\t\t\t<div class=\"elementor-widget-container\">\n\t\t\t\t\t\t\t\t\t<p><strong>Die Geste des Wassers in den B\u00e4dern: 9h00 \u2013 11h30 &amp; 14h00 \u2013 16h30<\/strong><\/p>\t\t\t\t\t\t\t\t<\/div>\n\t\t\t\t<\/div>\n\t\t\t\t\t<\/div>\n\t\t<\/div>\n\t\t\t\t<div class=\"elementor-column elementor-col-33 elementor-top-column elementor-element elementor-element-0d5b7bf\" data-id=\"0d5b7bf\" data-element_type=\"column\">\n\t\t\t<div class=\"elementor-widget-wrap elementor-element-populated\">\n\t\t\t\t\t\t<div class=\"elementor-element elementor-element-f346003 elementor-widget elementor-widget-text-editor\" data-id=\"f346003\" data-element_type=\"widget\" data-widget_type=\"text-editor.default\">\n\t\t\t\t<div class=\"elementor-widget-container\">\n\t\t\t\t\t\t\t\t\t<p><strong>Die Kerzen-Geste, \u00fcber den ganzen Tag in den Lichtkapellen.<\/strong><\/p>\t\t\t\t\t\t\t\t<\/div>\n\t\t\t\t<\/div>\n\t\t\t\t\t<\/div>\n\t\t<\/div>\n\t\t\t\t\t<\/div>\n\t\t<\/section>\n\t\t\t\t<section class=\"elementor-section elementor-top-section elementor-element elementor-element-1642df2 elementor-section-boxed elementor-section-height-default elementor-section-height-default\" data-id=\"1642df2\" data-element_type=\"section\">\n\t\t\t\t\t\t<div class=\"elementor-container elementor-column-gap-default\">\n\t\t\t\t\t<div class=\"elementor-column elementor-col-100 elementor-top-column elementor-element elementor-element-ba7c9b0\" data-id=\"ba7c9b0\" data-element_type=\"column\">\n\t\t\t<div class=\"elementor-widget-wrap elementor-element-populated\">\n\t\t\t\t\t\t<div class=\"elementor-element elementor-element-bb17def elementor-align-center elementor-widget elementor-widget-button\" data-id=\"bb17def\" data-element_type=\"widget\" data-widget_type=\"button.default\">\n\t\t\t\t<div class=\"elementor-widget-container\">\n\t\t\t\t\t\t\t\t\t<div class=\"elementor-button-wrapper\">\n\t\t\t\t\t<a class=\"elementor-button elementor-button-link elementor-size-sm\" href=\"https:\/\/www.lourdes-france.com\/wp-content\/uploads\/2023\/04\/Gestes_de_Lourdes_DE.pdf\" target=\"_blank\">\n\t\t\t\t\t\t<span class=\"elementor-button-content-wrapper\">\n\t\t\t\t\t\t\t\t\t<span class=\"elementor-button-text\">Laden Sie die Gesten von Lourdes herunter<\/span>\n\t\t\t\t\t<\/span>\n\t\t\t\t\t<\/a>\n\t\t\t\t<\/div>\n\t\t\t\t\t\t\t\t<\/div>\n\t\t\t\t<\/div>\n\t\t\t\t\t<\/div>\n\t\t<\/div>\n\t\t\t\t\t<\/div>\n\t\t<\/section>\n\t\t\t\t<section class=\"elementor-section elementor-top-section elementor-element elementor-element-a7440e5 elementor-section-boxed elementor-section-height-default elementor-section-height-default\" data-id=\"a7440e5\" data-element_type=\"section\">\n\t\t\t\t\t\t<div class=\"elementor-container elementor-column-gap-no\">\n\t\t\t\t\t<div class=\"elementor-column elementor-col-100 elementor-top-column elementor-element elementor-element-665d95c\" data-id=\"665d95c\" data-element_type=\"column\">\n\t\t\t<div class=\"elementor-widget-wrap elementor-element-populated\">\n\t\t\t\t\t\t<div class=\"elementor-element elementor-element-8c8a73e elementor-widget elementor-widget-heading\" data-id=\"8c8a73e\" data-element_type=\"widget\" data-widget_type=\"heading.default\">\n\t\t\t\t<div class=\"elementor-widget-container\">\n\t\t\t\t\t<h3 class=\"elementor-heading-title elementor-size-default\">PROZESSIONEN<\/h3>\t\t\t\t<\/div>\n\t\t\t\t<\/div>\n\t\t\t\t<div class=\"elementor-element elementor-element-1c1d2b9 elementor-widget elementor-widget-text-editor\" data-id=\"1c1d2b9\" data-element_type=\"widget\" data-widget_type=\"text-editor.default\">\n\t\t\t\t<div class=\"elementor-widget-container\">\n\t\t\t\t\t\t\t\t\t<p><strong>Zum Pilgerweg der \u201ePilger f\u00fcr einen Tag\u201c geh\u00f6rt auch die <a href=\"https:\/\/www.lourdes-france.com\/de\/pilger-fur-einen-tag\/die-sakramentsprozession\/\" target=\"_blank\" rel=\"noopener\">eucharistische Prozession<\/a> mit dem Sakramentalen Krankensegen um 17.00 Uhr alle in Lourdes f\u00fcr alle anwesenden Pilger. Die Prozession, die vom Flussufer gegen\u00fcber der Grotte zur unterirdischen Basilika Pius X f\u00fchrt, in der die Kranken die reale Gegenwart Gottes unter den Menschen erfahren.<\/strong><\/p><p><br \/><strong>Mit der <a href=\"https:\/\/www.lourdes-france.com\/de\/pilger-fur-einen-tag\/marianische-lichterprozession\/\" target=\"_blank\" rel=\"noopener\">marianischen Lichterprozession<\/a> um 21.00 Uhr brechen die Pilger erneut auf, um beim Licht der Kerzen, begleitet von Liedern und Gebeten in allen Sprachen, die im Heiligtum anwesend sind, mit Maria den Rosenkranz zu betrachten.<\/strong><\/p>\t\t\t\t\t\t\t\t<\/div>\n\t\t\t\t<\/div>\n\t\t\t\t\t<\/div>\n\t\t<\/div>\n\t\t\t\t\t<\/div>\n\t\t<\/section>\n\t\t\t\t<section class=\"elementor-section elementor-top-section elementor-element elementor-element-5f3ab85 elementor-section-boxed elementor-section-height-default elementor-section-height-default\" data-id=\"5f3ab85\" data-element_type=\"section\">\n\t\t\t\t\t\t<div class=\"elementor-container elementor-column-gap-no\">\n\t\t\t\t\t<div class=\"elementor-column elementor-col-100 elementor-top-column elementor-element elementor-element-89575b8\" data-id=\"89575b8\" data-element_type=\"column\">\n\t\t\t<div class=\"elementor-widget-wrap elementor-element-populated\">\n\t\t\t\t\t\t<div class=\"elementor-element elementor-element-5c71fb2 elementor-widget elementor-widget-heading\" data-id=\"5c71fb2\" data-element_type=\"widget\" data-widget_type=\"heading.default\">\n\t\t\t\t<div class=\"elementor-widget-container\">\n\t\t\t\t\t<h3 class=\"elementor-heading-title elementor-size-default\">FILM VON LOURDES<\/h3>\t\t\t\t<\/div>\n\t\t\t\t<\/div>\n\t\t\t\t<div class=\"elementor-element elementor-element-f5eb725 elementor-widget elementor-widget-text-editor\" data-id=\"f5eb725\" data-element_type=\"widget\" data-widget_type=\"text-editor.default\">\n\t\t\t\t<div class=\"elementor-widget-container\">\n\t\t\t\t\t\t\t\t\t<p><strong>Der <a href=\"https:\/\/www.lourdes-france.com\/de\/pilger-fur-einen-tag\/der-film-zur-einfuhrung\/\" target=\"_blank\" rel=\"noopener\">Film<\/a>, der Lourdes und seine Botschaft vorstellt, wird jeden Tag im Informationszentrum gezeigt:<br \/>Im Saal Peyramale auf Franz\u00f6sisch jede Stunde: 9h\/10h\/11h\/14h\/15h\/16h\/17h<br \/>Im Saal Leuret: &#8211; 13:45 Uhr auf Deutsch; &#8211; 14:30 Uhr auf Italienisch; &#8211; 15:15 Uhr auf Spanisch und 16:00 Uhr auf Englisch.<\/strong><\/p>\t\t\t\t\t\t\t\t<\/div>\n\t\t\t\t<\/div>\n\t\t\t\t\t<\/div>\n\t\t<\/div>\n\t\t\t\t\t<\/div>\n\t\t<\/section>\n\t\t\t\t<section class=\"elementor-section elementor-top-section elementor-element elementor-element-c8e0f1b elementor-section-boxed elementor-section-height-default elementor-section-height-default\" data-id=\"c8e0f1b\" data-element_type=\"section\">\n\t\t\t\t\t\t<div class=\"elementor-container elementor-column-gap-default\">\n\t\t\t\t\t<div class=\"elementor-column elementor-col-100 elementor-top-column elementor-element elementor-element-05981b5\" data-id=\"05981b5\" data-element_type=\"column\">\n\t\t\t<div class=\"elementor-widget-wrap elementor-element-populated\">\n\t\t\t\t\t\t<div class=\"elementor-element elementor-element-fd368fd elementor-align-center elementor-widget elementor-widget-button\" data-id=\"fd368fd\" data-element_type=\"widget\" data-widget_type=\"button.default\">\n\t\t\t\t<div class=\"elementor-widget-container\">\n\t\t\t\t\t\t\t\t\t<div class=\"elementor-button-wrapper\">\n\t\t\t\t\t<a class=\"elementor-button elementor-button-link elementor-size-sm\" href=\"https:\/\/www.lourdes-france.com\/de\/pilger-fur-einen-tag\/\" target=\"_blank\">\n\t\t\t\t\t\t<span class=\"elementor-button-content-wrapper\">\n\t\t\t\t\t\t\t\t\t<span class=\"elementor-button-text\">Sehen Sie sich alle Aktivit\u00e4ten an, die von der Wallfahrtskirche angeboten werden<\/span>\n\t\t\t\t\t<\/span>\n\t\t\t\t\t<\/a>\n\t\t\t\t<\/div>\n\t\t\t\t\t\t\t\t<\/div>\n\t\t\t\t<\/div>\n\t\t\t\t\t<\/div>\n\t\t<\/div>\n\t\t\t\t\t<\/div>\n\t\t<\/section>\n\t\t\t\t<section class=\"elementor-section elementor-top-section elementor-element elementor-element-7a519c5 elementor-section-boxed elementor-section-height-default elementor-section-height-default\" data-id=\"7a519c5\" data-element_type=\"section\">\n\t\t\t\t\t\t<div class=\"elementor-container elementor-column-gap-default\">\n\t\t\t\t\t<div class=\"elementor-column elementor-col-100 elementor-top-column elementor-element elementor-element-2af1942\" data-id=\"2af1942\" data-element_type=\"column\">\n\t\t\t<div class=\"elementor-widget-wrap elementor-element-populated\">\n\t\t\t\t\t\t<div class=\"elementor-element elementor-element-5263928 elementor-widget elementor-widget-text-editor\" data-id=\"5263928\" data-element_type=\"widget\" data-widget_type=\"text-editor.default\">\n\t\t\t\t<div class=\"elementor-widget-container\">\n\t\t\t\t\t\t\t\t\t<p style=\"text-align: center;\"><strong>Weitere Informationen finden Sie hie<br \/>Das Informationszentrum des Heiligtums ist t\u00e4glich von 8h30 bis 12h15 und von 13h45 bis18h30 ge\u00f6ffnet. <br \/>Tel.: +33 (0)5 62 42 2008<br \/>E-Mail: saccueil@lourdes-france.com<br \/><\/strong><\/p>\t\t\t\t\t\t\t\t<\/div>\n\t\t\t\t<\/div>\n\t\t\t\t\t<\/div>\n\t\t<\/div>\n\t\t\t\t\t<\/div>\n\t\t<\/section>\n\t\t\t\t<\/div>\n\t\t","protected":false},"excerpt":{"rendered":"<p>Von der Wallfahrtsst\u00e4tte unserer Lieben Frau von Lourdes unterbreitete Aktivit\u00e4ten Die Angebote des Heiligtum Unserer Lieben Frau von Lourdes erm\u00f6glichen es jenen, die Schlichtheit und Sch\u00f6nheit dieses Erscheinungsortes der Jungfrau Maria, die Aktualit\u00e4t ihres Aufrufs zur Vers\u00f6hnung und ihre Trost &hellip; <a href=\"https:\/\/www.lourdes-france.com\/de\/pilger-fuer-einen-tag-von-der-wallfahrtsstaette-unserer-lieben-frau-von-lourdes-unterbreitete-aktivitaeten\/\">Weiter<\/a><\/p>\n","protected":false},"author":9,"featured_media":802988,"comment_status":"closed","ping_status":"closed","sticky":false,"template":"","format":"standard","meta":{"_acf_changed":false,"footnotes":""},"categories":[67],"tags":[],"class_list":["post-803138","post","type-post","status-publish","format-standard","has-post-thumbnail","hentry","category-en-ce-moment-de"],"acf":[],"yoast_head":"<!-- This site is optimized with the Yoast SEO Premium plugin v24.0 (Yoast SEO v26.3) - https:\/\/yoast.com\/wordpress\/plugins\/seo\/ -->\n<title>Pilger f\u00fcr einen Tag - Vivre le p\u00e8lerinage de Lourdes<\/title>\n<meta name=\"description\" content=\"Les activit\u00e9s propos\u00e9es par le Sanctuaire Notre-Dame de Lourdes permettent \u00e0 ceux qui le souhaitent de d\u00e9couvrir la beaut\u00e9 et la simplicit\u00e9 de ce lieu d\u2019apparitions de la Vierge Marie, la modernit\u00e9 de son message de paix, de r\u00e9confort et d\u2019esp\u00e9rance.\" \/>\n<meta name=\"robots\" content=\"index, follow, max-snippet:-1, max-image-preview:large, max-video-preview:-1\" \/>\n<link rel=\"canonical\" href=\"https:\/\/www.lourdes-france.com\/de\/pilger-fuer-einen-tag-von-der-wallfahrtsstaette-unserer-lieben-frau-von-lourdes-unterbreitete-aktivitaeten\/\" \/>\n<meta property=\"og:locale\" content=\"de_DE\" \/>\n<meta property=\"og:type\" content=\"article\" \/>\n<meta property=\"og:title\" content=\"Pilger f\u00fcr einen Tag\" \/>\n<meta property=\"og:description\" content=\"Les activit\u00e9s propos\u00e9es par le Sanctuaire Notre-Dame de Lourdes permettent \u00e0 ceux qui le souhaitent de d\u00e9couvrir la beaut\u00e9 et la simplicit\u00e9 de ce lieu d\u2019apparitions de la Vierge Marie, la modernit\u00e9 de son message de paix, de r\u00e9confort et d\u2019esp\u00e9rance.\" \/>\n<meta property=\"og:url\" content=\"https:\/\/www.lourdes-france.com\/de\/pilger-fuer-einen-tag-von-der-wallfahrtsstaette-unserer-lieben-frau-von-lourdes-unterbreitete-aktivitaeten\/\" \/>\n<meta property=\"og:site_name\" content=\"Vivre le p\u00e8lerinage de Lourdes\" \/>\n<meta property=\"article:published_time\" content=\"2023-04-12T09:11:31+00:00\" \/>\n<meta property=\"article:modified_time\" content=\"2023-04-14T10:00:07+00:00\" \/>\n<meta property=\"og:image\" content=\"https:\/\/www.lourdes-france.com\/wp-content\/uploads\/2023\/04\/bandeau-4.jpg\" \/>\n\t<meta property=\"og:image:width\" content=\"1920\" \/>\n\t<meta property=\"og:image:height\" content=\"1280\" \/>\n\t<meta property=\"og:image:type\" content=\"image\/jpeg\" \/>\n<meta name=\"author\" content=\"communication\" \/>\n<meta name=\"twitter:card\" content=\"summary_large_image\" \/>\n<meta name=\"twitter:label1\" content=\"Verfasst von\" \/>\n\t<meta name=\"twitter:data1\" content=\"communication\" \/>\n\t<meta name=\"twitter:label2\" content=\"Gesch\u00e4tzte Lesezeit\" \/>\n\t<meta name=\"twitter:data2\" content=\"6\u00a0Minuten\" \/>\n<script type=\"application\/ld+json\" class=\"yoast-schema-graph\">{\"@context\":\"https:\/\/schema.org\",\"@graph\":[{\"@type\":\"Article\",\"@id\":\"https:\/\/www.lourdes-france.com\/de\/pilger-fuer-einen-tag-von-der-wallfahrtsstaette-unserer-lieben-frau-von-lourdes-unterbreitete-aktivitaeten\/#article\",\"isPartOf\":{\"@id\":\"https:\/\/www.lourdes-france.com\/de\/pilger-fuer-einen-tag-von-der-wallfahrtsstaette-unserer-lieben-frau-von-lourdes-unterbreitete-aktivitaeten\/\"},\"author\":{\"name\":\"communication\",\"@id\":\"https:\/\/www.lourdes-france.com\/de\/#\/schema\/person\/cec1bc287296b4aed571d4364999fa69\"},\"headline\":\"Pilger f\u00fcr einen Tag\",\"datePublished\":\"2023-04-12T09:11:31+00:00\",\"dateModified\":\"2023-04-14T10:00:07+00:00\",\"mainEntityOfPage\":{\"@id\":\"https:\/\/www.lourdes-france.com\/de\/pilger-fuer-einen-tag-von-der-wallfahrtsstaette-unserer-lieben-frau-von-lourdes-unterbreitete-aktivitaeten\/\"},\"wordCount\":804,\"publisher\":{\"@id\":\"https:\/\/www.lourdes-france.com\/de\/#organization\"},\"image\":{\"@id\":\"https:\/\/www.lourdes-france.com\/de\/pilger-fuer-einen-tag-von-der-wallfahrtsstaette-unserer-lieben-frau-von-lourdes-unterbreitete-aktivitaeten\/#primaryimage\"},\"thumbnailUrl\":\"https:\/\/www.lourdes-france.com\/wp-content\/uploads\/2023\/04\/bandeau-4.jpg\",\"articleSection\":[\"En ce moment\"],\"inLanguage\":\"de\"},{\"@type\":\"WebPage\",\"@id\":\"https:\/\/www.lourdes-france.com\/de\/pilger-fuer-einen-tag-von-der-wallfahrtsstaette-unserer-lieben-frau-von-lourdes-unterbreitete-aktivitaeten\/\",\"url\":\"https:\/\/www.lourdes-france.com\/de\/pilger-fuer-einen-tag-von-der-wallfahrtsstaette-unserer-lieben-frau-von-lourdes-unterbreitete-aktivitaeten\/\",\"name\":\"Pilger f\u00fcr einen Tag - Vivre le p\u00e8lerinage de Lourdes\",\"isPartOf\":{\"@id\":\"https:\/\/www.lourdes-france.com\/de\/#website\"},\"primaryImageOfPage\":{\"@id\":\"https:\/\/www.lourdes-france.com\/de\/pilger-fuer-einen-tag-von-der-wallfahrtsstaette-unserer-lieben-frau-von-lourdes-unterbreitete-aktivitaeten\/#primaryimage\"},\"image\":{\"@id\":\"https:\/\/www.lourdes-france.com\/de\/pilger-fuer-einen-tag-von-der-wallfahrtsstaette-unserer-lieben-frau-von-lourdes-unterbreitete-aktivitaeten\/#primaryimage\"},\"thumbnailUrl\":\"https:\/\/www.lourdes-france.com\/wp-content\/uploads\/2023\/04\/bandeau-4.jpg\",\"datePublished\":\"2023-04-12T09:11:31+00:00\",\"dateModified\":\"2023-04-14T10:00:07+00:00\",\"description\":\"Les activit\u00e9s propos\u00e9es par le Sanctuaire Notre-Dame de Lourdes permettent \u00e0 ceux qui le souhaitent de d\u00e9couvrir la beaut\u00e9 et la simplicit\u00e9 de ce lieu d\u2019apparitions de la Vierge Marie, la modernit\u00e9 de son message de paix, de r\u00e9confort et d\u2019esp\u00e9rance.\",\"breadcrumb\":{\"@id\":\"https:\/\/www.lourdes-france.com\/de\/pilger-fuer-einen-tag-von-der-wallfahrtsstaette-unserer-lieben-frau-von-lourdes-unterbreitete-aktivitaeten\/#breadcrumb\"},\"inLanguage\":\"de\",\"potentialAction\":[{\"@type\":\"ReadAction\",\"target\":[\"https:\/\/www.lourdes-france.com\/de\/pilger-fuer-einen-tag-von-der-wallfahrtsstaette-unserer-lieben-frau-von-lourdes-unterbreitete-aktivitaeten\/\"]}]},{\"@type\":\"ImageObject\",\"inLanguage\":\"de\",\"@id\":\"https:\/\/www.lourdes-france.com\/de\/pilger-fuer-einen-tag-von-der-wallfahrtsstaette-unserer-lieben-frau-von-lourdes-unterbreitete-aktivitaeten\/#primaryimage\",\"url\":\"https:\/\/www.lourdes-france.com\/wp-content\/uploads\/2023\/04\/bandeau-4.jpg\",\"contentUrl\":\"https:\/\/www.lourdes-france.com\/wp-content\/uploads\/2023\/04\/bandeau-4.jpg\",\"width\":1920,\"height\":1280},{\"@type\":\"BreadcrumbList\",\"@id\":\"https:\/\/www.lourdes-france.com\/de\/pilger-fuer-einen-tag-von-der-wallfahrtsstaette-unserer-lieben-frau-von-lourdes-unterbreitete-aktivitaeten\/#breadcrumb\",\"itemListElement\":[{\"@type\":\"ListItem\",\"position\":1,\"name\":\"Accueil\",\"item\":\"https:\/\/www.lourdes-france.com\/de\/\"},{\"@type\":\"ListItem\",\"position\":2,\"name\":\"Pilger f\u00fcr einen Tag\"}]},{\"@type\":\"WebSite\",\"@id\":\"https:\/\/www.lourdes-france.com\/de\/#website\",\"url\":\"https:\/\/www.lourdes-france.com\/de\/\",\"name\":\"Sanctuaire Notre-Dame de Lourdes\",\"description\":\"\",\"publisher\":{\"@id\":\"https:\/\/www.lourdes-france.com\/de\/#organization\"},\"potentialAction\":[{\"@type\":\"SearchAction\",\"target\":{\"@type\":\"EntryPoint\",\"urlTemplate\":\"https:\/\/www.lourdes-france.com\/de\/?s={search_term_string}\"},\"query-input\":{\"@type\":\"PropertyValueSpecification\",\"valueRequired\":true,\"valueName\":\"search_term_string\"}}],\"inLanguage\":\"de\"},{\"@type\":\"Organization\",\"@id\":\"https:\/\/www.lourdes-france.com\/de\/#organization\",\"name\":\"Sanctuaire Notre-Dame de Lourdes\",\"url\":\"https:\/\/www.lourdes-france.com\/de\/\",\"logo\":{\"@type\":\"ImageObject\",\"inLanguage\":\"de\",\"@id\":\"https:\/\/www.lourdes-france.com\/de\/#\/schema\/logo\/image\/\",\"url\":\"https:\/\/www.lourdes-france.com\/wp-content\/uploads\/2021\/11\/logo-small.png\",\"contentUrl\":\"https:\/\/www.lourdes-france.com\/wp-content\/uploads\/2021\/11\/logo-small.png\",\"width\":834,\"height\":521,\"caption\":\"Sanctuaire Notre-Dame de Lourdes\"},\"image\":{\"@id\":\"https:\/\/www.lourdes-france.com\/de\/#\/schema\/logo\/image\/\"}},{\"@type\":\"Person\",\"@id\":\"https:\/\/www.lourdes-france.com\/de\/#\/schema\/person\/cec1bc287296b4aed571d4364999fa69\",\"name\":\"communication\",\"image\":{\"@type\":\"ImageObject\",\"inLanguage\":\"de\",\"@id\":\"https:\/\/www.lourdes-france.com\/de\/#\/schema\/person\/image\/\",\"url\":\"https:\/\/secure.gravatar.com\/avatar\/c941c552c76e46c27f2de2045e73ee4cc48fa8d96f958f26a2362c0c73aaf425?s=96&d=mm&r=g\",\"contentUrl\":\"https:\/\/secure.gravatar.com\/avatar\/c941c552c76e46c27f2de2045e73ee4cc48fa8d96f958f26a2362c0c73aaf425?s=96&d=mm&r=g\",\"caption\":\"communication\"},\"url\":\"https:\/\/www.lourdes-france.com\/de\/author\/communication\/\"}]}<\/script>\n<!-- \/ Yoast SEO Premium plugin. -->","yoast_head_json":{"title":"Pilger f\u00fcr einen Tag - Vivre le p\u00e8lerinage de Lourdes","description":"Les activit\u00e9s propos\u00e9es par le Sanctuaire Notre-Dame de Lourdes permettent \u00e0 ceux qui le souhaitent de d\u00e9couvrir la beaut\u00e9 et la simplicit\u00e9 de ce lieu d\u2019apparitions de la Vierge Marie, la modernit\u00e9 de son message de paix, de r\u00e9confort et d\u2019esp\u00e9rance.","robots":{"index":"index","follow":"follow","max-snippet":"max-snippet:-1","max-image-preview":"max-image-preview:large","max-video-preview":"max-video-preview:-1"},"canonical":"https:\/\/www.lourdes-france.com\/de\/pilger-fuer-einen-tag-von-der-wallfahrtsstaette-unserer-lieben-frau-von-lourdes-unterbreitete-aktivitaeten\/","og_locale":"de_DE","og_type":"article","og_title":"Pilger f\u00fcr einen Tag","og_description":"Les activit\u00e9s propos\u00e9es par le Sanctuaire Notre-Dame de Lourdes permettent \u00e0 ceux qui le souhaitent de d\u00e9couvrir la beaut\u00e9 et la simplicit\u00e9 de ce lieu d\u2019apparitions de la Vierge Marie, la modernit\u00e9 de son message de paix, de r\u00e9confort et d\u2019esp\u00e9rance.","og_url":"https:\/\/www.lourdes-france.com\/de\/pilger-fuer-einen-tag-von-der-wallfahrtsstaette-unserer-lieben-frau-von-lourdes-unterbreitete-aktivitaeten\/","og_site_name":"Vivre le p\u00e8lerinage de Lourdes","article_published_time":"2023-04-12T09:11:31+00:00","article_modified_time":"2023-04-14T10:00:07+00:00","og_image":[{"width":1920,"height":1280,"url":"https:\/\/www.lourdes-france.com\/wp-content\/uploads\/2023\/04\/bandeau-4.jpg","type":"image\/jpeg"}],"author":"communication","twitter_card":"summary_large_image","twitter_misc":{"Verfasst von":"communication","Gesch\u00e4tzte Lesezeit":"6\u00a0Minuten"},"schema":{"@context":"https:\/\/schema.org","@graph":[{"@type":"Article","@id":"https:\/\/www.lourdes-france.com\/de\/pilger-fuer-einen-tag-von-der-wallfahrtsstaette-unserer-lieben-frau-von-lourdes-unterbreitete-aktivitaeten\/#article","isPartOf":{"@id":"https:\/\/www.lourdes-france.com\/de\/pilger-fuer-einen-tag-von-der-wallfahrtsstaette-unserer-lieben-frau-von-lourdes-unterbreitete-aktivitaeten\/"},"author":{"name":"communication","@id":"https:\/\/www.lourdes-france.com\/de\/#\/schema\/person\/cec1bc287296b4aed571d4364999fa69"},"headline":"Pilger f\u00fcr einen Tag","datePublished":"2023-04-12T09:11:31+00:00","dateModified":"2023-04-14T10:00:07+00:00","mainEntityOfPage":{"@id":"https:\/\/www.lourdes-france.com\/de\/pilger-fuer-einen-tag-von-der-wallfahrtsstaette-unserer-lieben-frau-von-lourdes-unterbreitete-aktivitaeten\/"},"wordCount":804,"publisher":{"@id":"https:\/\/www.lourdes-france.com\/de\/#organization"},"image":{"@id":"https:\/\/www.lourdes-france.com\/de\/pilger-fuer-einen-tag-von-der-wallfahrtsstaette-unserer-lieben-frau-von-lourdes-unterbreitete-aktivitaeten\/#primaryimage"},"thumbnailUrl":"https:\/\/www.lourdes-france.com\/wp-content\/uploads\/2023\/04\/bandeau-4.jpg","articleSection":["En ce moment"],"inLanguage":"de"},{"@type":"WebPage","@id":"https:\/\/www.lourdes-france.com\/de\/pilger-fuer-einen-tag-von-der-wallfahrtsstaette-unserer-lieben-frau-von-lourdes-unterbreitete-aktivitaeten\/","url":"https:\/\/www.lourdes-france.com\/de\/pilger-fuer-einen-tag-von-der-wallfahrtsstaette-unserer-lieben-frau-von-lourdes-unterbreitete-aktivitaeten\/","name":"Pilger f\u00fcr einen Tag - Vivre le p\u00e8lerinage de Lourdes","isPartOf":{"@id":"https:\/\/www.lourdes-france.com\/de\/#website"},"primaryImageOfPage":{"@id":"https:\/\/www.lourdes-france.com\/de\/pilger-fuer-einen-tag-von-der-wallfahrtsstaette-unserer-lieben-frau-von-lourdes-unterbreitete-aktivitaeten\/#primaryimage"},"image":{"@id":"https:\/\/www.lourdes-france.com\/de\/pilger-fuer-einen-tag-von-der-wallfahrtsstaette-unserer-lieben-frau-von-lourdes-unterbreitete-aktivitaeten\/#primaryimage"},"thumbnailUrl":"https:\/\/www.lourdes-france.com\/wp-content\/uploads\/2023\/04\/bandeau-4.jpg","datePublished":"2023-04-12T09:11:31+00:00","dateModified":"2023-04-14T10:00:07+00:00","description":"Les activit\u00e9s propos\u00e9es par le Sanctuaire Notre-Dame de Lourdes permettent \u00e0 ceux qui le souhaitent de d\u00e9couvrir la beaut\u00e9 et la simplicit\u00e9 de ce lieu d\u2019apparitions de la Vierge Marie, la modernit\u00e9 de son message de paix, de r\u00e9confort et d\u2019esp\u00e9rance.","breadcrumb":{"@id":"https:\/\/www.lourdes-france.com\/de\/pilger-fuer-einen-tag-von-der-wallfahrtsstaette-unserer-lieben-frau-von-lourdes-unterbreitete-aktivitaeten\/#breadcrumb"},"inLanguage":"de","potentialAction":[{"@type":"ReadAction","target":["https:\/\/www.lourdes-france.com\/de\/pilger-fuer-einen-tag-von-der-wallfahrtsstaette-unserer-lieben-frau-von-lourdes-unterbreitete-aktivitaeten\/"]}]},{"@type":"ImageObject","inLanguage":"de","@id":"https:\/\/www.lourdes-france.com\/de\/pilger-fuer-einen-tag-von-der-wallfahrtsstaette-unserer-lieben-frau-von-lourdes-unterbreitete-aktivitaeten\/#primaryimage","url":"https:\/\/www.lourdes-france.com\/wp-content\/uploads\/2023\/04\/bandeau-4.jpg","contentUrl":"https:\/\/www.lourdes-france.com\/wp-content\/uploads\/2023\/04\/bandeau-4.jpg","width":1920,"height":1280},{"@type":"BreadcrumbList","@id":"https:\/\/www.lourdes-france.com\/de\/pilger-fuer-einen-tag-von-der-wallfahrtsstaette-unserer-lieben-frau-von-lourdes-unterbreitete-aktivitaeten\/#breadcrumb","itemListElement":[{"@type":"ListItem","position":1,"name":"Accueil","item":"https:\/\/www.lourdes-france.com\/de\/"},{"@type":"ListItem","position":2,"name":"Pilger f\u00fcr einen Tag"}]},{"@type":"WebSite","@id":"https:\/\/www.lourdes-france.com\/de\/#website","url":"https:\/\/www.lourdes-france.com\/de\/","name":"Sanctuaire Notre-Dame de Lourdes","description":"","publisher":{"@id":"https:\/\/www.lourdes-france.com\/de\/#organization"},"potentialAction":[{"@type":"SearchAction","target":{"@type":"EntryPoint","urlTemplate":"https:\/\/www.lourdes-france.com\/de\/?s={search_term_string}"},"query-input":{"@type":"PropertyValueSpecification","valueRequired":true,"valueName":"search_term_string"}}],"inLanguage":"de"},{"@type":"Organization","@id":"https:\/\/www.lourdes-france.com\/de\/#organization","name":"Sanctuaire Notre-Dame de Lourdes","url":"https:\/\/www.lourdes-france.com\/de\/","logo":{"@type":"ImageObject","inLanguage":"de","@id":"https:\/\/www.lourdes-france.com\/de\/#\/schema\/logo\/image\/","url":"https:\/\/www.lourdes-france.com\/wp-content\/uploads\/2021\/11\/logo-small.png","contentUrl":"https:\/\/www.lourdes-france.com\/wp-content\/uploads\/2021\/11\/logo-small.png","width":834,"height":521,"caption":"Sanctuaire Notre-Dame de Lourdes"},"image":{"@id":"https:\/\/www.lourdes-france.com\/de\/#\/schema\/logo\/image\/"}},{"@type":"Person","@id":"https:\/\/www.lourdes-france.com\/de\/#\/schema\/person\/cec1bc287296b4aed571d4364999fa69","name":"communication","image":{"@type":"ImageObject","inLanguage":"de","@id":"https:\/\/www.lourdes-france.com\/de\/#\/schema\/person\/image\/","url":"https:\/\/secure.gravatar.com\/avatar\/c941c552c76e46c27f2de2045e73ee4cc48fa8d96f958f26a2362c0c73aaf425?s=96&d=mm&r=g","contentUrl":"https:\/\/secure.gravatar.com\/avatar\/c941c552c76e46c27f2de2045e73ee4cc48fa8d96f958f26a2362c0c73aaf425?s=96&d=mm&r=g","caption":"communication"},"url":"https:\/\/www.lourdes-france.com\/de\/author\/communication\/"}]}},"_links":{"self":[{"href":"https:\/\/www.lourdes-france.com\/de\/wp-json\/wp\/v2\/posts\/803138","targetHints":{"allow":["GET"]}}],"collection":[{"href":"https:\/\/www.lourdes-france.com\/de\/wp-json\/wp\/v2\/posts"}],"about":[{"href":"https:\/\/www.lourdes-france.com\/de\/wp-json\/wp\/v2\/types\/post"}],"author":[{"embeddable":true,"href":"https:\/\/www.lourdes-france.com\/de\/wp-json\/wp\/v2\/users\/9"}],"replies":[{"embeddable":true,"href":"https:\/\/www.lourdes-france.com\/de\/wp-json\/wp\/v2\/comments?post=803138"}],"version-history":[{"count":0,"href":"https:\/\/www.lourdes-france.com\/de\/wp-json\/wp\/v2\/posts\/803138\/revisions"}],"wp:featuredmedia":[{"embeddable":true,"href":"https:\/\/www.lourdes-france.com\/de\/wp-json\/wp\/v2\/media\/802988"}],"wp:attachment":[{"href":"https:\/\/www.lourdes-france.com\/de\/wp-json\/wp\/v2\/media?parent=803138"}],"wp:term":[{"taxonomy":"category","embeddable":true,"href":"https:\/\/www.lourdes-france.com\/de\/wp-json\/wp\/v2\/categories?post=803138"},{"taxonomy":"post_tag","embeddable":true,"href":"https:\/\/www.lourdes-france.com\/de\/wp-json\/wp\/v2\/tags?post=803138"}],"curies":[{"name":"wp","href":"https:\/\/api.w.org\/{rel}","templated":true}]}}