{"id":797237,"date":"2023-02-06T09:00:44","date_gmt":"2023-02-06T08:00:44","guid":{"rendered":"https:\/\/www.lourdes-france.com\/18-fevrier-lourdes-fete-sainte-bernadette\/"},"modified":"2025-02-17T14:11:32","modified_gmt":"2025-02-17T13:11:32","slug":"18-februar-fest-der-heiligen-bernadette-in-lourdes","status":"publish","type":"post","link":"https:\/\/www.lourdes-france.com\/de\/18-februar-fest-der-heiligen-bernadette-in-lourdes\/","title":{"rendered":"<strong>18. Februar &#8211; Fest der Heiligen Bernadette in Lourdes<\/strong>"},"content":{"rendered":"\t\t<div data-elementor-type=\"wp-post\" data-elementor-id=\"797237\" class=\"elementor elementor-797237 elementor-797178\" data-elementor-post-type=\"post\">\n\t\t\t\t\t\t<section class=\"elementor-section elementor-top-section elementor-element elementor-element-65b9f4f5 elementor-section-boxed elementor-section-height-default elementor-section-height-default\" data-id=\"65b9f4f5\" data-element_type=\"section\">\n\t\t\t\t\t\t<div class=\"elementor-container elementor-column-gap-no\">\n\t\t\t\t\t<div class=\"elementor-column elementor-col-100 elementor-top-column elementor-element elementor-element-430f93f0\" data-id=\"430f93f0\" data-element_type=\"column\">\n\t\t\t<div class=\"elementor-widget-wrap elementor-element-populated\">\n\t\t\t\t\t\t<div class=\"elementor-element elementor-element-26a322ae elementor-widget elementor-widget-text-editor\" data-id=\"26a322ae\" data-element_type=\"widget\" data-widget_type=\"text-editor.default\">\n\t\t\t\t<div class=\"elementor-widget-container\">\n\t\t\t\t\t\t\t\t\t<p><strong>Am 18. Februar gedenkt die Wallfahrtsst\u00e4tte feierlich der heilige Bernadette Soubirous, die im Jahr 1844 in Lourdes in einer einfachen, wenig sp\u00e4ter verarmten Familie geboren wurde. Im Alter von 14 Jahren empfing sie die Gnade der 18 Erscheinungen der Jungfrau Maria, die den Ursprung der Wallfahrt nach Lourdes begr\u00fcndet haben. Sie wurde Ordensschwester der N\u00e4chstenliebe in Nevers und starb dort am 16. April 1879 im Alter von 35 Jahren. Die Kirche sprach sie am 8. Dezember 1933 heilig, nicht weil sie durch die Erscheinungen beg\u00fcnstigt worden war, sondern wegen der Art und Weise, wie sie darauf reagierte.<\/strong><\/p>\t\t\t\t\t\t\t\t<\/div>\n\t\t\t\t<\/div>\n\t\t\t\t<div class=\"elementor-element elementor-element-587b5328 elementor-widget elementor-widget-heading\" data-id=\"587b5328\" data-element_type=\"widget\" data-widget_type=\"heading.default\">\n\t\t\t\t<div class=\"elementor-widget-container\">\n\t\t\t\t\t<h3 class=\"elementor-heading-title elementor-size-default\">18. Februar in Lourdes: Die dritte Erscheinung <\/h3>\t\t\t\t<\/div>\n\t\t\t\t<\/div>\n\t\t\t\t<div class=\"elementor-element elementor-element-50097956 elementor-widget elementor-widget-text-editor\" data-id=\"50097956\" data-element_type=\"widget\" data-widget_type=\"text-editor.default\">\n\t\t\t\t<div class=\"elementor-widget-container\">\n\t\t\t\t\t\t\t\t\t<p>Am 18. Februar um 6 Uhr fr\u00fchmorgens brachte Bernadette Schreibzeug mit zur Grotte. Die Dame sprach zum ersten Mal: \u201e<em>Was ich Euch zu sagen habe, ist nicht notwendig, schriftlich festzuhalten, aber wollen Sie mir die Gunst erweisen, f\u00fcr 15 Tage hierher zu kommen.<\/em>\u201c Die Erscheinung f\u00fcgte f\u00fcr Bernadette diese Worte hinzu: \u201e<em>Ich verspreche Ihnen nicht, Sie in dieser Welt gl\u00fccklich zu machen, sondern in der anderen<\/em>.\u201c<\/p>\t\t\t\t\t\t\t\t<\/div>\n\t\t\t\t<\/div>\n\t\t\t\t\t<\/div>\n\t\t<\/div>\n\t\t\t\t\t<\/div>\n\t\t<\/section>\n\t\t\t\t<section class=\"elementor-section elementor-top-section elementor-element elementor-element-65620761 elementor-section-boxed elementor-section-height-default elementor-section-height-default\" data-id=\"65620761\" data-element_type=\"section\">\n\t\t\t\t\t\t<div class=\"elementor-container elementor-column-gap-no\">\n\t\t\t\t\t<div class=\"elementor-column elementor-col-100 elementor-top-column elementor-element elementor-element-2af56688\" data-id=\"2af56688\" data-element_type=\"column\">\n\t\t\t<div class=\"elementor-widget-wrap elementor-element-populated\">\n\t\t\t\t\t\t<div class=\"elementor-element elementor-element-6c3abb04 elementor-widget elementor-widget-heading\" data-id=\"6c3abb04\" data-element_type=\"widget\" data-widget_type=\"heading.default\">\n\t\t\t\t<div class=\"elementor-widget-container\">\n\t\t\t\t\t<h3 class=\"elementor-heading-title elementor-size-default\">PROGRAMM<\/h3>\t\t\t\t<\/div>\n\t\t\t\t<\/div>\n\t\t\t\t<div class=\"elementor-element elementor-element-1fcfe34 elementor-widget elementor-widget-text-editor\" data-id=\"1fcfe34\" data-element_type=\"widget\" data-widget_type=\"text-editor.default\">\n\t\t\t\t<div class=\"elementor-widget-container\">\n\t\t\t\t\t\t\t\t\t<h5><span style=\"color: #000000;\">Ein Tag zu Ehren der kleinen Bernadette aus dem Bigorre. Eine junge Frau, die von den Bewohnern von Lourdes und denen, die nach Lourdes pilgern, geliebt wird:<\/span><\/h5>\t\t\t\t\t\t\t\t<\/div>\n\t\t\t\t<\/div>\n\t\t\t\t\t<\/div>\n\t\t<\/div>\n\t\t\t\t\t<\/div>\n\t\t<\/section>\n\t\t\t\t<section class=\"elementor-section elementor-top-section elementor-element elementor-element-3a6b8b9 elementor-section-boxed elementor-section-height-default elementor-section-height-default\" data-id=\"3a6b8b9\" data-element_type=\"section\">\n\t\t\t\t\t\t<div class=\"elementor-container elementor-column-gap-default\">\n\t\t\t\t\t<div class=\"elementor-column elementor-col-100 elementor-top-column elementor-element elementor-element-34a7b8b\" data-id=\"34a7b8b\" data-element_type=\"column\">\n\t\t\t<div class=\"elementor-widget-wrap elementor-element-populated\">\n\t\t\t\t\t\t<section class=\"elementor-section elementor-inner-section elementor-element elementor-element-bdb3281 elementor-section-boxed elementor-section-height-default elementor-section-height-default\" data-id=\"bdb3281\" data-element_type=\"section\">\n\t\t\t\t\t\t<div class=\"elementor-container elementor-column-gap-default\">\n\t\t\t\t\t<div class=\"elementor-column elementor-col-50 elementor-inner-column elementor-element elementor-element-48d8bd8\" data-id=\"48d8bd8\" data-element_type=\"column\">\n\t\t\t<div class=\"elementor-widget-wrap elementor-element-populated\">\n\t\t\t\t\t\t<div class=\"elementor-element elementor-element-9170cb5 elementor-widget elementor-widget-text-editor\" data-id=\"9170cb5\" data-element_type=\"widget\" data-widget_type=\"text-editor.default\">\n\t\t\t\t<div class=\"elementor-widget-container\">\n\t\t\t\t\t\t\t\t\t<h5><span style=\"text-decoration: underline;\"><strong>9h30<\/strong><\/span>: Lied-Prozession. Aufbruch von der Pfarrkirche zur Wallfahrtsst\u00e4tte (Ankunft f\u00fcr die hl. Messe um 11:15 Uhr geplant)<br \/><span style=\"text-decoration: underline;\"><strong>11h15<\/strong><\/span>: Hl. Messe in der Rosenkranzbasilika, unter dem Vorsitz von Bischof Micas, dem Bischof von Tarbes und Lourdes.<\/h5><h5><span style=\"text-decoration: underline;\"><strong>15h30<\/strong><\/span>: Rosenkranzgebet in Gegenwart der Reliquien der Heiligen Bernadette<br \/><span style=\"text-decoration: underline;\"><strong>16h15<\/strong><\/span>: Lied-Prozession (Pforte St Michel, M\u00fchle-Boly, Maison Paternelle, Pfarrkirche)<br \/><span style=\"text-decoration: underline;\"><strong>17h30<\/strong><\/span>: Feierliche Vesper im Saal St. Peter der Pfarrei in Anwesenheit der Reliquien<br \/><span style=\"text-decoration: underline;\"><strong>18h00<\/strong><\/span>: Film mit Aussprache, in Anwesenheit des Rektors der Wallfahrtsst\u00e4tte.<br \/><span style=\"text-decoration: underline;\"><strong>20h00<\/strong><\/span>: Marianische Lichterprozession mit den Reliquien, organisiert von der Pfarrei Lourdes. (Ausgang von der Pfarrkirche des Herz-Jesu in Lourdes und Ankunft in der Grotte)<\/h5><h5>Sie k\u00f6nnen auch zum Palais de Congr\u00e8s gehen, <span style=\"text-decoration: underline;\">wo eine Ausstellung mit Fotos von Bernadette stattfind<\/span> (aus dem Bestand des Heiligtums und der Sammlung der Schwestern von Nevers).<\/h5>\t\t\t\t\t\t\t\t<\/div>\n\t\t\t\t<\/div>\n\t\t\t\t\t<\/div>\n\t\t<\/div>\n\t\t\t\t<div class=\"elementor-column elementor-col-50 elementor-inner-column elementor-element elementor-element-712456d\" data-id=\"712456d\" data-element_type=\"column\">\n\t\t\t<div class=\"elementor-widget-wrap elementor-element-populated\">\n\t\t\t\t\t\t<div class=\"elementor-element elementor-element-3e6e1ed elementor-widget elementor-widget-image\" data-id=\"3e6e1ed\" data-element_type=\"widget\" data-widget_type=\"image.default\">\n\t\t\t\t<div class=\"elementor-widget-container\">\n\t\t\t\t\t\t\t\t\t\t\t\t\t\t\t<img fetchpriority=\"high\" decoding=\"async\" width=\"561\" height=\"663\" src=\"https:\/\/www.lourdes-france.com\/wp-content\/uploads\/2023\/02\/3apparition.jpg\" class=\"attachment-large size-large wp-image-797191\" alt=\"3apparition\" srcset=\"https:\/\/www.lourdes-france.com\/wp-content\/uploads\/2023\/02\/3apparition.jpg 561w, https:\/\/www.lourdes-france.com\/wp-content\/uploads\/2023\/02\/3apparition-254x300.jpg 254w\" sizes=\"(max-width: 561px) 100vw, 561px\" \/>\t\t\t\t\t\t\t\t\t\t\t\t\t\t\t<\/div>\n\t\t\t\t<\/div>\n\t\t\t\t\t<\/div>\n\t\t<\/div>\n\t\t\t\t\t<\/div>\n\t\t<\/section>\n\t\t\t\t\t<\/div>\n\t\t<\/div>\n\t\t\t\t\t<\/div>\n\t\t<\/section>\n\t\t\t\t<section class=\"elementor-section elementor-top-section elementor-element elementor-element-10740c50 elementor-section-boxed elementor-section-height-default elementor-section-height-default\" data-id=\"10740c50\" data-element_type=\"section\">\n\t\t\t\t\t\t<div class=\"elementor-container elementor-column-gap-no\">\n\t\t\t\t\t<div class=\"elementor-column elementor-col-100 elementor-top-column elementor-element elementor-element-525b8d5f\" data-id=\"525b8d5f\" data-element_type=\"column\">\n\t\t\t<div class=\"elementor-widget-wrap elementor-element-populated\">\n\t\t\t\t\t\t<div class=\"elementor-element elementor-element-5309cf6 elementor-align-center elementor-widget elementor-widget-button\" data-id=\"5309cf6\" data-element_type=\"widget\" data-widget_type=\"button.default\">\n\t\t\t\t<div class=\"elementor-widget-container\">\n\t\t\t\t\t\t\t\t\t<div class=\"elementor-button-wrapper\">\n\t\t\t\t\t<a class=\"elementor-button elementor-button-link elementor-size-sm\" href=\"https:\/\/www.lourdes-infotourisme.com\/agenda\/temps-forts\/fete-sainte-bernadette\/\" target=\"_blank\">\n\t\t\t\t\t\t<span class=\"elementor-button-content-wrapper\">\n\t\t\t\t\t\t\t\t\t<span class=\"elementor-button-text\">Von der Stadt Lourdes vorgesehenes Programm<\/span>\n\t\t\t\t\t<\/span>\n\t\t\t\t\t<\/a>\n\t\t\t\t<\/div>\n\t\t\t\t\t\t\t\t<\/div>\n\t\t\t\t<\/div>\n\t\t\t\t<div class=\"elementor-element elementor-element-76e353ad elementor-widget elementor-widget-heading\" data-id=\"76e353ad\" data-element_type=\"widget\" data-widget_type=\"heading.default\">\n\t\t\t\t<div class=\"elementor-widget-container\">\n\t\t\t\t\t<h3 class=\"elementor-heading-title elementor-size-default\">Der Weg Bernadettes zur Heiligkeit<\/h3>\t\t\t\t<\/div>\n\t\t\t\t<\/div>\n\t\t\t\t<div class=\"elementor-element elementor-element-245e5bb2 elementor-widget elementor-widget-text-editor\" data-id=\"245e5bb2\" data-element_type=\"widget\" data-widget_type=\"text-editor.default\">\n\t\t\t\t<div class=\"elementor-widget-container\">\n\t\t\t\t\t\t\t\t\t<p>Bernadette verlie\u00df Lourdes am 4. Juli 1866 zu Eintritt ins Kloster in Nevers. Diese Entscheidung wurde unter anderem getroffen, um sie und Gemeinde vor dem Ansturm der Neugierigen zu sch\u00fctzen. Als Justine Lagu\u00ebs, die 13-j\u00e4hrige Tochter ihrer Amme in Bartr\u00e8s sie fragt, ob es sie nicht st\u00f6re Lourdes zu verlassen, gibt Bernadette diese einfache Antwort. \u201e<em>Die kurze Zeit, die wir auf der Welt sind, m\u00fcssen wir gut nutzen.<\/em>\u201c Und genau das wird sie tun. Sie wird nicht \u00fcber Lourdes sprechen, sie wird davon leben. \u201e<em>Sie m\u00fcssen die Erste sein, die die Botschaft lebt<\/em>\u201c, hatte ihr Pater Douce, ihr Beichtvater gesagt. Und in der Tat, nachdem sie Krankenpflegerin wurde, tritt auch bei ihr allm\u00e4hlich der Zustand der Krankheit hervor. Sie wird sie zu \u201eihrer Aufgabe\u201c machen, indem sie in einem Akt vollkommener Liebe jedes Kreuz f\u00fcr die S\u00fcnder annimmt.<br \/>Bernadette starb am 16. April 1879 im Alter von 35 Jahren in Nevers. Die Kirche erkl\u00e4rte sie am 8. Dezember 1933 zur Heiligen, nicht weil sie durch die Erscheinungen bevorzugt wurde, sondern wegen der Art und Weise, wie sie darauf reagierte.<\/p>\t\t\t\t\t\t\t\t<\/div>\n\t\t\t\t<\/div>\n\t\t\t\t\t<\/div>\n\t\t<\/div>\n\t\t\t\t\t<\/div>\n\t\t<\/section>\n\t\t\t\t<section class=\"elementor-section elementor-top-section elementor-element elementor-element-539b112 elementor-section-boxed elementor-section-height-default elementor-section-height-default\" data-id=\"539b112\" data-element_type=\"section\">\n\t\t\t\t\t\t<div class=\"elementor-container elementor-column-gap-default\">\n\t\t\t\t\t<div class=\"elementor-column elementor-col-100 elementor-top-column elementor-element elementor-element-996ea61\" data-id=\"996ea61\" data-element_type=\"column\">\n\t\t\t<div class=\"elementor-widget-wrap elementor-element-populated\">\n\t\t\t\t\t\t<div class=\"elementor-element elementor-element-299f56b elementor--h-position-center elementor--v-position-middle elementor-arrows-position-inside elementor-pagination-position-inside elementor-widget elementor-widget-slides\" data-id=\"299f56b\" data-element_type=\"widget\" data-settings=\"{&quot;navigation&quot;:&quot;both&quot;,&quot;autoplay&quot;:&quot;yes&quot;,&quot;pause_on_hover&quot;:&quot;yes&quot;,&quot;pause_on_interaction&quot;:&quot;yes&quot;,&quot;autoplay_speed&quot;:5000,&quot;infinite&quot;:&quot;yes&quot;,&quot;transition&quot;:&quot;slide&quot;,&quot;transition_speed&quot;:500}\" data-widget_type=\"slides.default\">\n\t\t\t\t<div class=\"elementor-widget-container\">\n\t\t\t\t\t\t\t\t\t<div class=\"elementor-swiper\">\n\t\t\t\t\t<div class=\"elementor-slides-wrapper elementor-main-swiper swiper\" role=\"region\" aria-roledescription=\"carousel\" aria-label=\"Slider\" dir=\"ltr\" data-animation=\"fadeInUp\">\n\t\t\t\t<div class=\"swiper-wrapper elementor-slides\">\n\t\t\t\t\t\t\t\t\t\t<div class=\"elementor-repeater-item-aca9e8c swiper-slide\" role=\"group\" aria-roledescription=\"slide\"><div class=\"swiper-slide-bg\" role=\"img\" aria-label=\"Journ\u00e9es de Lourdes 2019\"><\/div><div class=\"swiper-slide-inner\" ><div class=\"swiper-slide-contents\"><\/div><\/div><\/div><div class=\"elementor-repeater-item-deb5afc swiper-slide\" role=\"group\" aria-roledescription=\"slide\"><div class=\"swiper-slide-bg\" role=\"img\" aria-label=\"Nouvelle installation de 2019\"><\/div><div class=\"swiper-slide-inner\" ><div class=\"swiper-slide-contents\"><\/div><\/div><\/div><div class=\"elementor-repeater-item-cc74172 swiper-slide\" role=\"group\" aria-roledescription=\"slide\"><div class=\"swiper-slide-bg\" role=\"img\" aria-label=\"Grotte bobeche\"><\/div><div class=\"swiper-slide-inner\" ><div class=\"swiper-slide-contents\"><\/div><\/div><\/div>\t\t\t\t<\/div>\n\t\t\t\t\t\t\t\t\t\t\t\t\t\t\t<div class=\"elementor-swiper-button elementor-swiper-button-prev\" role=\"button\" tabindex=\"0\" aria-label=\"Vorheriger Slide\">\n\t\t\t\t\t\t\t<i aria-hidden=\"true\" class=\"eicon-chevron-left\"><\/i>\t\t\t\t\t\t<\/div>\n\t\t\t\t\t\t<div class=\"elementor-swiper-button elementor-swiper-button-next\" role=\"button\" tabindex=\"0\" aria-label=\"N\u00e4chster Slide\">\n\t\t\t\t\t\t\t<i aria-hidden=\"true\" class=\"eicon-chevron-right\"><\/i>\t\t\t\t\t\t<\/div>\n\t\t\t\t\t\t\t\t\t\t\t\t\t\t\t\t<div class=\"swiper-pagination\"><\/div>\n\t\t\t\t\t\t\t\t\t\t\t\t<\/div>\n\t\t\t\t<\/div>\n\t\t\t\t\t\t\t\t<\/div>\n\t\t\t\t<\/div>\n\t\t\t\t\t<\/div>\n\t\t<\/div>\n\t\t\t\t\t<\/div>\n\t\t<\/section>\n\t\t\t\t<section class=\"elementor-section elementor-top-section elementor-element elementor-element-2412420 elementor-section-boxed elementor-section-height-default elementor-section-height-default\" data-id=\"2412420\" data-element_type=\"section\">\n\t\t\t\t\t\t<div class=\"elementor-container elementor-column-gap-default\">\n\t\t\t\t\t<div class=\"elementor-column elementor-col-100 elementor-top-column elementor-element elementor-element-8260ee4\" data-id=\"8260ee4\" data-element_type=\"column\">\n\t\t\t<div class=\"elementor-widget-wrap elementor-element-populated\">\n\t\t\t\t\t\t<div class=\"elementor-element elementor-element-f86915e elementor-widget elementor-widget-heading\" data-id=\"f86915e\" data-element_type=\"widget\" data-widget_type=\"heading.default\">\n\t\t\t\t<div class=\"elementor-widget-container\">\n\t\t\t\t\t<h2 class=\"elementor-heading-title elementor-size-default\">Gebet zur Heiligen Bernadette<\/h2>\t\t\t\t<\/div>\n\t\t\t\t<\/div>\n\t\t\t\t\t<\/div>\n\t\t<\/div>\n\t\t\t\t\t<\/div>\n\t\t<\/section>\n\t\t\t\t<section class=\"elementor-section elementor-top-section elementor-element elementor-element-9d17646 elementor-section-boxed elementor-section-height-default elementor-section-height-default\" data-id=\"9d17646\" data-element_type=\"section\">\n\t\t\t\t\t\t<div class=\"elementor-container elementor-column-gap-default\">\n\t\t\t\t\t<div class=\"elementor-column elementor-col-100 elementor-top-column elementor-element elementor-element-eed7262\" data-id=\"eed7262\" data-element_type=\"column\">\n\t\t\t<div class=\"elementor-widget-wrap elementor-element-populated\">\n\t\t\t\t\t\t<section class=\"elementor-section elementor-inner-section elementor-element elementor-element-7b9a08b elementor-section-boxed elementor-section-height-default elementor-section-height-default\" data-id=\"7b9a08b\" data-element_type=\"section\">\n\t\t\t\t\t\t<div class=\"elementor-container elementor-column-gap-default\">\n\t\t\t\t\t<div class=\"elementor-column elementor-col-50 elementor-inner-column elementor-element elementor-element-d684e46\" data-id=\"d684e46\" data-element_type=\"column\">\n\t\t\t<div class=\"elementor-widget-wrap elementor-element-populated\">\n\t\t\t\t\t\t<div class=\"elementor-element elementor-element-85c07d5 elementor-widget elementor-widget-image\" data-id=\"85c07d5\" data-element_type=\"widget\" data-widget_type=\"image.default\">\n\t\t\t\t<div class=\"elementor-widget-container\">\n\t\t\t\t\t\t\t\t\t\t\t\t\t\t\t<img decoding=\"async\" width=\"768\" height=\"1024\" src=\"https:\/\/www.lourdes-france.com\/wp-content\/uploads\/2023\/02\/sainte-Bernadette-768x1024.jpg\" class=\"attachment-large size-large wp-image-797227\" alt=\"\" srcset=\"https:\/\/www.lourdes-france.com\/wp-content\/uploads\/2023\/02\/sainte-Bernadette-768x1024.jpg 768w, https:\/\/www.lourdes-france.com\/wp-content\/uploads\/2023\/02\/sainte-Bernadette-225x300.jpg 225w, https:\/\/www.lourdes-france.com\/wp-content\/uploads\/2023\/02\/sainte-Bernadette-1152x1536.jpg 1152w, https:\/\/www.lourdes-france.com\/wp-content\/uploads\/2023\/02\/sainte-Bernadette-1536x2048.jpg 1536w, https:\/\/www.lourdes-france.com\/wp-content\/uploads\/2023\/02\/sainte-Bernadette.jpg 1750w\" sizes=\"(max-width: 768px) 100vw, 768px\" \/>\t\t\t\t\t\t\t\t\t\t\t\t\t\t\t<\/div>\n\t\t\t\t<\/div>\n\t\t\t\t\t<\/div>\n\t\t<\/div>\n\t\t\t\t<div class=\"elementor-column elementor-col-50 elementor-inner-column elementor-element elementor-element-e58b04c\" data-id=\"e58b04c\" data-element_type=\"column\">\n\t\t\t<div class=\"elementor-widget-wrap elementor-element-populated\">\n\t\t\t\t\t\t<div class=\"elementor-element elementor-element-ae87c6d elementor-widget elementor-widget-text-editor\" data-id=\"ae87c6d\" data-element_type=\"widget\" data-widget_type=\"text-editor.default\">\n\t\t\t\t<div class=\"elementor-widget-container\">\n\t\t\t\t\t\t\t\t\t<h5><span style=\"color: #000000;\">O heilige Bernadette,<\/span><\/h5><h5><span style=\"color: #000000;\">Du einfaches und reines Kind, hast achtzehn Mal <\/span><br \/><span style=\"color: #000000;\">in Lourdes die Sch\u00f6nheit geschaut und <\/span><br \/><span style=\"color: #000000;\">das Vertrauen der Unbefleckten empfangen und <\/span><br \/><span style=\"color: #000000;\">Dich dann im Kloster von Nevers verborgen <\/span><br \/><span style=\"color: #000000;\">um Dich dort als Opfergabe f\u00fcr die S\u00fcnder zu verzehren. <\/span><br \/><span style=\"color: #000000;\">Erbitte f\u00fcr uns diesen Geist der Reinheit, <\/span><br \/><span style=\"color: #000000;\">Einfachheit und Entsagung, <\/span><br \/><span style=\"color: #000000;\">die auch uns zur Anschauung Gottes <\/span><br \/><span style=\"color: #000000;\">und Marias im Himmel geleiten werden. <\/span><br \/><span style=\"color: #000000;\">Amen.<\/span><\/h5><div>\u00a0<\/div><h5><span style=\"color: #000000;\"><em>Unsere Liebe Frau von Lourdes, bitte f\u00fcr uns!<\/em><\/span><\/h5>\t\t\t\t\t\t\t\t<\/div>\n\t\t\t\t<\/div>\n\t\t\t\t\t<\/div>\n\t\t<\/div>\n\t\t\t\t\t<\/div>\n\t\t<\/section>\n\t\t\t\t\t<\/div>\n\t\t<\/div>\n\t\t\t\t\t<\/div>\n\t\t<\/section>\n\t\t\t\t<\/div>\n\t\t","protected":false},"excerpt":{"rendered":"<p>Am 18. Februar gedenkt die Wallfahrtsst\u00e4tte feierlich der heilige Bernadette Soubirous, die im Jahr 1844 in Lourdes in einer einfachen, wenig sp\u00e4ter verarmten Familie geboren wurde. Im Alter von 14 Jahren empfing sie die Gnade der 18 Erscheinungen der Jungfrau &hellip; <a href=\"https:\/\/www.lourdes-france.com\/de\/18-februar-fest-der-heiligen-bernadette-in-lourdes\/\">Weiter<\/a><\/p>\n","protected":false},"author":9,"featured_media":797182,"comment_status":"closed","ping_status":"closed","sticky":false,"template":"","format":"standard","meta":{"_acf_changed":false,"footnotes":""},"categories":[67],"tags":[],"class_list":["post-797237","post","type-post","status-publish","format-standard","has-post-thumbnail","hentry","category-en-ce-moment-de"],"acf":[],"yoast_head":"<!-- This site is optimized with the Yoast SEO Premium plugin v24.0 (Yoast SEO v26.3) - https:\/\/yoast.com\/wordpress\/plugins\/seo\/ -->\n<title>18. Februar - Fest der Heiligen Bernadette in Lourdes - Vivre le p\u00e8lerinage de Lourdes<\/title>\n<meta name=\"description\" content=\"Am 18. Februar gedenkt die Wallfahrtsst\u00e4tte feierlich der heilige Bernadette Soubirous. Im Alter von 14 Jahren empfing sie die Gnade der 18 Erscheinungen der Jungfrau Maria.\" \/>\n<meta name=\"robots\" content=\"index, follow, max-snippet:-1, max-image-preview:large, max-video-preview:-1\" \/>\n<link rel=\"canonical\" href=\"https:\/\/www.lourdes-france.com\/de\/18-februar-fest-der-heiligen-bernadette-in-lourdes\/\" \/>\n<meta property=\"og:locale\" content=\"de_DE\" \/>\n<meta property=\"og:type\" content=\"article\" \/>\n<meta property=\"og:title\" content=\"18. Februar - Fest der Heiligen Bernadette in Lourdes\" \/>\n<meta property=\"og:description\" content=\"Am 18. Februar gedenkt die Wallfahrtsst\u00e4tte feierlich der heilige Bernadette Soubirous. Im Alter von 14 Jahren empfing sie die Gnade der 18 Erscheinungen der Jungfrau Maria.\" \/>\n<meta property=\"og:url\" content=\"https:\/\/www.lourdes-france.com\/de\/18-februar-fest-der-heiligen-bernadette-in-lourdes\/\" \/>\n<meta property=\"og:site_name\" content=\"Vivre le p\u00e8lerinage de Lourdes\" \/>\n<meta property=\"article:published_time\" content=\"2023-02-06T08:00:44+00:00\" \/>\n<meta property=\"article:modified_time\" content=\"2025-02-17T13:11:32+00:00\" \/>\n<meta property=\"og:image\" content=\"https:\/\/www.lourdes-france.com\/wp-content\/uploads\/2023\/02\/bandeau.jpg\" \/>\n\t<meta property=\"og:image:width\" content=\"1920\" \/>\n\t<meta property=\"og:image:height\" content=\"1284\" \/>\n\t<meta property=\"og:image:type\" content=\"image\/jpeg\" \/>\n<meta name=\"author\" content=\"communication\" \/>\n<meta name=\"twitter:card\" content=\"summary_large_image\" \/>\n<meta name=\"twitter:label1\" content=\"Verfasst von\" \/>\n\t<meta name=\"twitter:data1\" content=\"communication\" \/>\n\t<meta name=\"twitter:label2\" content=\"Gesch\u00e4tzte Lesezeit\" \/>\n\t<meta name=\"twitter:data2\" content=\"4\u00a0Minuten\" \/>\n<script type=\"application\/ld+json\" class=\"yoast-schema-graph\">{\"@context\":\"https:\/\/schema.org\",\"@graph\":[{\"@type\":\"Article\",\"@id\":\"https:\/\/www.lourdes-france.com\/de\/18-februar-fest-der-heiligen-bernadette-in-lourdes\/#article\",\"isPartOf\":{\"@id\":\"https:\/\/www.lourdes-france.com\/de\/18-februar-fest-der-heiligen-bernadette-in-lourdes\/\"},\"author\":{\"name\":\"communication\",\"@id\":\"https:\/\/www.lourdes-france.com\/de\/#\/schema\/person\/cec1bc287296b4aed571d4364999fa69\"},\"headline\":\"18. Februar &#8211; Fest der Heiligen Bernadette in Lourdes\",\"datePublished\":\"2023-02-06T08:00:44+00:00\",\"dateModified\":\"2025-02-17T13:11:32+00:00\",\"mainEntityOfPage\":{\"@id\":\"https:\/\/www.lourdes-france.com\/de\/18-februar-fest-der-heiligen-bernadette-in-lourdes\/\"},\"wordCount\":614,\"publisher\":{\"@id\":\"https:\/\/www.lourdes-france.com\/de\/#organization\"},\"image\":{\"@id\":\"https:\/\/www.lourdes-france.com\/de\/18-februar-fest-der-heiligen-bernadette-in-lourdes\/#primaryimage\"},\"thumbnailUrl\":\"https:\/\/www.lourdes-france.com\/wp-content\/uploads\/2023\/02\/bandeau.jpg\",\"articleSection\":[\"En ce moment\"],\"inLanguage\":\"de\"},{\"@type\":\"WebPage\",\"@id\":\"https:\/\/www.lourdes-france.com\/de\/18-februar-fest-der-heiligen-bernadette-in-lourdes\/\",\"url\":\"https:\/\/www.lourdes-france.com\/de\/18-februar-fest-der-heiligen-bernadette-in-lourdes\/\",\"name\":\"18. Februar - Fest der Heiligen Bernadette in Lourdes - Vivre le p\u00e8lerinage de Lourdes\",\"isPartOf\":{\"@id\":\"https:\/\/www.lourdes-france.com\/de\/#website\"},\"primaryImageOfPage\":{\"@id\":\"https:\/\/www.lourdes-france.com\/de\/18-februar-fest-der-heiligen-bernadette-in-lourdes\/#primaryimage\"},\"image\":{\"@id\":\"https:\/\/www.lourdes-france.com\/de\/18-februar-fest-der-heiligen-bernadette-in-lourdes\/#primaryimage\"},\"thumbnailUrl\":\"https:\/\/www.lourdes-france.com\/wp-content\/uploads\/2023\/02\/bandeau.jpg\",\"datePublished\":\"2023-02-06T08:00:44+00:00\",\"dateModified\":\"2025-02-17T13:11:32+00:00\",\"description\":\"Am 18. Februar gedenkt die Wallfahrtsst\u00e4tte feierlich der heilige Bernadette Soubirous. Im Alter von 14 Jahren empfing sie die Gnade der 18 Erscheinungen der Jungfrau Maria.\",\"breadcrumb\":{\"@id\":\"https:\/\/www.lourdes-france.com\/de\/18-februar-fest-der-heiligen-bernadette-in-lourdes\/#breadcrumb\"},\"inLanguage\":\"de\",\"potentialAction\":[{\"@type\":\"ReadAction\",\"target\":[\"https:\/\/www.lourdes-france.com\/de\/18-februar-fest-der-heiligen-bernadette-in-lourdes\/\"]}]},{\"@type\":\"ImageObject\",\"inLanguage\":\"de\",\"@id\":\"https:\/\/www.lourdes-france.com\/de\/18-februar-fest-der-heiligen-bernadette-in-lourdes\/#primaryimage\",\"url\":\"https:\/\/www.lourdes-france.com\/wp-content\/uploads\/2023\/02\/bandeau.jpg\",\"contentUrl\":\"https:\/\/www.lourdes-france.com\/wp-content\/uploads\/2023\/02\/bandeau.jpg\",\"width\":1920,\"height\":1284},{\"@type\":\"BreadcrumbList\",\"@id\":\"https:\/\/www.lourdes-france.com\/de\/18-februar-fest-der-heiligen-bernadette-in-lourdes\/#breadcrumb\",\"itemListElement\":[{\"@type\":\"ListItem\",\"position\":1,\"name\":\"Accueil\",\"item\":\"https:\/\/www.lourdes-france.com\/de\/\"},{\"@type\":\"ListItem\",\"position\":2,\"name\":\"18. Februar &#8211; Fest der Heiligen Bernadette in Lourdes\"}]},{\"@type\":\"WebSite\",\"@id\":\"https:\/\/www.lourdes-france.com\/de\/#website\",\"url\":\"https:\/\/www.lourdes-france.com\/de\/\",\"name\":\"Sanctuaire Notre-Dame de Lourdes\",\"description\":\"\",\"publisher\":{\"@id\":\"https:\/\/www.lourdes-france.com\/de\/#organization\"},\"potentialAction\":[{\"@type\":\"SearchAction\",\"target\":{\"@type\":\"EntryPoint\",\"urlTemplate\":\"https:\/\/www.lourdes-france.com\/de\/?s={search_term_string}\"},\"query-input\":{\"@type\":\"PropertyValueSpecification\",\"valueRequired\":true,\"valueName\":\"search_term_string\"}}],\"inLanguage\":\"de\"},{\"@type\":\"Organization\",\"@id\":\"https:\/\/www.lourdes-france.com\/de\/#organization\",\"name\":\"Sanctuaire Notre-Dame de Lourdes\",\"url\":\"https:\/\/www.lourdes-france.com\/de\/\",\"logo\":{\"@type\":\"ImageObject\",\"inLanguage\":\"de\",\"@id\":\"https:\/\/www.lourdes-france.com\/de\/#\/schema\/logo\/image\/\",\"url\":\"https:\/\/www.lourdes-france.com\/wp-content\/uploads\/2021\/11\/logo-small.png\",\"contentUrl\":\"https:\/\/www.lourdes-france.com\/wp-content\/uploads\/2021\/11\/logo-small.png\",\"width\":834,\"height\":521,\"caption\":\"Sanctuaire Notre-Dame de Lourdes\"},\"image\":{\"@id\":\"https:\/\/www.lourdes-france.com\/de\/#\/schema\/logo\/image\/\"}},{\"@type\":\"Person\",\"@id\":\"https:\/\/www.lourdes-france.com\/de\/#\/schema\/person\/cec1bc287296b4aed571d4364999fa69\",\"name\":\"communication\",\"image\":{\"@type\":\"ImageObject\",\"inLanguage\":\"de\",\"@id\":\"https:\/\/www.lourdes-france.com\/de\/#\/schema\/person\/image\/\",\"url\":\"https:\/\/secure.gravatar.com\/avatar\/c941c552c76e46c27f2de2045e73ee4cc48fa8d96f958f26a2362c0c73aaf425?s=96&d=mm&r=g\",\"contentUrl\":\"https:\/\/secure.gravatar.com\/avatar\/c941c552c76e46c27f2de2045e73ee4cc48fa8d96f958f26a2362c0c73aaf425?s=96&d=mm&r=g\",\"caption\":\"communication\"},\"url\":\"https:\/\/www.lourdes-france.com\/de\/author\/communication\/\"}]}<\/script>\n<!-- \/ Yoast SEO Premium plugin. -->","yoast_head_json":{"title":"18. Februar - Fest der Heiligen Bernadette in Lourdes - Vivre le p\u00e8lerinage de Lourdes","description":"Am 18. Februar gedenkt die Wallfahrtsst\u00e4tte feierlich der heilige Bernadette Soubirous. Im Alter von 14 Jahren empfing sie die Gnade der 18 Erscheinungen der Jungfrau Maria.","robots":{"index":"index","follow":"follow","max-snippet":"max-snippet:-1","max-image-preview":"max-image-preview:large","max-video-preview":"max-video-preview:-1"},"canonical":"https:\/\/www.lourdes-france.com\/de\/18-februar-fest-der-heiligen-bernadette-in-lourdes\/","og_locale":"de_DE","og_type":"article","og_title":"18. Februar - Fest der Heiligen Bernadette in Lourdes","og_description":"Am 18. Februar gedenkt die Wallfahrtsst\u00e4tte feierlich der heilige Bernadette Soubirous. Im Alter von 14 Jahren empfing sie die Gnade der 18 Erscheinungen der Jungfrau Maria.","og_url":"https:\/\/www.lourdes-france.com\/de\/18-februar-fest-der-heiligen-bernadette-in-lourdes\/","og_site_name":"Vivre le p\u00e8lerinage de Lourdes","article_published_time":"2023-02-06T08:00:44+00:00","article_modified_time":"2025-02-17T13:11:32+00:00","og_image":[{"width":1920,"height":1284,"url":"https:\/\/www.lourdes-france.com\/wp-content\/uploads\/2023\/02\/bandeau.jpg","type":"image\/jpeg"}],"author":"communication","twitter_card":"summary_large_image","twitter_misc":{"Verfasst von":"communication","Gesch\u00e4tzte Lesezeit":"4\u00a0Minuten"},"schema":{"@context":"https:\/\/schema.org","@graph":[{"@type":"Article","@id":"https:\/\/www.lourdes-france.com\/de\/18-februar-fest-der-heiligen-bernadette-in-lourdes\/#article","isPartOf":{"@id":"https:\/\/www.lourdes-france.com\/de\/18-februar-fest-der-heiligen-bernadette-in-lourdes\/"},"author":{"name":"communication","@id":"https:\/\/www.lourdes-france.com\/de\/#\/schema\/person\/cec1bc287296b4aed571d4364999fa69"},"headline":"18. Februar &#8211; Fest der Heiligen Bernadette in Lourdes","datePublished":"2023-02-06T08:00:44+00:00","dateModified":"2025-02-17T13:11:32+00:00","mainEntityOfPage":{"@id":"https:\/\/www.lourdes-france.com\/de\/18-februar-fest-der-heiligen-bernadette-in-lourdes\/"},"wordCount":614,"publisher":{"@id":"https:\/\/www.lourdes-france.com\/de\/#organization"},"image":{"@id":"https:\/\/www.lourdes-france.com\/de\/18-februar-fest-der-heiligen-bernadette-in-lourdes\/#primaryimage"},"thumbnailUrl":"https:\/\/www.lourdes-france.com\/wp-content\/uploads\/2023\/02\/bandeau.jpg","articleSection":["En ce moment"],"inLanguage":"de"},{"@type":"WebPage","@id":"https:\/\/www.lourdes-france.com\/de\/18-februar-fest-der-heiligen-bernadette-in-lourdes\/","url":"https:\/\/www.lourdes-france.com\/de\/18-februar-fest-der-heiligen-bernadette-in-lourdes\/","name":"18. Februar - Fest der Heiligen Bernadette in Lourdes - Vivre le p\u00e8lerinage de Lourdes","isPartOf":{"@id":"https:\/\/www.lourdes-france.com\/de\/#website"},"primaryImageOfPage":{"@id":"https:\/\/www.lourdes-france.com\/de\/18-februar-fest-der-heiligen-bernadette-in-lourdes\/#primaryimage"},"image":{"@id":"https:\/\/www.lourdes-france.com\/de\/18-februar-fest-der-heiligen-bernadette-in-lourdes\/#primaryimage"},"thumbnailUrl":"https:\/\/www.lourdes-france.com\/wp-content\/uploads\/2023\/02\/bandeau.jpg","datePublished":"2023-02-06T08:00:44+00:00","dateModified":"2025-02-17T13:11:32+00:00","description":"Am 18. Februar gedenkt die Wallfahrtsst\u00e4tte feierlich der heilige Bernadette Soubirous. Im Alter von 14 Jahren empfing sie die Gnade der 18 Erscheinungen der Jungfrau Maria.","breadcrumb":{"@id":"https:\/\/www.lourdes-france.com\/de\/18-februar-fest-der-heiligen-bernadette-in-lourdes\/#breadcrumb"},"inLanguage":"de","potentialAction":[{"@type":"ReadAction","target":["https:\/\/www.lourdes-france.com\/de\/18-februar-fest-der-heiligen-bernadette-in-lourdes\/"]}]},{"@type":"ImageObject","inLanguage":"de","@id":"https:\/\/www.lourdes-france.com\/de\/18-februar-fest-der-heiligen-bernadette-in-lourdes\/#primaryimage","url":"https:\/\/www.lourdes-france.com\/wp-content\/uploads\/2023\/02\/bandeau.jpg","contentUrl":"https:\/\/www.lourdes-france.com\/wp-content\/uploads\/2023\/02\/bandeau.jpg","width":1920,"height":1284},{"@type":"BreadcrumbList","@id":"https:\/\/www.lourdes-france.com\/de\/18-februar-fest-der-heiligen-bernadette-in-lourdes\/#breadcrumb","itemListElement":[{"@type":"ListItem","position":1,"name":"Accueil","item":"https:\/\/www.lourdes-france.com\/de\/"},{"@type":"ListItem","position":2,"name":"18. Februar &#8211; Fest der Heiligen Bernadette in Lourdes"}]},{"@type":"WebSite","@id":"https:\/\/www.lourdes-france.com\/de\/#website","url":"https:\/\/www.lourdes-france.com\/de\/","name":"Sanctuaire Notre-Dame de Lourdes","description":"","publisher":{"@id":"https:\/\/www.lourdes-france.com\/de\/#organization"},"potentialAction":[{"@type":"SearchAction","target":{"@type":"EntryPoint","urlTemplate":"https:\/\/www.lourdes-france.com\/de\/?s={search_term_string}"},"query-input":{"@type":"PropertyValueSpecification","valueRequired":true,"valueName":"search_term_string"}}],"inLanguage":"de"},{"@type":"Organization","@id":"https:\/\/www.lourdes-france.com\/de\/#organization","name":"Sanctuaire Notre-Dame de Lourdes","url":"https:\/\/www.lourdes-france.com\/de\/","logo":{"@type":"ImageObject","inLanguage":"de","@id":"https:\/\/www.lourdes-france.com\/de\/#\/schema\/logo\/image\/","url":"https:\/\/www.lourdes-france.com\/wp-content\/uploads\/2021\/11\/logo-small.png","contentUrl":"https:\/\/www.lourdes-france.com\/wp-content\/uploads\/2021\/11\/logo-small.png","width":834,"height":521,"caption":"Sanctuaire Notre-Dame de Lourdes"},"image":{"@id":"https:\/\/www.lourdes-france.com\/de\/#\/schema\/logo\/image\/"}},{"@type":"Person","@id":"https:\/\/www.lourdes-france.com\/de\/#\/schema\/person\/cec1bc287296b4aed571d4364999fa69","name":"communication","image":{"@type":"ImageObject","inLanguage":"de","@id":"https:\/\/www.lourdes-france.com\/de\/#\/schema\/person\/image\/","url":"https:\/\/secure.gravatar.com\/avatar\/c941c552c76e46c27f2de2045e73ee4cc48fa8d96f958f26a2362c0c73aaf425?s=96&d=mm&r=g","contentUrl":"https:\/\/secure.gravatar.com\/avatar\/c941c552c76e46c27f2de2045e73ee4cc48fa8d96f958f26a2362c0c73aaf425?s=96&d=mm&r=g","caption":"communication"},"url":"https:\/\/www.lourdes-france.com\/de\/author\/communication\/"}]}},"_links":{"self":[{"href":"https:\/\/www.lourdes-france.com\/de\/wp-json\/wp\/v2\/posts\/797237","targetHints":{"allow":["GET"]}}],"collection":[{"href":"https:\/\/www.lourdes-france.com\/de\/wp-json\/wp\/v2\/posts"}],"about":[{"href":"https:\/\/www.lourdes-france.com\/de\/wp-json\/wp\/v2\/types\/post"}],"author":[{"embeddable":true,"href":"https:\/\/www.lourdes-france.com\/de\/wp-json\/wp\/v2\/users\/9"}],"replies":[{"embeddable":true,"href":"https:\/\/www.lourdes-france.com\/de\/wp-json\/wp\/v2\/comments?post=797237"}],"version-history":[{"count":0,"href":"https:\/\/www.lourdes-france.com\/de\/wp-json\/wp\/v2\/posts\/797237\/revisions"}],"wp:featuredmedia":[{"embeddable":true,"href":"https:\/\/www.lourdes-france.com\/de\/wp-json\/wp\/v2\/media\/797182"}],"wp:attachment":[{"href":"https:\/\/www.lourdes-france.com\/de\/wp-json\/wp\/v2\/media?parent=797237"}],"wp:term":[{"taxonomy":"category","embeddable":true,"href":"https:\/\/www.lourdes-france.com\/de\/wp-json\/wp\/v2\/categories?post=797237"},{"taxonomy":"post_tag","embeddable":true,"href":"https:\/\/www.lourdes-france.com\/de\/wp-json\/wp\/v2\/tags?post=797237"}],"curies":[{"name":"wp","href":"https:\/\/api.w.org\/{rel}","templated":true}]}}